{"id":25613,"date":"2022-03-15T10:54:06","date_gmt":"2022-03-15T13:54:06","guid":{"rendered":"https:\/\/morenoprimero.com.ar\/?p=25613"},"modified":"2022-03-15T10:54:07","modified_gmt":"2022-03-15T13:54:07","slug":"comenzo-el-programa-moreno-en-movimiento","status":"publish","type":"post","link":"https:\/\/morenoprimero.com.ar\/archivo\/comenzo-el-programa-moreno-en-movimiento\/","title":{"rendered":"Comenz\u00f3 el Programa Moreno en Movimiento"},"content":{"rendered":"\n<p>El Municipio de Moreno, a trav\u00e9s de la Subsecretar\u00eda de Deportes y Recreaci\u00f3n, dio inicio al programa que despliega actividades deportivas en todas las localidades morenenses, con una amplia variedad de disciplinas, de forma totalmente gratuita.<\/p>\n\n\n\n<p>Desde el comienzo de la gesti\u00f3n de Mariel Fern\u00e1ndez, el deporte es entendido como un derecho que hay que garantizar. Durante la pandemia, en la etapa de mayor aislamiento, no s\u00f3lo continuaron las actividades deportivas de forma virtual, sino tambi\u00e9n, se llevaron a cabo obras muy importantes. Ejemplo de ello es la construcci\u00f3n de un tinglado en Polideportivo de Paso del Rey, y la puesta en valor de los polideportivos existentes en cada localidad. &nbsp;<\/p>\n\n\n\n<p>Con la progresiva apertura de actividades, el deporte no qued\u00f3 por fuera. Vecinos y vecinas de Moreno pudieron aprovechar la amplia oferta deportiva que el Municipio ofrec\u00eda, mientras crec\u00edan y se multiplicaban los playones deportivos en todas las localidades.&nbsp;<\/p>\n\n\n\n<p>Este a\u00f1o 2022, ya lejos de los aislamientos y las restricciones, el deporte se despliega y florece en todo el Municipio. En este contexto, hoy lunes 14 de marzo, comenzaron las actividades del Programa Moreno en Movimiento, dependiente de la Subsecretar\u00eda de Recreaci\u00f3n y Deportes.&nbsp;<\/p>\n\n\n\n<p>El Programa contiene dos grillas que corresponden a las propuestas de los polideportivos, y las propuestas al aire libre.&nbsp;<\/p>\n\n\n\n<p>En el Polideportivo <strong>San Carlos<\/strong> (Echeverr\u00eda 7549), se podr\u00e1 realizar Xbox + Abdominales, Localizada, Zumba y Circuito Funcional. En Polideportivo<strong> Catonas <\/strong>(Jos\u00e9 Ingenieros 3250), habr\u00e1 Circuito Funcional, X55, Zumba, Fitness, fitness de combate + Step, Localizada+Elongaci\u00f3n+Abdonminales. El Polideportivo de<strong> Paso del Rey <\/strong>(S\u00e1enz Pe\u00f1a 1548)<strong>&nbsp;<\/strong>contar\u00e1 con Localizada, Zumba, Circuito Funcional, Abdominales\/Elongaci\u00f3n, Fitness, Step, y GAP.&nbsp;<\/p>\n\n\n\n<p>Por su parte, las propuestas al aire libre tambi\u00e9n est\u00e1n desplegadas a lo largo y ancho del territorio morenense. En la <strong>Plaza Buj\u00e1n<\/strong> se podr\u00e1 realizar Running y Circuito Funcional. En el<strong> Boulevard Presidente Per\u00f3n<\/strong> habr\u00e1 Running\/ Funcional. En el<strong> play\u00f3n de Francisco \u00c1lvarez<\/strong>, en el <strong>Boulevard Evita<\/strong>, en la <strong>Plaza Barrio Villa Anita<\/strong>, en <strong>Plaza Bicentenario<\/strong> y en el <strong>Play\u00f3n de la Escuela 21<\/strong>, se podr\u00e1 realizar Circuito Funcional.&nbsp;<\/p>\n\n\n\n<figure class=\"wp-block-gallery columns-2 is-cropped wp-block-gallery-1 is-layout-flex wp-block-gallery-is-layout-flex\"><ul class=\"blocks-gallery-grid\"><li class=\"blocks-gallery-item\"><figure><a href=\"https:\/\/morenoprimero.com.ar\/wp-content\/uploads\/2022\/03\/Moreno-en-Movimiento-al-aire-libre.jpg\"><img loading=\"lazy\" decoding=\"async\" width=\"1024\" height=\"1024\" src=\"https:\/\/morenoprimero.com.ar\/wp-content\/uploads\/2022\/03\/Moreno-en-Movimiento-al-aire-libre-1024x1024.jpg\" alt=\"\" data-id=\"25615\" data-full-url=\"https:\/\/morenoprimero.com.ar\/wp-content\/uploads\/2022\/03\/Moreno-en-Movimiento-al-aire-libre.jpg\" data-link=\"https:\/\/morenoprimero.com.ar\/?attachment_id=25615\" class=\"wp-image-25615\" srcset=\"https:\/\/morenoprimero.com.ar\/archivo\/wp-content\/uploads\/2022\/03\/Moreno-en-Movimiento-al-aire-libre-1024x1024.jpg 1024w, https:\/\/morenoprimero.com.ar\/archivo\/wp-content\/uploads\/2022\/03\/Moreno-en-Movimiento-al-aire-libre-300x300.jpg 300w, https:\/\/morenoprimero.com.ar\/archivo\/wp-content\/uploads\/2022\/03\/Moreno-en-Movimiento-al-aire-libre-150x150.jpg 150w, https:\/\/morenoprimero.com.ar\/archivo\/wp-content\/uploads\/2022\/03\/Moreno-en-Movimiento-al-aire-libre-768x768.jpg 768w, https:\/\/morenoprimero.com.ar\/archivo\/wp-content\/uploads\/2022\/03\/Moreno-en-Movimiento-al-aire-libre.jpg 1080w\" sizes=\"auto, (max-width: 1024px) 100vw, 1024px\" \/><\/a><\/figure><\/li><li class=\"blocks-gallery-item\"><figure><a href=\"https:\/\/morenoprimero.com.ar\/wp-content\/uploads\/2022\/03\/Moreno-en-Movimiento-en-los-Polideportivos.jpg\"><img loading=\"lazy\" decoding=\"async\" width=\"1024\" height=\"1024\" src=\"https:\/\/morenoprimero.com.ar\/wp-content\/uploads\/2022\/03\/Moreno-en-Movimiento-en-los-Polideportivos-1024x1024.jpg\" alt=\"\" data-id=\"25616\" data-full-url=\"https:\/\/morenoprimero.com.ar\/wp-content\/uploads\/2022\/03\/Moreno-en-Movimiento-en-los-Polideportivos.jpg\" data-link=\"https:\/\/morenoprimero.com.ar\/?attachment_id=25616\" class=\"wp-image-25616\" srcset=\"https:\/\/morenoprimero.com.ar\/archivo\/wp-content\/uploads\/2022\/03\/Moreno-en-Movimiento-en-los-Polideportivos-1024x1024.jpg 1024w, https:\/\/morenoprimero.com.ar\/archivo\/wp-content\/uploads\/2022\/03\/Moreno-en-Movimiento-en-los-Polideportivos-300x300.jpg 300w, https:\/\/morenoprimero.com.ar\/archivo\/wp-content\/uploads\/2022\/03\/Moreno-en-Movimiento-en-los-Polideportivos-150x150.jpg 150w, https:\/\/morenoprimero.com.ar\/archivo\/wp-content\/uploads\/2022\/03\/Moreno-en-Movimiento-en-los-Polideportivos-768x768.jpg 768w, https:\/\/morenoprimero.com.ar\/archivo\/wp-content\/uploads\/2022\/03\/Moreno-en-Movimiento-en-los-Polideportivos.jpg 1080w\" sizes=\"auto, (max-width: 1024px) 100vw, 1024px\" \/><\/a><\/figure><\/li><\/ul><\/figure>\n","protected":false},"excerpt":{"rendered":"<p>El Municipio de Moreno, a trav\u00e9s de la Subsecretar\u00eda de Deportes y Recreaci\u00f3n, dio inicio al programa que despliega actividades deportivas en todas las localidades morenenses, con una amplia variedad de disciplinas, de forma totalmente gratuita. Desde el comienzo de &hellip; <a href=\"https:\/\/morenoprimero.com.ar\/archivo\/comenzo-el-programa-moreno-en-movimiento\/\">Sigue leyendo <span class=\"meta-nav\">&rarr;<\/span><\/a><\/p>\n","protected":false},"author":6,"featured_media":5229,"comment_status":"closed","ping_status":"closed","sticky":false,"template":"","format":"standard","meta":{"footnotes":""},"categories":[673],"tags":[6],"class_list":["post-25613","post","type-post","status-publish","format-standard","has-post-thumbnail","hentry","category-deporte","tag-moreno"],"_links":{"self":[{"href":"https:\/\/morenoprimero.com.ar\/archivo\/wp-json\/wp\/v2\/posts\/25613","targetHints":{"allow":["GET"]}}],"collection":[{"href":"https:\/\/morenoprimero.com.ar\/archivo\/wp-json\/wp\/v2\/posts"}],"about":[{"href":"https:\/\/morenoprimero.com.ar\/archivo\/wp-json\/wp\/v2\/types\/post"}],"author":[{"embeddable":true,"href":"https:\/\/morenoprimero.com.ar\/archivo\/wp-json\/wp\/v2\/users\/6"}],"replies":[{"embeddable":true,"href":"https:\/\/morenoprimero.com.ar\/archivo\/wp-json\/wp\/v2\/comments?post=25613"}],"version-history":[{"count":3,"href":"https:\/\/morenoprimero.com.ar\/archivo\/wp-json\/wp\/v2\/posts\/25613\/revisions"}],"predecessor-version":[{"id":25690,"href":"https:\/\/morenoprimero.com.ar\/archivo\/wp-json\/wp\/v2\/posts\/25613\/revisions\/25690"}],"wp:featuredmedia":[{"embeddable":true,"href":"https:\/\/morenoprimero.com.ar\/archivo\/wp-json\/wp\/v2\/media\/5229"}],"wp:attachment":[{"href":"https:\/\/morenoprimero.com.ar\/archivo\/wp-json\/wp\/v2\/media?parent=25613"}],"wp:term":[{"taxonomy":"category","embeddable":true,"href":"https:\/\/morenoprimero.com.ar\/archivo\/wp-json\/wp\/v2\/categories?post=25613"},{"taxonomy":"post_tag","embeddable":true,"href":"https:\/\/morenoprimero.com.ar\/archivo\/wp-json\/wp\/v2\/tags?post=25613"}],"curies":[{"name":"wp","href":"https:\/\/api.w.org\/{rel}","templated":true}]}}