{"id":25537,"date":"2022-03-15T19:21:44","date_gmt":"2022-03-15T22:21:44","guid":{"rendered":"https:\/\/morenoprimero.com.ar\/?p=25537"},"modified":"2022-03-15T20:51:36","modified_gmt":"2022-03-15T23:51:36","slug":"moreno-la-etapa-de-consolidacion-del-proyecto-politico-de-mariel-fernandez","status":"publish","type":"post","link":"https:\/\/morenoprimero.com.ar\/archivo\/moreno-la-etapa-de-consolidacion-del-proyecto-politico-de-mariel-fernandez\/","title":{"rendered":"Moreno: La etapa de consolidaci\u00f3n del proyecto pol\u00edtico de Mariel Fern\u00e1ndez"},"content":{"rendered":"\n<h5 class=\"wp-block-heading\">En di\u00e1logo con Moreno Primero, el concejal por el Frente de Todos, Emmanuel Fern\u00e1ndez, reflexiona acerca de la gesti\u00f3n municipal. El Honorable Concejo Deliberante acompa\u00f1a la continuaci\u00f3n del proyecto pol\u00edtico de la intendenta de Moreno.<\/h5>\n\n\n\n<p>El pasado viernes 4 de marzo, la intendenta <strong>Mariel Fern\u00e1ndez<\/strong> encabez\u00f3 la apertura de sesiones ordinarias del Honorable concejo Deliberante (HCD).&nbsp;En su discurso dado en el <strong>Club Los Indios, ante una multitud de militantes y el cuerpo&nbsp;de concejales y concejalas,<\/strong> realiz\u00f3 un repaso de lo hecho en el a\u00f1o 2021, repas\u00f3 las acciones llevadas a cabo desde cada secretar\u00eda y anunci\u00f3 importantes proyectos a concretarse este a\u00f1o.&nbsp;<\/p>\n\n\n\n<p>La <strong>proyecci\u00f3n 2022<\/strong> estuvo cargada de propuestas ambiciosas: ampliaci\u00f3n de hospitales, mejoramiento del h\u00e1bitat y propuestas urban\u00edsticas en barrios humildes (con asfalto, arbolado urbano, mobiliario e iluminaci\u00f3n), construcci\u00f3n de un Polideportivo de 8 hect\u00e1reas en Cuartel V, la llegada de uno de los 12 Parques Argentinos nacionales a Trujui, y la creaci\u00f3n de dos nuevas instituciones educativas, la Escuela Polit\u00e9cnica Industrial y una Escuela Modular de Formaci\u00f3n en Oficios orientada a las necesidades de los parques industriales de Moreno. &nbsp;&nbsp;<\/p>\n\n\n\n<p><strong>Consolidaci\u00f3n de un proyecto pol\u00edtico<\/strong>&nbsp;<\/p>\n\n\n\n<p>Desde Moreno Primero dialogamos con el concejal por el Frente de Todos, <strong>Emmanuel Fern\u00e1ndez<\/strong>, quien destac\u00f3 en, primer lugar, la claridad del discurso de la intendenta:<strong> \u201cLa claridad en su discurso es producto de las acciones de gobierno y su capacidad de gesti\u00f3n a lo largo de dos a\u00f1os. Mariel siempre es clara, hay que destacar eso de su discurso, la claridad.\u201d<\/strong> &nbsp;<\/p>\n\n\n\n<p><\/p>\n\n\n\n<figure class=\"wp-block-gallery columns-2 is-cropped wp-block-gallery-1 is-layout-flex wp-block-gallery-is-layout-flex\"><ul class=\"blocks-gallery-grid\"><li class=\"blocks-gallery-item\"><figure><a href=\"https:\/\/morenoprimero.com.ar\/wp-content\/uploads\/2022\/03\/Emmanuel-Fernandez-Morenoo.jpg\"><img loading=\"lazy\" decoding=\"async\" width=\"568\" height=\"568\" src=\"https:\/\/morenoprimero.com.ar\/wp-content\/uploads\/2022\/03\/Emmanuel-Fernandez-Morenoo.jpg\" alt=\"\" data-id=\"25544\" data-full-url=\"https:\/\/morenoprimero.com.ar\/wp-content\/uploads\/2022\/03\/Emmanuel-Fernandez-Morenoo.jpg\" data-link=\"https:\/\/morenoprimero.com.ar\/?attachment_id=25544\" class=\"wp-image-25544\" srcset=\"https:\/\/morenoprimero.com.ar\/archivo\/wp-content\/uploads\/2022\/03\/Emmanuel-Fernandez-Morenoo.jpg 568w, https:\/\/morenoprimero.com.ar\/archivo\/wp-content\/uploads\/2022\/03\/Emmanuel-Fernandez-Morenoo-300x300.jpg 300w, https:\/\/morenoprimero.com.ar\/archivo\/wp-content\/uploads\/2022\/03\/Emmanuel-Fernandez-Morenoo-150x150.jpg 150w\" sizes=\"auto, (max-width: 568px) 100vw, 568px\" \/><\/a><\/figure><\/li><li class=\"blocks-gallery-item\"><figure><a href=\"https:\/\/morenoprimero.com.ar\/wp-content\/uploads\/2022\/03\/Emmanuel-Fernandez-Moreno-1.jpg\"><img loading=\"lazy\" decoding=\"async\" width=\"1049\" height=\"825\" src=\"https:\/\/morenoprimero.com.ar\/wp-content\/uploads\/2022\/03\/Emmanuel-Fernandez-Moreno-1.jpg\" alt=\"\" data-id=\"25549\" data-full-url=\"https:\/\/morenoprimero.com.ar\/wp-content\/uploads\/2022\/03\/Emmanuel-Fernandez-Moreno-1.jpg\" data-link=\"https:\/\/morenoprimero.com.ar\/?attachment_id=25549\" class=\"wp-image-25549\" srcset=\"https:\/\/morenoprimero.com.ar\/archivo\/wp-content\/uploads\/2022\/03\/Emmanuel-Fernandez-Moreno-1.jpg 1049w, https:\/\/morenoprimero.com.ar\/archivo\/wp-content\/uploads\/2022\/03\/Emmanuel-Fernandez-Moreno-1-300x236.jpg 300w, https:\/\/morenoprimero.com.ar\/archivo\/wp-content\/uploads\/2022\/03\/Emmanuel-Fernandez-Moreno-1-1024x805.jpg 1024w, https:\/\/morenoprimero.com.ar\/archivo\/wp-content\/uploads\/2022\/03\/Emmanuel-Fernandez-Moreno-1-768x604.jpg 768w\" sizes=\"auto, (max-width: 1049px) 100vw, 1049px\" \/><\/a><\/figure><\/li><\/ul><\/figure>\n\n\n\n<p>Luego, se\u00f1al\u00f3 las expectativas del cuerpo de concejales y concejalas para el reci\u00e9n iniciado per\u00edodo legislativo 2022. Las mismas tienen que ver con que <strong>\u201cveo a nuestro proyecto en dos etapas\u201d,<\/strong> y las detall\u00f3: <strong>\u201cLa primera de reordenamiento del estado municipal, y la segunda etapa, m\u00e1s de proyecci\u00f3n pol\u00edtica para modificar las viejas formas\u201d.\u00a0<\/strong><\/p>\n\n\n\n<p>Con esta perspectiva, y a partir de estas premisas es que, seis d\u00edas despu\u00e9s de la sesi\u00f3n inaugural, el pasado jueves 10 de marzo, concejales y concejalas se reunieron en el HCD para llevar a cabo la 2\u00ba Sesi\u00f3n ordinaria del per\u00edodo legislativo 2022.&nbsp;<\/p>\n\n\n\n<p><strong>Potenciar el turismo, proteger la tierra, y generar consensos<\/strong>&nbsp;<\/p>\n\n\n\n<p>Fueron cinco los expedientes aprobados. La creaci\u00f3n de una Comisi\u00f3n Especial de Juventudes en el HCD, la declaraci\u00f3n del a\u00f1o 2022 como homenaje del pueblo Argentino a los ca\u00eddos ene l conflicto Islas Malvinas, Georgias del Sur, S\u00e1ndwich del Sur y los espacios Mar\u00edtimos e Insulares, la Declaraci\u00f3n de Inter\u00e9s Municipal a las actividades que se realicen en el marco de concientizaci\u00f3n sobre el Autismo en el distrito de Moreno, la declaraci\u00f3n de inter\u00e9s Municipal y Cultural el documental<strong> \u201cMalvinas, Los soldados de la Patria solo conocen la gloria\u201d,<\/strong> y la <strong>adecuaci\u00f3n del C\u00f3digo de Zonificaci\u00f3n de la Municipalidad de Moreno.&nbsp;<\/strong>&nbsp;<\/p>\n\n\n\n<p>Este \u00faltimo expediente atraves\u00f3 el mayor tiempo de debate ya que tiene que ver con el dise\u00f1o de una mirada estrat\u00e9gica para la zona del distrito que respecta al Dique Roggero y al Parque Los Robles.&nbsp;<\/p>\n\n\n\n<p>Esa mirada tiene que ver con la clasificaci\u00f3n y desarrollo como zona tur\u00edstica del \u00e1rea comprendida, un proyecto enviado por el ejecutivo al HCD. Se trata de avanzar en el desarrollo tur\u00edstico impulsado por la gesti\u00f3n municipal y que pretende devolverle al espacio comprendido, las caracter\u00edsticas que tuvo en 1989, cuando una sanci\u00f3n la convert\u00eda en zona tur\u00edstica.&nbsp;<\/p>\n\n\n\n<p>Al respecto, el concejal Fern\u00e1ndez tom\u00f3 la palabra y expres\u00f3 claramente los lineamentos m\u00e1s importantes, no s\u00f3lo del proyecto \u2013 que respectan al uso estrat\u00e9gico de la tierra morenense- sino de las formas democr\u00e1ticas y de consenso que proyectan en el HCD para este a\u00f1o.&nbsp;<\/p>\n\n\n\n<p>\u201c<strong>Es muy importante que podamos debatir el uso estrat\u00e9gico de la tierra en nuestro distrito, una discusi\u00f3n que se la debe moreno desde hace muchos a\u00f1os. Entendiendo que la pol\u00edtica de moreno ha pensado muchas veces la tierra en funci\u00f3n de intereses econ\u00f3micos, a veces espurios\u00bb,<\/strong> se\u00f1al\u00f3 el concejal en primer t\u00e9rmino.&nbsp;<\/p>\n\n\n\n<p>Luego, continu\u00f3 diciendo: <strong>\u201cpoder debatir hoy sobre este recurso natural es interesante, y tambi\u00e9n lo es el haberlo hecho con concejales de la oposici\u00f3n, poder poner el debate de la tierra en el centro de la escena, creo que da un ejemplo hacia afuera, hacia nuestra sociedad, de que nos podemos sentar m\u00e1s all\u00e1 de ser de espacios pol\u00edticos diferentes a intercambiar ideas y pensar en este tipo de proyectos que tienen que ver con poner en valor un recurso natural y estrat\u00e9gico que tiene nuestro distrito que es toda la tierra aleda\u00f1a al dique Roggero\u201d.&nbsp;<\/strong><\/p>\n\n\n\n<p>Y, finaliz\u00f3 expresando:&nbsp;\u201cAgradezco a la oposici\u00f3n que nos podamos sentar a discutir francamente sobre esta situaci\u00f3n y espero que este proyecto pueda salir, que podamos hacer este cambio de c\u00f3digo de zonificaci\u00f3n donde <strong>va a prevalecer el cuidado de la tierra y el recurso natural en funci\u00f3n de lo que nuestro distrito necesita. Porque es verdad tambi\u00e9n que Moreno necesita inversiones, y necesita tambi\u00e9n una planificaci\u00f3n estrat\u00e9gica del Estado, que es lo que estamos planificando con esta ordenanza.\u201d<\/strong>&nbsp;<\/p>\n\n\n\n<p>Finalmente, el proyecto fue aprobado por 14 votos positivos, 4 negativos y 4 abstenciones.&nbsp;<\/p>\n","protected":false},"excerpt":{"rendered":"<p>En di\u00e1logo con Moreno Primero, el concejal por el Frente de Todos, Emmanuel Fern\u00e1ndez, reflexiona acerca de la gesti\u00f3n municipal. El Honorable Concejo Deliberante acompa\u00f1a la continuaci\u00f3n del proyecto pol\u00edtico de la intendenta de Moreno. El pasado viernes 4 de &hellip; <a href=\"https:\/\/morenoprimero.com.ar\/archivo\/moreno-la-etapa-de-consolidacion-del-proyecto-politico-de-mariel-fernandez\/\">Sigue leyendo <span class=\"meta-nav\">&rarr;<\/span><\/a><\/p>\n","protected":false},"author":6,"featured_media":25695,"comment_status":"closed","ping_status":"closed","sticky":false,"template":"","format":"standard","meta":{"footnotes":""},"categories":[2,2328,4,27],"tags":[1192,120,276],"class_list":["post-25537","post","type-post","status-publish","format-standard","has-post-thumbnail","hentry","category-destacadas","category-local","category-notas","category-politica","tag-emmanuel-fernandez","tag-hcd-moreno","tag-mariel-fernandez"],"_links":{"self":[{"href":"https:\/\/morenoprimero.com.ar\/archivo\/wp-json\/wp\/v2\/posts\/25537","targetHints":{"allow":["GET"]}}],"collection":[{"href":"https:\/\/morenoprimero.com.ar\/archivo\/wp-json\/wp\/v2\/posts"}],"about":[{"href":"https:\/\/morenoprimero.com.ar\/archivo\/wp-json\/wp\/v2\/types\/post"}],"author":[{"embeddable":true,"href":"https:\/\/morenoprimero.com.ar\/archivo\/wp-json\/wp\/v2\/users\/6"}],"replies":[{"embeddable":true,"href":"https:\/\/morenoprimero.com.ar\/archivo\/wp-json\/wp\/v2\/comments?post=25537"}],"version-history":[{"count":8,"href":"https:\/\/morenoprimero.com.ar\/archivo\/wp-json\/wp\/v2\/posts\/25537\/revisions"}],"predecessor-version":[{"id":25720,"href":"https:\/\/morenoprimero.com.ar\/archivo\/wp-json\/wp\/v2\/posts\/25537\/revisions\/25720"}],"wp:featuredmedia":[{"embeddable":true,"href":"https:\/\/morenoprimero.com.ar\/archivo\/wp-json\/wp\/v2\/media\/25695"}],"wp:attachment":[{"href":"https:\/\/morenoprimero.com.ar\/archivo\/wp-json\/wp\/v2\/media?parent=25537"}],"wp:term":[{"taxonomy":"category","embeddable":true,"href":"https:\/\/morenoprimero.com.ar\/archivo\/wp-json\/wp\/v2\/categories?post=25537"},{"taxonomy":"post_tag","embeddable":true,"href":"https:\/\/morenoprimero.com.ar\/archivo\/wp-json\/wp\/v2\/tags?post=25537"}],"curies":[{"name":"wp","href":"https:\/\/api.w.org\/{rel}","templated":true}]}}