{"id":25533,"date":"2022-03-11T10:08:31","date_gmt":"2022-03-11T13:08:31","guid":{"rendered":"https:\/\/morenoprimero.com.ar\/?p=25533"},"modified":"2022-03-11T10:11:29","modified_gmt":"2022-03-11T13:11:29","slug":"en-el-hospital-mariano-y-luciano-de-la-vega-se-llevo-a-cabo-el-proyecto-lazos-2","status":"publish","type":"post","link":"https:\/\/morenoprimero.com.ar\/archivo\/en-el-hospital-mariano-y-luciano-de-la-vega-se-llevo-a-cabo-el-proyecto-lazos-2\/","title":{"rendered":"En el Hospital Mariano y Luciano de la Vega se llev\u00f3 a cabo el Proyecto Lazos"},"content":{"rendered":"\n<p> Se realiz\u00f3 la presentaci\u00f3n del Curso de LSA para el personal de salud del Hospital y de la UPA12-HM5 \u00abFloreal Ferrara\u00bb. La iniciativa fue por parte del Departamento de Enfermer\u00eda del Hospital y acompa\u00f1ada por la Direcci\u00f3n de Acceso e Inclusi\u00f3n en Salud de la Provincia de Buenos Aires.  El Dr. Emmanuel \u00c1lvarez afirm\u00f3 que <strong>\u201cgracias al Departamento de Enfermer\u00eda vamos a contar con esta hermosa iniciativa que nos permite meternos en un mundo que para muchos de nosotros y nosotras es absolutamente desconocido, lamentablemente porque en nuestra formaci\u00f3n no existe<\/strong>\u00ab. <\/p>\n\n\n\n<p> Durante la ma\u00f1ana del s\u00e1bado 5 de marzo se realiz\u00f3 en el Hospital Mariano y Luciano de la Vega <strong>la presentaci\u00f3n de la primera capacitaci\u00f3n de Lengua de Se\u00f1as Argentina (LSA) dirigida al personal de salud del hospital y de la UPA12-HM5 \u201cFloreal Ferrara\u201d<\/strong>. La iniciativa fue por parte del Departamento de Enfermer\u00eda del hospital y acompa\u00f1ada por la Direcci\u00f3n de Acceso e Inclusi\u00f3n en Salud del Ministerio de Salud de la Provincia de Buenos Aires. <\/p>\n\n\n\n<p> La presentaci\u00f3n del curso fue realizada por el Dr. Emmanuel \u00c1lvarez, Director Ejecutivo del Hospital, la Dra. Ana Wenk Directora Asociada del Hospital, la Lic. Adriana Palacio Directora de la UPA12-HM5 y la Lic. Lourdes Far\u00edas Directora de Acceso e Inclusi\u00f3n en Salud de PBA. Tambi\u00e9n estuvieron presentes las Jefas del Departamento de Enfermer\u00eda la Lic. Mabel Campos y la Enfermera C\u00e1rmen Vera, el Supervisor Lic. Dami\u00e1n Leyes y la Lic. Yamila Campolucci. <\/p>\n\n\n\n<figure class=\"wp-block-image size-large\"><a href=\"https:\/\/morenoprimero.com.ar\/wp-content\/uploads\/2022\/03\/275438552_3141387762799992_3197736462664938918_n.jpg\"><img loading=\"lazy\" decoding=\"async\" width=\"1024\" height=\"647\" src=\"https:\/\/morenoprimero.com.ar\/wp-content\/uploads\/2022\/03\/275438552_3141387762799992_3197736462664938918_n-1024x647.jpg\" alt=\"\" class=\"wp-image-25376\" srcset=\"https:\/\/morenoprimero.com.ar\/archivo\/wp-content\/uploads\/2022\/03\/275438552_3141387762799992_3197736462664938918_n-1024x647.jpg 1024w, https:\/\/morenoprimero.com.ar\/archivo\/wp-content\/uploads\/2022\/03\/275438552_3141387762799992_3197736462664938918_n-300x190.jpg 300w, https:\/\/morenoprimero.com.ar\/archivo\/wp-content\/uploads\/2022\/03\/275438552_3141387762799992_3197736462664938918_n-768x485.jpg 768w, https:\/\/morenoprimero.com.ar\/archivo\/wp-content\/uploads\/2022\/03\/275438552_3141387762799992_3197736462664938918_n.jpg 1280w\" sizes=\"auto, (max-width: 1024px) 100vw, 1024px\" \/><\/a><\/figure>\n\n\n\n<p> El Dr. Emmanuel \u00c1lvarez plante\u00f3, que <strong>\u201cgracias al Departamento de Enfermer\u00eda vamos a contar con esta hermosa iniciativa que nos permite meternos en un mundo que para muchos de nosotros y nosotras es absolutamente desconocido, lamentablemente porque en nuestra formaci\u00f3n no existe. Hay una mirada hegem\u00f3nica hospitalaria del sistema de salud en la que cuesta profundizar en los temas de diversidad. Solemos homogeneizar todo, tendemos a ver lo biol\u00f3gico y en el mejor de los casos la salud mental pero siempre nos quedamos cortos\u201d.<\/strong> <\/p>\n\n\n\n<p> Es de gran importancia para la realizaci\u00f3n del curso el apoyo del \u00c1rea de Acceso a la Inclusi\u00f3n en Salud de la Provincia ya que en muchas ocasiones no se ha podido comunicar de manera efectiva con personas sordas lo que afecta a garantizar una atenci\u00f3n de calidad y una salud p\u00fablica para todas y todos. En este sentido, Lourdes Far\u00edas mencion\u00f3<strong>: \u201cRealizar el curso de LSA para capacitar al personal de salud habla del compromiso humano existente y de una transformaci\u00f3n del sistema de salud. Ustedes ya lo est\u00e1n transformando\u201d.<\/strong> <\/p>\n\n\n\n<p> La capacitaci\u00f3n en LSA para el personal de salud tendr\u00e1 una duraci\u00f3n de cuatro meses y contar\u00e1 con la presencia de trabajadoras y trabajadores de diferentes servicios y sectores del Hospital y de la UPA12-HM5. Durante este primer cuatrimestre funcionar\u00e1n dos cursadas todos los s\u00e1bados, una de 09.30hs a 11hs y la otra de 11.30hs a 13hs y para el segundo cuatrimestre se abrir\u00e1 nuevamente el curso con las\/os inscriptas\/os que quedaron en lista de espera. <\/p>\n","protected":false},"excerpt":{"rendered":"<p>Se realiz\u00f3 la presentaci\u00f3n del Curso de LSA para el personal de salud del Hospital y de la UPA12-HM5 \u00abFloreal Ferrara\u00bb. La iniciativa fue por parte del Departamento de Enfermer\u00eda del Hospital y acompa\u00f1ada por la Direcci\u00f3n de Acceso e &hellip; <a href=\"https:\/\/morenoprimero.com.ar\/archivo\/en-el-hospital-mariano-y-luciano-de-la-vega-se-llevo-a-cabo-el-proyecto-lazos-2\/\">Sigue leyendo <span class=\"meta-nav\">&rarr;<\/span><\/a><\/p>\n","protected":false},"author":6,"featured_media":25380,"comment_status":"closed","ping_status":"closed","sticky":false,"template":"","format":"standard","meta":{"footnotes":""},"categories":[2,2328,536],"tags":[1192,139,6],"class_list":["post-25533","post","type-post","status-publish","format-standard","has-post-thumbnail","hentry","category-destacadas","category-local","category-salud","tag-emmanuel-fernandez","tag-hospital-mariano-y-luciano-de-la-vega","tag-moreno"],"_links":{"self":[{"href":"https:\/\/morenoprimero.com.ar\/archivo\/wp-json\/wp\/v2\/posts\/25533","targetHints":{"allow":["GET"]}}],"collection":[{"href":"https:\/\/morenoprimero.com.ar\/archivo\/wp-json\/wp\/v2\/posts"}],"about":[{"href":"https:\/\/morenoprimero.com.ar\/archivo\/wp-json\/wp\/v2\/types\/post"}],"author":[{"embeddable":true,"href":"https:\/\/morenoprimero.com.ar\/archivo\/wp-json\/wp\/v2\/users\/6"}],"replies":[{"embeddable":true,"href":"https:\/\/morenoprimero.com.ar\/archivo\/wp-json\/wp\/v2\/comments?post=25533"}],"version-history":[{"count":1,"href":"https:\/\/morenoprimero.com.ar\/archivo\/wp-json\/wp\/v2\/posts\/25533\/revisions"}],"predecessor-version":[{"id":25534,"href":"https:\/\/morenoprimero.com.ar\/archivo\/wp-json\/wp\/v2\/posts\/25533\/revisions\/25534"}],"wp:featuredmedia":[{"embeddable":true,"href":"https:\/\/morenoprimero.com.ar\/archivo\/wp-json\/wp\/v2\/media\/25380"}],"wp:attachment":[{"href":"https:\/\/morenoprimero.com.ar\/archivo\/wp-json\/wp\/v2\/media?parent=25533"}],"wp:term":[{"taxonomy":"category","embeddable":true,"href":"https:\/\/morenoprimero.com.ar\/archivo\/wp-json\/wp\/v2\/categories?post=25533"},{"taxonomy":"post_tag","embeddable":true,"href":"https:\/\/morenoprimero.com.ar\/archivo\/wp-json\/wp\/v2\/tags?post=25533"}],"curies":[{"name":"wp","href":"https:\/\/api.w.org\/{rel}","templated":true}]}}