{"id":2534,"date":"2020-09-13T23:31:22","date_gmt":"2020-09-13T23:31:22","guid":{"rendered":"https:\/\/morenoprimero.com.ar\/?p=2534"},"modified":"2020-09-13T23:31:23","modified_gmt":"2020-09-13T23:31:23","slug":"la-anses-abona-el-primer-pago-del-atp-de-agosto-el-proximo-martes","status":"publish","type":"post","link":"https:\/\/morenoprimero.com.ar\/archivo\/la-anses-abona-el-primer-pago-del-atp-de-agosto-el-proximo-martes\/","title":{"rendered":"LA ANSES ABONA EL PRIMER PAGO DEL ATP DE AGOSTO EL PR\u00d3XIMO MARTES"},"content":{"rendered":"\n<p>La ANSES informa que el martes 15 de septiembre estar\u00e1 disponible el primer pago correspondiente al mensual de agosto del programa&nbsp;<em>Asistencia al Trabajo y la Producci\u00f3n<\/em>&nbsp;(ATP) de la Administraci\u00f3n Federal de Ingresos P\u00fablicos (AFIP).<\/p>\n\n\n\n<p>En esta tanda, 128.704 son las empresas beneficiadas y 1.316.132 los trabajadores alcanzados. De este modo, el Estado Nacional realizar\u00e1 una inversi\u00f3n total de $25.504.561.883,11 para dar alivio econ\u00f3mico a las compa\u00f1\u00edas y empleados afectados directamente por la ca\u00edda de la actividad debido a la emergencia sanitaria por el Covid-19.<\/p>\n\n\n\n<p>El Programa&nbsp;ATP brinda una asignaci\u00f3n compensatoria al salario&nbsp;que es abonada por la ANSES&nbsp;para todos los trabajadores en relaci\u00f3n de dependencia de empresas del sector privado que cumplan con los requisitos para contar con los beneficios.<\/p>\n\n\n\n<p>M\u00e1s informaci\u00f3n en <strong><a rel=\"noreferrer noopener\" href=\"http:\/\/www.anses.gob.ar\/\" target=\"_blank\">www.anses.gob.ar<\/a><\/strong><\/p>\n","protected":false},"excerpt":{"rendered":"<p>La ANSES informa que el martes 15 de septiembre estar\u00e1 disponible el primer pago correspondiente al mensual de agosto del programa&nbsp;Asistencia al Trabajo y la Producci\u00f3n&nbsp;(ATP) de la Administraci\u00f3n Federal de Ingresos P\u00fablicos (AFIP). En esta tanda, 128.704 son las &hellip; <a href=\"https:\/\/morenoprimero.com.ar\/archivo\/la-anses-abona-el-primer-pago-del-atp-de-agosto-el-proximo-martes\/\">Sigue leyendo <span class=\"meta-nav\">&rarr;<\/span><\/a><\/p>\n","protected":false},"author":6,"featured_media":2040,"comment_status":"open","ping_status":"open","sticky":false,"template":"","format":"standard","meta":{"footnotes":""},"categories":[5,20],"tags":[36,677,81],"class_list":["post-2534","post","type-post","status-publish","format-standard","has-post-thumbnail","hentry","category-recomendadas","category-sociedad","tag-anses","tag-atp","tag-tramites-anses"],"_links":{"self":[{"href":"https:\/\/morenoprimero.com.ar\/archivo\/wp-json\/wp\/v2\/posts\/2534","targetHints":{"allow":["GET"]}}],"collection":[{"href":"https:\/\/morenoprimero.com.ar\/archivo\/wp-json\/wp\/v2\/posts"}],"about":[{"href":"https:\/\/morenoprimero.com.ar\/archivo\/wp-json\/wp\/v2\/types\/post"}],"author":[{"embeddable":true,"href":"https:\/\/morenoprimero.com.ar\/archivo\/wp-json\/wp\/v2\/users\/6"}],"replies":[{"embeddable":true,"href":"https:\/\/morenoprimero.com.ar\/archivo\/wp-json\/wp\/v2\/comments?post=2534"}],"version-history":[{"count":1,"href":"https:\/\/morenoprimero.com.ar\/archivo\/wp-json\/wp\/v2\/posts\/2534\/revisions"}],"predecessor-version":[{"id":2537,"href":"https:\/\/morenoprimero.com.ar\/archivo\/wp-json\/wp\/v2\/posts\/2534\/revisions\/2537"}],"wp:featuredmedia":[{"embeddable":true,"href":"https:\/\/morenoprimero.com.ar\/archivo\/wp-json\/wp\/v2\/media\/2040"}],"wp:attachment":[{"href":"https:\/\/morenoprimero.com.ar\/archivo\/wp-json\/wp\/v2\/media?parent=2534"}],"wp:term":[{"taxonomy":"category","embeddable":true,"href":"https:\/\/morenoprimero.com.ar\/archivo\/wp-json\/wp\/v2\/categories?post=2534"},{"taxonomy":"post_tag","embeddable":true,"href":"https:\/\/morenoprimero.com.ar\/archivo\/wp-json\/wp\/v2\/tags?post=2534"}],"curies":[{"name":"wp","href":"https:\/\/api.w.org\/{rel}","templated":true}]}}