{"id":25125,"date":"2022-03-03T08:10:40","date_gmt":"2022-03-03T11:10:40","guid":{"rendered":"https:\/\/morenoprimero.com.ar\/?p=25125"},"modified":"2022-03-03T10:30:16","modified_gmt":"2022-03-03T13:30:16","slug":"habra-refuerzo-libre-de-vacuna-para-todas-las-personas-mayores-de-12-anos","status":"publish","type":"post","link":"https:\/\/morenoprimero.com.ar\/archivo\/habra-refuerzo-libre-de-vacuna-para-todas-las-personas-mayores-de-12-anos\/","title":{"rendered":"Habr\u00e1 refuerzo libre de vacuna para todas las personas mayores de 12 a\u00f1os"},"content":{"rendered":"\n<h5 class=\"wp-block-heading\">A partir de este jueves 3 de marzo, habr\u00e1 tercera dosis de vacuna contra el covid para todas las personas mayores de 12 a\u00f1os. En Moreno ya se aplicaron m\u00e1s de 1 mill\u00f3n de vacunas.<\/h5>\n\n\n\n<p>Todas aquellas personas que sean mayores de 12 a\u00f1os y que hayan cumplido al menos 4 meses de haber completado su esquema primario de vacunaci\u00f3n, podr\u00e1n acercarse a los centros de vacunaci\u00f3n m\u00e1s cercanos a su hogar y darse la tercera dosis. Es de suma importancia que todas y todos se acerquen debido al comienzo de las clases, para poder disfrutar de una plena asistencia a las aulas.<\/p>\n\n\n\n<div class=\"wp-block-image\"><figure class=\"aligncenter size-large\"><a href=\"https:\/\/morenoprimero.com.ar\/wp-content\/uploads\/2022\/03\/275066681_3137125666559535_831414056350487049_n.jpg\"><img loading=\"lazy\" decoding=\"async\" width=\"1024\" height=\"1024\" src=\"https:\/\/morenoprimero.com.ar\/wp-content\/uploads\/2022\/03\/275066681_3137125666559535_831414056350487049_n-1024x1024.jpg\" alt=\"\" class=\"wp-image-25130\" srcset=\"https:\/\/morenoprimero.com.ar\/archivo\/wp-content\/uploads\/2022\/03\/275066681_3137125666559535_831414056350487049_n-1024x1024.jpg 1024w, https:\/\/morenoprimero.com.ar\/archivo\/wp-content\/uploads\/2022\/03\/275066681_3137125666559535_831414056350487049_n-300x300.jpg 300w, https:\/\/morenoprimero.com.ar\/archivo\/wp-content\/uploads\/2022\/03\/275066681_3137125666559535_831414056350487049_n-150x150.jpg 150w, https:\/\/morenoprimero.com.ar\/archivo\/wp-content\/uploads\/2022\/03\/275066681_3137125666559535_831414056350487049_n-768x768.jpg 768w, https:\/\/morenoprimero.com.ar\/archivo\/wp-content\/uploads\/2022\/03\/275066681_3137125666559535_831414056350487049_n.jpg 1080w\" sizes=\"auto, (max-width: 1024px) 100vw, 1024px\" \/><\/a><\/figure><\/div>\n\n\n\n<p><strong>Moreno<\/strong><\/p>\n\n\n\n<p>En la ciudad de Moreno ya se aplicaron <strong>1.075.342<\/strong> de vacunas contra el Covid-19.<\/p>\n\n\n\n<p>En total, son 498.866 corresponden a la primera dosis, 423.735 corresponden a la segunda dosis y 64.704 la tercera. Por su parte, 88.037 morenenses recibieron la dosis de refuerzo.<\/p>\n\n\n\n<p>Las y los morenenses mayores de 18 a\u00f1os ya pueden acerarse a cualquier posta de vacunaci\u00f3n de la localidad y aplicarse la tercera dosis.<\/p>\n\n\n\n<p><strong>Postas de Vacunaci\u00f3n en Moreno:<\/strong><\/p>\n\n\n\n<p> Centro Integrador Comunitario \u00abLa Bibiana\u00bb (MUNI)  en  O\u00b4Brien y Ruta 23 <\/p>\n\n\n\n<p> Club recreativo \u00abLos Indios de Moreno\u00bb  en  Piovano 2969 <\/p>\n\n\n\n<p> Ex unidad sanitaria Santa Br\u00edgida en  Republica argentina entre los aromos y los olmos <\/p>\n\n\n\n<p> Universidad Nacional de Moreno en  Dorrego 1990 <\/p>\n\n\n\n<p> H.D.Z.G. \u201cMariano y Luciano de la Vega\u201d de Moreno  en  Avenida Libertador N\u00ba 710 <\/p>\n\n\n\n<p> Seccional Moreno ATE en  Tucuman 456 e\/ Victorica y Martin Fierro <\/p>\n\n\n\n<p> Maternidad Provincial \u201cEstela de Carlotto\u201d de Moreno en  Maza y Albatros <\/p>\n\n\n\n<p> Parroquia Sagrado Coraz\u00f3n en  V\u00edctor Hugo y Matienzo. Barrio Mayor del Pino, Cuartel V <\/p>\n\n\n\n<p><strong>Provincia inicia a formar personal de enfermer\u00eda para trabajar en vacunaci\u00f3n<\/strong><\/p>\n\n\n\n<p>El Ministerio de Salud de la Provincia de Buenos Aires inici\u00f3 hoy el curso de formaci\u00f3n para vacunadores del Programa Ampliado de Inmunizaciones (PAI), con el objetivo de capacitar y actualizar los saberes del personal de enfermer\u00eda sobre la toma de decisiones y la administraci\u00f3n de inmunobiol\u00f3gicos.<\/p>\n\n\n\n<p>El curso se desarrollar\u00e1 de manera virtual y presencial durante 14 encuentros te\u00f3ricos sincr\u00f3nicos que se realizar\u00e1n a trav\u00e9s de la plataforma de la Escuela de Gobierno en Salud \u201cFloreal Ferrara\u201d, y en una segunda instancia, habr\u00e1 talleres presenciales en centros de salud y vacunatorios para aplicar los conocimientos adquiridos.<\/p>\n\n\n\n<p>La capacitaci\u00f3n tiene una duraci\u00f3n total de 80 horas c\u00e1tedra y est\u00e1 destinado a personas con formaci\u00f3n en enfermer\u00eda, auxiliares en enfermer\u00eda y vacunadores de la Provincia de Buenos Aires.<\/p>\n","protected":false},"excerpt":{"rendered":"<p>A partir de este jueves 3 de marzo, habr\u00e1 tercera dosis de vacuna contra el covid para todas las personas mayores de 12 a\u00f1os. En Moreno ya se aplicaron m\u00e1s de 1 mill\u00f3n de vacunas. Todas aquellas personas que sean &hellip; <a href=\"https:\/\/morenoprimero.com.ar\/archivo\/habra-refuerzo-libre-de-vacuna-para-todas-las-personas-mayores-de-12-anos\/\">Sigue leyendo <span class=\"meta-nav\">&rarr;<\/span><\/a><\/p>\n","protected":false},"author":6,"featured_media":25129,"comment_status":"closed","ping_status":"closed","sticky":false,"template":"","format":"standard","meta":{"footnotes":""},"categories":[2329],"tags":[540,6,3741],"class_list":["post-25125","post","type-post","status-publish","format-standard","has-post-thumbnail","hentry","category-provincial","tag-covid","tag-moreno","tag-vacunas-libres"],"_links":{"self":[{"href":"https:\/\/morenoprimero.com.ar\/archivo\/wp-json\/wp\/v2\/posts\/25125","targetHints":{"allow":["GET"]}}],"collection":[{"href":"https:\/\/morenoprimero.com.ar\/archivo\/wp-json\/wp\/v2\/posts"}],"about":[{"href":"https:\/\/morenoprimero.com.ar\/archivo\/wp-json\/wp\/v2\/types\/post"}],"author":[{"embeddable":true,"href":"https:\/\/morenoprimero.com.ar\/archivo\/wp-json\/wp\/v2\/users\/6"}],"replies":[{"embeddable":true,"href":"https:\/\/morenoprimero.com.ar\/archivo\/wp-json\/wp\/v2\/comments?post=25125"}],"version-history":[{"count":6,"href":"https:\/\/morenoprimero.com.ar\/archivo\/wp-json\/wp\/v2\/posts\/25125\/revisions"}],"predecessor-version":[{"id":25147,"href":"https:\/\/morenoprimero.com.ar\/archivo\/wp-json\/wp\/v2\/posts\/25125\/revisions\/25147"}],"wp:featuredmedia":[{"embeddable":true,"href":"https:\/\/morenoprimero.com.ar\/archivo\/wp-json\/wp\/v2\/media\/25129"}],"wp:attachment":[{"href":"https:\/\/morenoprimero.com.ar\/archivo\/wp-json\/wp\/v2\/media?parent=25125"}],"wp:term":[{"taxonomy":"category","embeddable":true,"href":"https:\/\/morenoprimero.com.ar\/archivo\/wp-json\/wp\/v2\/categories?post=25125"},{"taxonomy":"post_tag","embeddable":true,"href":"https:\/\/morenoprimero.com.ar\/archivo\/wp-json\/wp\/v2\/tags?post=25125"}],"curies":[{"name":"wp","href":"https:\/\/api.w.org\/{rel}","templated":true}]}}