{"id":2488,"date":"2020-09-18T13:16:38","date_gmt":"2020-09-18T13:16:38","guid":{"rendered":"https:\/\/morenoprimero.com.ar\/?p=2488"},"modified":"2022-12-29T08:26:42","modified_gmt":"2022-12-29T11:26:42","slug":"casa-pueblo-moreno-un-espacio-para-las-juventudes-con-consumos-problematicos","status":"publish","type":"post","link":"https:\/\/morenoprimero.com.ar\/archivo\/casa-pueblo-moreno-un-espacio-para-las-juventudes-con-consumos-problematicos\/","title":{"rendered":"CASA PUEBLO MORENO: UN ESPACIO PARA LAS JUVENTUDES CON CONSUMOS PROBLEM\u00c1TICOS"},"content":{"rendered":"\n<h4 class=\"wp-block-heading\"><strong>Casa Pueblo es un espacio de atenci\u00f3n y acompa\u00f1amiento comunitario para juventudes con problemas de adicciones, donde se brinda contenci\u00f3n, comida y refugio a m\u00e1s de 120 personas. <\/strong><\/h4>\n\n\n\n<figure class=\"wp-block-gallery has-nested-images columns-default is-cropped wp-block-gallery-1 is-layout-flex wp-block-gallery-is-layout-flex\">\n<figure class=\"wp-block-image size-large\"><img loading=\"lazy\" decoding=\"async\" width=\"540\" height=\"711\" data-id=\"2543\" src=\"https:\/\/morenoprimero.com.ar\/wp-content\/uploads\/2020\/09\/WhatsApp-Image-2020-09-13-at-22.52.58.jpeg\" alt=\"\" class=\"wp-image-2543\" srcset=\"https:\/\/morenoprimero.com.ar\/archivo\/wp-content\/uploads\/2020\/09\/WhatsApp-Image-2020-09-13-at-22.52.58.jpeg 540w, https:\/\/morenoprimero.com.ar\/archivo\/wp-content\/uploads\/2020\/09\/WhatsApp-Image-2020-09-13-at-22.52.58-228x300.jpeg 228w\" sizes=\"auto, (max-width: 540px) 100vw, 540px\" \/><\/figure>\n\n\n\n<figure class=\"wp-block-image size-large\"><img loading=\"lazy\" decoding=\"async\" width=\"540\" height=\"373\" data-id=\"2544\" src=\"https:\/\/morenoprimero.com.ar\/wp-content\/uploads\/2020\/09\/WhatsApp-Image-2020-09-13-at-22.52.59-1.jpeg\" alt=\"\" class=\"wp-image-2544\" srcset=\"https:\/\/morenoprimero.com.ar\/archivo\/wp-content\/uploads\/2020\/09\/WhatsApp-Image-2020-09-13-at-22.52.59-1.jpeg 540w, https:\/\/morenoprimero.com.ar\/archivo\/wp-content\/uploads\/2020\/09\/WhatsApp-Image-2020-09-13-at-22.52.59-1-300x207.jpeg 300w\" sizes=\"auto, (max-width: 540px) 100vw, 540px\" \/><\/figure>\n<\/figure>\n\n\n\n<p>Adriana Quispe es una de las encargadas  de Casa Pueblo y en una conversaci\u00f3n con Moreno Primero expres\u00f3 c\u00f3mo se form\u00f3 el espacio, qu\u00e9 actividades realizan a diario y c\u00f3mo es trabajar en equipo para quienes m\u00e1s lo necesitan. <\/p>\n\n\n\n<p><strong>Moreno Primero<\/strong>: <strong>\u00bfC\u00f3mo naci\u00f3 Casa Pueblo?&nbsp;<\/strong><\/p>\n\n\n\n<p><strong>Adriana Quispe<\/strong>: Casa Pueblo nace como una demanda de los territorios, la necesidad de fortalecer <strong>lazos&nbsp;comunitarios<\/strong>&nbsp;y la necesidad de abordar a la <strong>problem\u00e1tica de consumo vinculada&nbsp;metamente&nbsp;a lo comunitario y a las organizaciones.&nbsp;<\/strong><\/p>\n\n\n\n<figure class=\"wp-block-audio\"><audio controls src=\"https:\/\/morenoprimero.com.ar\/wp-content\/uploads\/2020\/09\/WhatsApp-Audio-2020-09-16-at-13.13.57.ogg\"><\/audio><figcaption class=\"wp-element-caption\">Audio 1 Adriana Quispe<\/figcaption><\/figure>\n\n\n\n<p><strong>MP<\/strong>: <strong>\u00bfC\u00f3mo surgi\u00f3 este proyecto?&nbsp;<\/strong><\/p>\n\n\n\n<p><strong>A<\/strong>Q: Este proyecto fue pensado en t\u00e9rminos reales, territoriales, cada Casa Pueblo, cada espacio de Casa Pueblo, tiene sus propias l\u00f3gicas, su propia identidad porque tiene que ver con un abordaje resultante&nbsp;social. <strong>Cada uno tiene su propia identidad.&nbsp;<\/strong><\/p>\n\n\n\n<figure class=\"wp-block-audio\"><audio controls src=\"https:\/\/morenoprimero.com.ar\/wp-content\/uploads\/2020\/09\/WhatsApp-Audio-2020-09-16-at-13.13.58.ogg\"><\/audio><figcaption class=\"wp-element-caption\">Audio 2 Adriana Quispe<\/figcaption><\/figure>\n\n\n\n<p><strong>MP<\/strong>:<strong>\u00bfQu\u00e9 actividades realizan?&nbsp;<\/strong><\/p>\n\n\n\n<p><strong>A<\/strong>Q: Las actividades que realizamos son desde el bordaje integral en cuanto a<strong> la prevenci\u00f3n y asistencia al consumo problem\u00e1tico <\/strong>que, al poder asimilarlos en los barrios, tambi\u00e9n termina dando respuestas integrales a otras problem\u00e1ticas con la excusa del encuentro. Es un espacio de <strong>escucha, de contenci\u00f3n, terminamos encontrando situaciones de violencia, situaciones de vulneraciones de derechos de ni\u00f1os, ni\u00f1as y adolescentes<\/strong>. Encontramos situaciones realmente que no est\u00e1n vinculadas con la problem\u00e1tica de sustancia, pero s\u00ed a las problem\u00e1ticas sociales y actuales.&nbsp;&nbsp;<\/p>\n\n\n\n<figure class=\"wp-block-audio\"><audio controls src=\"https:\/\/morenoprimero.com.ar\/wp-content\/uploads\/2020\/09\/WhatsApp-Audio-2020-09-16-at-13.13.58-1.ogg\"><\/audio><figcaption class=\"wp-element-caption\">Audio 3 Adriana Quispe<\/figcaption><\/figure>\n\n\n\n<p><strong>MP<\/strong>:<strong> \u00bfA cu\u00e1ntas personas acompa\u00f1an?&nbsp;<\/strong><\/p>\n\n\n\n<p><strong>AQ:<\/strong> El dispositivo al ser un dispositivo territorial va mutando. O sea, se va transformando y m\u00e1s por el aislamiento social, preventivo y obligatorio que nos vemos transitando va limitando el abordaje en cuanto a la cantidad de personas. Hablamos de m\u00e1s de <strong>120 personas en cinco puntos distintos<\/strong>. Y un n\u00famero mucho m\u00e1s grande por fuera del abordaje, donde nos vemos limitados en los grupos y en los talleres. Hoy estamos haciendo acompa\u00f1amiento a m\u00e1s de 120 personas vinculadas tambi\u00e9n al <strong>soporte de mercader\u00eda.&nbsp;<\/strong><\/p>\n\n\n\n<figure class=\"wp-block-audio\"><audio controls src=\"https:\/\/morenoprimero.com.ar\/wp-content\/uploads\/2020\/09\/WhatsApp-Audio-2020-09-16-at-13.13.58-2.ogg\"><\/audio><figcaption class=\"wp-element-caption\">Audio 4 Adriana Quispe<\/figcaption><\/figure>\n\n\n\n<p><strong>MP<\/strong>: <strong>\u00bfHay intenciones de que Casa Pueblo se convierta en una politica de Estado? <\/strong><\/p>\n\n\n\n<p><strong>AQ:<\/strong> Casa Pueblo se est\u00e1 vinculando para fortalecer el dispositivo municipal que se llama Casa Joven.<strong> Es una pol\u00edtica municipal que est\u00e1 vinculada al abordaje territorial que es ni\u00f1ez, adolescencia y j\u00f3venes.<\/strong> Despu\u00e9s la idea de las casas j\u00f3venes es poder replicar la historia y los resultados que tuvo Casa Pueblo en estos a\u00f1os.&nbsp;&nbsp;<\/p>\n\n\n\n<figure class=\"wp-block-audio\"><audio controls src=\"https:\/\/morenoprimero.com.ar\/wp-content\/uploads\/2020\/09\/WhatsApp-Audio-2020-09-16-at-13.13.59.ogg\"><\/audio><figcaption class=\"wp-element-caption\">Audio 5 Adriana Quispe<\/figcaption><\/figure>\n\n\n\n<p><strong>MP:<\/strong> <strong>\u00bfC\u00f3mo costean los gastos que tiene la organizaci\u00f3n?<\/strong><\/p>\n\n\n\n<p><strong>A<\/strong>Q: Es un programa de organizaciones barriales vinculadas a <strong>Sedronar<\/strong> que es financiada desde el inicio. La particularidad de Moreno es que est\u00e1 siendo acompa\u00f1ado tambi\u00e9n por el <strong>Movimiento Evita<\/strong> y esto ha generado enlaces con otros centros comunitarios que han permitido tener el abordaje que tenemos hoy.<\/p>\n\n\n\n<figure class=\"wp-block-audio\"><audio controls src=\"https:\/\/morenoprimero.com.ar\/wp-content\/uploads\/2020\/09\/WhatsApp-Audio-2020-09-16-at-13.13.59-1.ogg\"><\/audio><figcaption class=\"wp-element-caption\">Audio 6 Adriana Quispe<\/figcaption><\/figure>\n","protected":false},"excerpt":{"rendered":"<p>Casa Pueblo es un espacio de atenci\u00f3n y acompa\u00f1amiento comunitario para juventudes con problemas de adicciones, donde se brinda contenci\u00f3n, comida y refugio a m\u00e1s de 120 personas. Adriana Quispe es una de las encargadas de Casa Pueblo y en &hellip; <a href=\"https:\/\/morenoprimero.com.ar\/archivo\/casa-pueblo-moreno-un-espacio-para-las-juventudes-con-consumos-problematicos\/\">Sigue leyendo <span class=\"meta-nav\">&rarr;<\/span><\/a><\/p>\n","protected":false},"author":6,"featured_media":2781,"comment_status":"closed","ping_status":"closed","sticky":false,"template":"","format":"standard","meta":{"footnotes":""},"categories":[3,536,20],"tags":[678,679,6],"class_list":["post-2488","post","type-post","status-publish","format-standard","has-post-thumbnail","hentry","category-importantes","category-salud","category-sociedad","tag-casa-pueblo","tag-espacio-de-contencion","tag-moreno"],"_links":{"self":[{"href":"https:\/\/morenoprimero.com.ar\/archivo\/wp-json\/wp\/v2\/posts\/2488","targetHints":{"allow":["GET"]}}],"collection":[{"href":"https:\/\/morenoprimero.com.ar\/archivo\/wp-json\/wp\/v2\/posts"}],"about":[{"href":"https:\/\/morenoprimero.com.ar\/archivo\/wp-json\/wp\/v2\/types\/post"}],"author":[{"embeddable":true,"href":"https:\/\/morenoprimero.com.ar\/archivo\/wp-json\/wp\/v2\/users\/6"}],"replies":[{"embeddable":true,"href":"https:\/\/morenoprimero.com.ar\/archivo\/wp-json\/wp\/v2\/comments?post=2488"}],"version-history":[{"count":6,"href":"https:\/\/morenoprimero.com.ar\/archivo\/wp-json\/wp\/v2\/posts\/2488\/revisions"}],"predecessor-version":[{"id":35333,"href":"https:\/\/morenoprimero.com.ar\/archivo\/wp-json\/wp\/v2\/posts\/2488\/revisions\/35333"}],"wp:featuredmedia":[{"embeddable":true,"href":"https:\/\/morenoprimero.com.ar\/archivo\/wp-json\/wp\/v2\/media\/2781"}],"wp:attachment":[{"href":"https:\/\/morenoprimero.com.ar\/archivo\/wp-json\/wp\/v2\/media?parent=2488"}],"wp:term":[{"taxonomy":"category","embeddable":true,"href":"https:\/\/morenoprimero.com.ar\/archivo\/wp-json\/wp\/v2\/categories?post=2488"},{"taxonomy":"post_tag","embeddable":true,"href":"https:\/\/morenoprimero.com.ar\/archivo\/wp-json\/wp\/v2\/tags?post=2488"}],"curies":[{"name":"wp","href":"https:\/\/api.w.org\/{rel}","templated":true}]}}