{"id":24734,"date":"2022-02-24T13:03:05","date_gmt":"2022-02-24T16:03:05","guid":{"rendered":"https:\/\/morenoprimero.com.ar\/?p=24734"},"modified":"2022-02-24T19:06:05","modified_gmt":"2022-02-24T22:06:05","slug":"moreno-donde-florecen-mil-flores","status":"publish","type":"post","link":"https:\/\/morenoprimero.com.ar\/archivo\/moreno-donde-florecen-mil-flores\/","title":{"rendered":"Moreno: donde florecen mil flores"},"content":{"rendered":"\n<h5 class=\"wp-block-heading\">Moreno es un lugar que se caracteriza por la gran cantidad de flores y plantines que crecen todos los d\u00edas en cada uno de sus rincones. En esta nota, te mostramos c\u00f3mo el municipio las utiliza para llenar sus calles de colores, aroma y alegr\u00eda. <\/h5>\n\n\n\n<p>Por parte de la Direcci\u00f3n de Arbolado Urbano del IMDEL, <strong>se realiz\u00f3 la completa forestaci\u00f3n y parquizaci\u00f3n de la rotonda que se ubica en Ruta 23 y Gaona<\/strong>, lugar que cambi\u00f3 enteramente su paisaje, utilizando recursos locales para su realizaci\u00f3n.<\/p>\n\n\n\n<p>En la forestaci\u00f3n del lugar, se utilizaron un total de 2.864 ejemplares, entre los cuales hab\u00eda arbustos, arreglos florales y distintos tipos de \u00e1rboles que le dan distintas perspectivas y colores al lugar. <strong>Para esta obra, se prioriz\u00f3 la incorporaci\u00f3n de especies nativas para mejorar la diversidad biol\u00f3gica y mitigar el cambio clim\u00e1tico.<\/strong> Entre ellas podemos destacar: jacarand\u00e1, thevetia peruviana, lapacho, glandularia peruviana, salvia guaran\u00edtica, verbena, entre otras. Adem\u00e1s, se agregaron plantas ex\u00f3ticas de alto valor paisaj\u00edstico.<\/p>\n\n\n\n<p><strong>Seg\u00fan comunicaron desde el IMDEL, todas las plantas colocadas son producidas en el Vivero Municipal Los Robles<\/strong>, y la rotonda cuenta con sistema de riego para el \u00f3ptimo mantenimiento de las mismas. Por lo que con el paso del tiempo, estos arreglos permanecer\u00e1n intactos y perdurar\u00e1n en el tiempo.<\/p>\n\n\n\n<figure class=\"wp-block-gallery columns-3 is-cropped wp-block-gallery-1 is-layout-flex wp-block-gallery-is-layout-flex\"><ul class=\"blocks-gallery-grid\"><li class=\"blocks-gallery-item\"><figure><a href=\"https:\/\/morenoprimero.com.ar\/wp-content\/uploads\/2022\/02\/DM_20220217161352_001.jpg\"><img loading=\"lazy\" decoding=\"async\" width=\"1024\" height=\"768\" src=\"https:\/\/morenoprimero.com.ar\/wp-content\/uploads\/2022\/02\/DM_20220217161352_001-1024x768.jpg\" alt=\"\" data-id=\"24740\" data-full-url=\"https:\/\/morenoprimero.com.ar\/wp-content\/uploads\/2022\/02\/DM_20220217161352_001.jpg\" data-link=\"https:\/\/morenoprimero.com.ar\/?attachment_id=24740\" class=\"wp-image-24740\" srcset=\"https:\/\/morenoprimero.com.ar\/archivo\/wp-content\/uploads\/2022\/02\/DM_20220217161352_001-1024x768.jpg 1024w, https:\/\/morenoprimero.com.ar\/archivo\/wp-content\/uploads\/2022\/02\/DM_20220217161352_001-300x225.jpg 300w, https:\/\/morenoprimero.com.ar\/archivo\/wp-content\/uploads\/2022\/02\/DM_20220217161352_001-768x576.jpg 768w, https:\/\/morenoprimero.com.ar\/archivo\/wp-content\/uploads\/2022\/02\/DM_20220217161352_001.jpg 1080w\" sizes=\"auto, (max-width: 1024px) 100vw, 1024px\" \/><\/a><\/figure><\/li><li class=\"blocks-gallery-item\"><figure><a href=\"https:\/\/morenoprimero.com.ar\/wp-content\/uploads\/2022\/02\/DM_20220217161334_001.jpg\"><img loading=\"lazy\" decoding=\"async\" width=\"1024\" height=\"768\" src=\"https:\/\/morenoprimero.com.ar\/wp-content\/uploads\/2022\/02\/DM_20220217161334_001-1024x768.jpg\" alt=\"\" data-id=\"24742\" data-full-url=\"https:\/\/morenoprimero.com.ar\/wp-content\/uploads\/2022\/02\/DM_20220217161334_001.jpg\" data-link=\"https:\/\/morenoprimero.com.ar\/?attachment_id=24742\" class=\"wp-image-24742\" srcset=\"https:\/\/morenoprimero.com.ar\/archivo\/wp-content\/uploads\/2022\/02\/DM_20220217161334_001-1024x768.jpg 1024w, https:\/\/morenoprimero.com.ar\/archivo\/wp-content\/uploads\/2022\/02\/DM_20220217161334_001-300x225.jpg 300w, https:\/\/morenoprimero.com.ar\/archivo\/wp-content\/uploads\/2022\/02\/DM_20220217161334_001-768x576.jpg 768w, https:\/\/morenoprimero.com.ar\/archivo\/wp-content\/uploads\/2022\/02\/DM_20220217161334_001.jpg 1080w\" sizes=\"auto, (max-width: 1024px) 100vw, 1024px\" \/><\/a><\/figure><\/li><li class=\"blocks-gallery-item\"><figure><a href=\"https:\/\/morenoprimero.com.ar\/wp-content\/uploads\/2022\/02\/DM_20220217161434_001.jpg\"><img loading=\"lazy\" decoding=\"async\" width=\"720\" height=\"540\" src=\"https:\/\/morenoprimero.com.ar\/wp-content\/uploads\/2022\/02\/DM_20220217161434_001.jpg\" alt=\"\" data-id=\"24745\" data-full-url=\"https:\/\/morenoprimero.com.ar\/wp-content\/uploads\/2022\/02\/DM_20220217161434_001.jpg\" data-link=\"https:\/\/morenoprimero.com.ar\/?attachment_id=24745\" class=\"wp-image-24745\" srcset=\"https:\/\/morenoprimero.com.ar\/archivo\/wp-content\/uploads\/2022\/02\/DM_20220217161434_001.jpg 720w, https:\/\/morenoprimero.com.ar\/archivo\/wp-content\/uploads\/2022\/02\/DM_20220217161434_001-300x225.jpg 300w\" sizes=\"auto, (max-width: 720px) 100vw, 720px\" \/><\/a><\/figure><\/li><\/ul><\/figure>\n\n\n\n<p><strong><a href=\"https:\/\/morenoprimero.com.ar\/se-plantaron-mas-de-50-arboles-en-una-plaza-construida-por-vecinos-y-vecinas-de-manantiales\/\">Cuidar el h\u00e1bitat de Moreno como pol\u00edtica de Estado<\/a><\/strong><\/p>\n\n\n\n<p>Ser amigables con el medioambiente es uno de los ejes de la gesti\u00f3n de Mariel Fern\u00e1ndez, que se comprometi\u00f3 a cuidar Moreno como la casa com\u00fan de cada vecino y vecina, adem\u00e1s de la utilizaci\u00f3n de recursos locales en la gran mayor\u00eda de las obras que se <a href=\"https:\/\/morenoprimero.com.ar\/se-plantaron-mas-de-50-arboles-en-una-plaza-construida-por-vecinos-y-vecinas-de-manantiales\/\">realizan. <strong>Moreno es la capital provincial del Plant\u00edn Floral desde el 2011<\/strong>, y esto se denota en obras y acciones como <strong>la plantaci\u00f3n de 50 \u00e1rboles en la nueva plaza de barrio Manantiales<\/strong><\/a> construida por los propios vecinos y vecinas, donde el municipio no dud\u00f3 en poblarla de las mejores plantaciones locales.<\/p>\n\n\n\n<p>Estefan\u00eda de Dios, explic\u00f3 el motivo de la importancia que tienen las flores en un municipio como Moreno, diciendo que<strong> \u201ces la capital provincial del plant\u00edn floral porque es la que m\u00e1s produce, m\u00e1s de 12 millones de flores al a\u00f1o, en toda la provincia de Buenos Aires\u201d<\/strong>. Adem\u00e1s de que el distrito cuenta con m\u00e1s de 100 productores y productoras y m\u00e1s de 240 hect\u00e1reas en el municipio que est\u00e1n vinculadas a esta producci\u00f3n.<\/p>\n\n\n\n<p><strong>\u201cEl mejor plant\u00edn, el de mejor calidad y de mayor duraci\u00f3n es de producci\u00f3n morenense y eso es gracias a los productores de aquellas primeras familias japonesas que se instalaron y trajeron esta tradici\u00f3n\u201d<\/strong>, destac\u00f3 la intendenta Mariel Fern\u00e1ndez.<\/p>\n\n\n\n<p>Una de las propuestas m\u00e1s recientes de la gesti\u00f3n municipal es la Entrega de Semillas. Se trata de una convocatoria que lanz\u00f3 el IMDEL y abarca diferentes puntos de Moreno, donde se entregan kits de semillas de la estaci\u00f3n oto\u00f1o-invierno para este 2022. Para encargar uno hay que comunicarse con el equipo de agroalimentaria a trav\u00e9s del Whatsapp 11 2617-7798.<\/p>\n\n\n\n<figure class=\"wp-block-image size-full\"><a href=\"https:\/\/morenoprimero.com.ar\/wp-content\/uploads\/2022\/02\/WhatsApp-Image-2022-02-24-at-18.02.32.jpeg\"><img loading=\"lazy\" decoding=\"async\" width=\"720\" height=\"720\" src=\"https:\/\/morenoprimero.com.ar\/wp-content\/uploads\/2022\/02\/WhatsApp-Image-2022-02-24-at-18.02.32.jpeg\" alt=\"\" class=\"wp-image-25021\" srcset=\"https:\/\/morenoprimero.com.ar\/archivo\/wp-content\/uploads\/2022\/02\/WhatsApp-Image-2022-02-24-at-18.02.32.jpeg 720w, https:\/\/morenoprimero.com.ar\/archivo\/wp-content\/uploads\/2022\/02\/WhatsApp-Image-2022-02-24-at-18.02.32-300x300.jpeg 300w, https:\/\/morenoprimero.com.ar\/archivo\/wp-content\/uploads\/2022\/02\/WhatsApp-Image-2022-02-24-at-18.02.32-150x150.jpeg 150w\" sizes=\"auto, (max-width: 720px) 100vw, 720px\" \/><\/a><\/figure>\n","protected":false},"excerpt":{"rendered":"<p>Moreno es un lugar que se caracteriza por la gran cantidad de flores y plantines que crecen todos los d\u00edas en cada uno de sus rincones. En esta nota, te mostramos c\u00f3mo el municipio las utiliza para llenar sus calles &hellip; <a href=\"https:\/\/morenoprimero.com.ar\/archivo\/moreno-donde-florecen-mil-flores\/\">Sigue leyendo <span class=\"meta-nav\">&rarr;<\/span><\/a><\/p>\n","protected":false},"author":6,"featured_media":24741,"comment_status":"closed","ping_status":"closed","sticky":false,"template":"","format":"standard","meta":{"footnotes":""},"categories":[3,2328],"tags":[3732,1642,3715,242,276,6,3386,3731],"class_list":["post-24734","post","type-post","status-publish","format-standard","has-post-thumbnail","hentry","category-importantes","category-local","tag-direccion-de-arbolado-urbano","tag-estefania-de-dios","tag-gaona","tag-imdel","tag-mariel-fernandez","tag-moreno","tag-plantin-floral","tag-vivero-municipal-los-robles"],"_links":{"self":[{"href":"https:\/\/morenoprimero.com.ar\/archivo\/wp-json\/wp\/v2\/posts\/24734","targetHints":{"allow":["GET"]}}],"collection":[{"href":"https:\/\/morenoprimero.com.ar\/archivo\/wp-json\/wp\/v2\/posts"}],"about":[{"href":"https:\/\/morenoprimero.com.ar\/archivo\/wp-json\/wp\/v2\/types\/post"}],"author":[{"embeddable":true,"href":"https:\/\/morenoprimero.com.ar\/archivo\/wp-json\/wp\/v2\/users\/6"}],"replies":[{"embeddable":true,"href":"https:\/\/morenoprimero.com.ar\/archivo\/wp-json\/wp\/v2\/comments?post=24734"}],"version-history":[{"count":4,"href":"https:\/\/morenoprimero.com.ar\/archivo\/wp-json\/wp\/v2\/posts\/24734\/revisions"}],"predecessor-version":[{"id":25022,"href":"https:\/\/morenoprimero.com.ar\/archivo\/wp-json\/wp\/v2\/posts\/24734\/revisions\/25022"}],"wp:featuredmedia":[{"embeddable":true,"href":"https:\/\/morenoprimero.com.ar\/archivo\/wp-json\/wp\/v2\/media\/24741"}],"wp:attachment":[{"href":"https:\/\/morenoprimero.com.ar\/archivo\/wp-json\/wp\/v2\/media?parent=24734"}],"wp:term":[{"taxonomy":"category","embeddable":true,"href":"https:\/\/morenoprimero.com.ar\/archivo\/wp-json\/wp\/v2\/categories?post=24734"},{"taxonomy":"post_tag","embeddable":true,"href":"https:\/\/morenoprimero.com.ar\/archivo\/wp-json\/wp\/v2\/tags?post=24734"}],"curies":[{"name":"wp","href":"https:\/\/api.w.org\/{rel}","templated":true}]}}