{"id":24583,"date":"2022-02-15T15:16:14","date_gmt":"2022-02-15T18:16:14","guid":{"rendered":"https:\/\/morenoprimero.com.ar\/?p=24583"},"modified":"2022-02-15T17:18:54","modified_gmt":"2022-02-15T20:18:54","slug":"mariel-fernandez-participo-de-la-reunion-de-consejeros-y-consejeras-del-partido-justicialista-bonaerense","status":"publish","type":"post","link":"https:\/\/morenoprimero.com.ar\/archivo\/mariel-fernandez-participo-de-la-reunion-de-consejeros-y-consejeras-del-partido-justicialista-bonaerense\/","title":{"rendered":"Mariel Fern\u00e1ndez particip\u00f3 de la reuni\u00f3n de consejeros y consejeras del Partido Justicialista bonaerense"},"content":{"rendered":"\n<h5 class=\"wp-block-heading\">La reuni\u00f3n que se realiz\u00f3 en La Plata, fue encabezada por el presidente del partido en la Provincia, M\u00e1ximo Kirchner.\u00a0\u00abSeguimos fortaleciendo el PJ bonaerense y el peronismo en cada uno de los municipios de la Provincia\u00bb, afirm\u00f3 la intendenta de Moreno.\u00a0<\/h5>\n\n\n\n<p>La reuni\u00f3n mostr\u00f3 la unidad del oficialismo. Tal y c\u00f3mo lo se\u00f1al\u00f3 el comunicado oficial emitido por el PJ: <strong>\u00abLos consejeros y consejeras hicieron un repaso de la situaci\u00f3n econ\u00f3mica y destacaron la recuperaci\u00f3n en diversos sectores a ra\u00edz de la obra p\u00fablica y de la inversi\u00f3n estatal tanto del gobierno provincial como nacional\u00bb<\/strong>.\u00a0<\/p>\n\n\n\n<p>Por su parte, Mariel Fern\u00e1ndez, afirm\u00f3 en sus redes sociales que: \u00ab<strong>compartimos un encuentro con M\u00e1ximo Kirchner, Presidente del Partido Justicialista de la Provincia de Buenos Aires, y las consejeras y consejeros<\/strong>\u00bb y a\u00f1adi\u00f3: \u00ab<strong>Seguimos fortaleciendo el PJ bonaerense y el peronismo en cada uno de los municipios de la Provincia<\/strong>\u00ab.<\/p>\n\n\n\n<p>Tambi\u00e9n pusieron sobre la mesa la&nbsp;<strong>necesidad de atacar la inflaci\u00f3n para que no frene la recuperaci\u00f3n econ\u00f3mica que se vio en los indicadores durante 2021<\/strong>. \u00abEn ese sentido, se hizo hincapi\u00e9 sobre la necesaria recomposici\u00f3n salarial de los trabajadores y trabajadoras\u00bb, explicaron.&nbsp;<\/p>\n\n\n\n<p>Otro de los principales temas que abordaron es&nbsp;<strong>\u00abla necesidad de encarar pol\u00edticas activas de seguridad que respondan a la demanda de la sociedad<\/strong>. En ese orden se plante\u00f3 el rol del partido en la toma de decisiones de ambos gobiernos\u00bb.&nbsp;<\/p>\n\n\n\n<p>Los protagonistas de la reuni\u00f3n ponderaron la necesidad de la unidad del peronismo y se destac\u00f3 la idea de profundizar las discusiones internas en el marco institucional del PJ.&nbsp;<\/p>\n\n\n\n<p><strong>El pr\u00f3ximo jueves 17 de febrero habr\u00e1 cierre de listas para las elecciones distritales del Partido Justicialista bonaerense, que ser\u00e1n el 27 de marzo, y en la reuni\u00f3n se avanz\u00f3 en concretar la unidad de las listas en la mayor\u00eda de los distritos<\/strong>.&nbsp;<\/p>\n\n\n\n<p>En la reuni\u00f3n estuvieron presentes el presidente del Partido Justicialista bonaerense M\u00e1ximo Kirchner; Mariel Fern\u00e1ndez, Teresa Garc\u00eda, Gabriel Katopodis, Leonardo Nardini, Santiago R\u00e9vora, Juan Zabaleta; por la segunda: Ricardo Casi, Francisco Abel Furl\u00e1n, Marina Alejandra Moretti, Ivan Villagr\u00e1n; por la tercera: Mariano Cascallares, Fernando Espinoza, Marisa Fassi, Jorge Ferraresi, Dulce Granados, Mart\u00edn Insaurralde; por la cuarta: Alberto Conocchiari, Mar\u00eda Sol Fern\u00e1ndez, Mar\u00eda Gianini, Germ\u00e1n Lago , Walter Torchio, Pablo Zurro; por la quinta: Marcela Basualdo, Juan Pablo de Jes\u00fas, Gustavo Barrera, Andrea C\u00e1ceres, Jorge Paredi, Fernanda Raverta; por la sexta: Alejandro Acerbo, N\u00e9stor \u00c1lvarez, Alejandro Di Chiara, Ayel\u00e9n Dur\u00e1n, Marisol Merkel, Marcelo Santill\u00e1n; por la s\u00e9ptima: Laura Aloisi, Juan Carlos Gasparini, Mar\u00eda Manzini, Hernan Ralinqueo, Agustina Rubio, Guillermo Santill\u00e1n; por la octava: Julio Alak, Gabriel Bruera, Andr\u00e9s Larroque, Victoria Tolosa Paz, Nancy Beatriz Riquelme, Florencia Saintout; de extracci\u00f3n sindical Humberto Bertinat, Walter Correa, Esteban Sanzio, Omar Plaini, Vanesa Siley; por la rama femenina: Juliana Di Tulio, Ver\u00f3nica Magario, Mayra Mendoza, Karina Menendez, Liliana Schwint; de juventud Tom\u00e1s Bozzano, Amira Curi, Macarena Kunkel Fioramonti, Mar\u00eda Marta Guerra, Ayel\u00e9n L\u00f3pez. Tambi\u00e9n estuvo presente el intendente de Merlo en uso de licencia Gustavo Men\u00e9ndez.&nbsp;<\/p>\n","protected":false},"excerpt":{"rendered":"<p>La reuni\u00f3n que se realiz\u00f3 en La Plata, fue encabezada por el presidente del partido en la Provincia, M\u00e1ximo Kirchner.\u00a0\u00abSeguimos fortaleciendo el PJ bonaerense y el peronismo en cada uno de los municipios de la Provincia\u00bb, afirm\u00f3 la intendenta de &hellip; <a href=\"https:\/\/morenoprimero.com.ar\/archivo\/mariel-fernandez-participo-de-la-reunion-de-consejeros-y-consejeras-del-partido-justicialista-bonaerense\/\">Sigue leyendo <span class=\"meta-nav\">&rarr;<\/span><\/a><\/p>\n","protected":false},"author":6,"featured_media":24584,"comment_status":"closed","ping_status":"closed","sticky":false,"template":"","format":"standard","meta":{"footnotes":""},"categories":[2,27,2329],"tags":[276,277,994,1948],"class_list":["post-24583","post","type-post","status-publish","format-standard","has-post-thumbnail","hentry","category-destacadas","category-politica","category-provincial","tag-mariel-fernandez","tag-maximo-kirchner","tag-partido-justicialista","tag-pj-bonaerense"],"_links":{"self":[{"href":"https:\/\/morenoprimero.com.ar\/archivo\/wp-json\/wp\/v2\/posts\/24583","targetHints":{"allow":["GET"]}}],"collection":[{"href":"https:\/\/morenoprimero.com.ar\/archivo\/wp-json\/wp\/v2\/posts"}],"about":[{"href":"https:\/\/morenoprimero.com.ar\/archivo\/wp-json\/wp\/v2\/types\/post"}],"author":[{"embeddable":true,"href":"https:\/\/morenoprimero.com.ar\/archivo\/wp-json\/wp\/v2\/users\/6"}],"replies":[{"embeddable":true,"href":"https:\/\/morenoprimero.com.ar\/archivo\/wp-json\/wp\/v2\/comments?post=24583"}],"version-history":[{"count":6,"href":"https:\/\/morenoprimero.com.ar\/archivo\/wp-json\/wp\/v2\/posts\/24583\/revisions"}],"predecessor-version":[{"id":24625,"href":"https:\/\/morenoprimero.com.ar\/archivo\/wp-json\/wp\/v2\/posts\/24583\/revisions\/24625"}],"wp:featuredmedia":[{"embeddable":true,"href":"https:\/\/morenoprimero.com.ar\/archivo\/wp-json\/wp\/v2\/media\/24584"}],"wp:attachment":[{"href":"https:\/\/morenoprimero.com.ar\/archivo\/wp-json\/wp\/v2\/media?parent=24583"}],"wp:term":[{"taxonomy":"category","embeddable":true,"href":"https:\/\/morenoprimero.com.ar\/archivo\/wp-json\/wp\/v2\/categories?post=24583"},{"taxonomy":"post_tag","embeddable":true,"href":"https:\/\/morenoprimero.com.ar\/archivo\/wp-json\/wp\/v2\/tags?post=24583"}],"curies":[{"name":"wp","href":"https:\/\/api.w.org\/{rel}","templated":true}]}}