{"id":2444,"date":"2020-09-11T15:52:13","date_gmt":"2020-09-11T15:52:13","guid":{"rendered":"https:\/\/morenoprimero.com.ar\/?p=2444"},"modified":"2020-09-11T15:54:03","modified_gmt":"2020-09-11T15:54:03","slug":"kicillof-aumenta-el-salario-policial-de-la-bonaerense","status":"publish","type":"post","link":"https:\/\/morenoprimero.com.ar\/archivo\/kicillof-aumenta-el-salario-policial-de-la-bonaerense\/","title":{"rendered":"KICILLOF AUMENTA EL SALARIO DE LA POLIC\u00cdA BONAERENSE"},"content":{"rendered":"\n<h2 class=\"wp-block-heading\">La medida incluye horas extra al triple, cuadruplicar el\u00a0dinero destinado al uniforme y un nuevo entrenamiento.<\/h2>\n\n\n\n<p>El gobernador bonaerense, Axel Kicillof, <strong>anunci\u00f3 el aumento de los salarios a los polic\u00edas de la provincia de Buenos Aires y adelant\u00f3 que se equipar\u00e1 con el de la polic\u00eda Federal Argentina.<\/strong><\/p>\n\n\n\n<p>Desde la casa de gobierno en La Plata y tras cuatro dias de protestas, <strong>Kicillof -reunido con varios intendentes- comunic\u00f3 que el aumento ser\u00e1 inmediato para 39.521 oficiales de 44.000 pesos y que se aplicar\u00e1 en la misma proporci\u00f3n para el resto de la jerarqu\u00eda policial.<\/strong><\/p>\n\n\n\n<p>\u00ab<strong>Es un reclamo hist\u00f3rico<\/strong>\u00ab, asegur\u00f3 el gobernador quien adem\u00e1s inform\u00f3 que se aumentar\u00e1 el monto para la compra de uniformes a 5 mil pesos y que se triplicar\u00e1\u00a0 el valor de las horas extras a 120 pesos. \u00ab<strong>No se puede implementar un plan de seguridad como el que necesitan los y las bonaerenses con una polic\u00eda con sueldos deteriorados. Los salarios de los polic\u00edas tienen que estar a la altura de las circunstancias<\/strong>\u00ab, reconoci\u00f3 Kicillof.  La medida tambi\u00e9n alcanzar\u00e1 a los agentes del servio penitenciario<\/p>\n\n\n\n<p>El plan de recomposici\u00f3n salarial contempla la creaci\u00f3n del Instituto Universitario Juan Vucetich para la jerarquizaci\u00f3n de la fuerza, basado en el respeto a los estandares internacionales en Derechos Humanos. \u00abPresentamos un plan estrat\u00e9gico para que desarrolle los mismos est\u00e1ndares que tienen las fuerzas federales.\u201d, dijo el gobernador, y a\u00f1adi\u00f3: \u00ab<strong>Es dar un salto de calidad y de fondo en el profesionalismo de la polic\u00eda de Buenos Aires. A igual trabajo, igual remuneraci\u00f3n. A la misma remuneraci\u00f3n tienen que corresponder las mismas exigencias y obligaciones. Vamos a dar pero pedir, vamos a ser muy exigentes, pero lo vamos a acompa\u00f1ar con este reconocimiento<\/strong>\u00ab.<\/p>\n\n\n\n<p>Adem\u00e1s, la medida incluye incorporar dos hospitales exclusivos para el tratamiento de los uniformados y tambi\u00e9n recibir\u00e1n asistencia psciol\u00f3gica que se har\u00e1 en conjunto con el Ministerio de Salud.<\/p>\n\n\n\n<p>En relaci\u00f3n a las protestas el gobenador asegur\u00f3: \u201cD<strong>entro de la ley todo, fuera de la ley nada<\/strong>\u201d.<\/p>\n\n\n\n<p><strong>El anuncio se suma al plan de seguridad que se conoci\u00f3 viernes pasado con la incorporaci\u00f3n de miles de polic\u00edas, obras en 96 comisar\u00edas en la provincia de Buenos Aires, 4 mil paradas seguras con c\u00e1maras, construcci\u00f3n de 12 nuevas c\u00e1rceles y la incorporaci\u00f3n de tecnolog\u00eda para evitar delitos.<\/strong><\/p>\n\n\n\n<p>\u00ab<strong>La gesti\u00f3n anterior hab\u00eda prometido equiparar los salarios de la polic\u00eda de la Provincia al de otras fuerzas. No se hizo. No solo no fue verdad, sino que cay\u00f3 un 30 por ciento<\/strong>.\u201d, record\u00f3 Kicillof.<\/p>\n\n\n\n<figure class=\"wp-block-embed-twitter wp-block-embed is-type-rich is-provider-twitter\"><div class=\"wp-block-embed__wrapper\">\n<blockquote class=\"twitter-tweet\" data-width=\"550\" data-dnt=\"true\"><p lang=\"es\" dir=\"ltr\">Estamos trabajando para construir una polic\u00eda m\u00e1s profesional y m\u00e1s equipada porque nuestro compromiso es con cada uno de los y las bonaerenses.<a href=\"https:\/\/twitter.com\/hashtag\/ProvinciaEnMarcha?src=hash&amp;ref_src=twsrc%5Etfw\">#ProvinciaEnMarcha<\/a> <a href=\"https:\/\/t.co\/ICstAQFr9A\">pic.twitter.com\/ICstAQFr9A<\/a><\/p>&mdash; Axel Kicillof (@Kicillofok) <a href=\"https:\/\/twitter.com\/Kicillofok\/status\/1304194875181748225?ref_src=twsrc%5Etfw\">September 10, 2020<\/a><\/blockquote><script async src=\"https:\/\/platform.twitter.com\/widgets.js\" charset=\"utf-8\"><\/script>\n<\/div><\/figure>\n","protected":false},"excerpt":{"rendered":"<p>La medida incluye horas extra al triple, cuadruplicar el\u00a0dinero destinado al uniforme y un nuevo entrenamiento. El gobernador bonaerense, Axel Kicillof, anunci\u00f3 el aumento de los salarios a los polic\u00edas de la provincia de Buenos Aires y adelant\u00f3 que se &hellip; <a href=\"https:\/\/morenoprimero.com.ar\/archivo\/kicillof-aumenta-el-salario-policial-de-la-bonaerense\/\">Sigue leyendo <span class=\"meta-nav\">&rarr;<\/span><\/a><\/p>\n","protected":false},"author":6,"featured_media":2498,"comment_status":"open","ping_status":"open","sticky":false,"template":"","format":"standard","meta":{"footnotes":""},"categories":[27,5,20],"tags":[132,179,60],"class_list":["post-2444","post","type-post","status-publish","format-standard","has-post-thumbnail","hentry","category-politica","category-recomendadas","category-sociedad","tag-axel-kicillof","tag-policia-bonaerense","tag-provincia-de-buenos-aires"],"_links":{"self":[{"href":"https:\/\/morenoprimero.com.ar\/archivo\/wp-json\/wp\/v2\/posts\/2444","targetHints":{"allow":["GET"]}}],"collection":[{"href":"https:\/\/morenoprimero.com.ar\/archivo\/wp-json\/wp\/v2\/posts"}],"about":[{"href":"https:\/\/morenoprimero.com.ar\/archivo\/wp-json\/wp\/v2\/types\/post"}],"author":[{"embeddable":true,"href":"https:\/\/morenoprimero.com.ar\/archivo\/wp-json\/wp\/v2\/users\/6"}],"replies":[{"embeddable":true,"href":"https:\/\/morenoprimero.com.ar\/archivo\/wp-json\/wp\/v2\/comments?post=2444"}],"version-history":[{"count":3,"href":"https:\/\/morenoprimero.com.ar\/archivo\/wp-json\/wp\/v2\/posts\/2444\/revisions"}],"predecessor-version":[{"id":2500,"href":"https:\/\/morenoprimero.com.ar\/archivo\/wp-json\/wp\/v2\/posts\/2444\/revisions\/2500"}],"wp:featuredmedia":[{"embeddable":true,"href":"https:\/\/morenoprimero.com.ar\/archivo\/wp-json\/wp\/v2\/media\/2498"}],"wp:attachment":[{"href":"https:\/\/morenoprimero.com.ar\/archivo\/wp-json\/wp\/v2\/media?parent=2444"}],"wp:term":[{"taxonomy":"category","embeddable":true,"href":"https:\/\/morenoprimero.com.ar\/archivo\/wp-json\/wp\/v2\/categories?post=2444"},{"taxonomy":"post_tag","embeddable":true,"href":"https:\/\/morenoprimero.com.ar\/archivo\/wp-json\/wp\/v2\/tags?post=2444"}],"curies":[{"name":"wp","href":"https:\/\/api.w.org\/{rel}","templated":true}]}}