{"id":24293,"date":"2022-02-09T14:46:41","date_gmt":"2022-02-09T17:46:41","guid":{"rendered":"https:\/\/morenoprimero.com.ar\/?p=24293"},"modified":"2022-02-09T15:44:06","modified_gmt":"2022-02-09T18:44:06","slug":"araceli-bellotta-moreno-es-la-demostracion-de-que-es-posible-una-construccion-politica-que-tenga-como-base-la-unidad-de-las-mujeres","status":"publish","type":"post","link":"https:\/\/morenoprimero.com.ar\/archivo\/araceli-bellotta-moreno-es-la-demostracion-de-que-es-posible-una-construccion-politica-que-tenga-como-base-la-unidad-de-las-mujeres\/","title":{"rendered":"Araceli Bellotta: \u00abMoreno es la demostraci\u00f3n de que es posible una construcci\u00f3n pol\u00edtica que tenga como base la unidad de las mujeres\u00bb"},"content":{"rendered":"\n<p>La historiadora, referente del peronismo, del feminismo popular, y actual presidenta del Honorable Concejo Deliberante de Moreno, <strong>Araceli Bellotta,<\/strong> dialog\u00f3 con Moreno Primero acerca de su libro \u00ab<strong>El peronismo ser\u00e1 feminista o no ser\u00e1 nada<\/strong>\u00bb y su mirada sobre la lucha de las mujeres para ganar espacios de decisi\u00f3n en los \u00e1mbitos pol\u00edticos.<\/p>\n\n\n\n<p><strong>Moreno Primero<\/strong>&#8211; En tu libro haces un minucioso recorrido hist\u00f3rico que comienza en la Am\u00e9rica precolombina y explicas que el patriarcado como fen\u00f3meno hegem\u00f3nico es producto de la conquista, y de la relaci\u00f3n directa que hay entre la idea de propiedad privada y dominaci\u00f3n sobre los cuerpos de las mujeres. <strong>\u00bfCrees que es posible un mundo feminista mientras el capitalismo contin\u00fae siendo el sistema de dominaci\u00f3n predominante<\/strong>?<\/p>\n\n\n\n<p><strong>Araceli Bellotta<\/strong>&#8211; Yo digo en el libro que, antes de la conquista, hab\u00eda un patriarcado atemperado. Que las mujeres y los varones ten\u00edan distintos roles pero exist\u00eda una mirada complementaria, por la cosmogon\u00eda que ten\u00edan era complementaria y, adem\u00e1s, hab\u00eda una construcci\u00f3n comunitaria de la vida que abarcaba tambi\u00e9n la idea de familia, de crianza de los hijos, del desarrollo del trabajo y de la producci\u00f3n. El incipiente capitalismo que se instaur\u00f3 a partir de la conquista trunc\u00f3 ese desarrollo. <strong>El patriarcado que hoy vivimos es una herramienta que sostiene el capitalismo<\/strong>. El tema es que, en reg\u00edmenes socialistas, tambi\u00e9n hay patriarcado.<\/p>\n\n\n\n<p>M.P- Hablas tambi\u00e9n de un pacto masculino. Los espa\u00f1oles usaban como interlocutores a los varones nativos a pesar de que, en ese momento, en estas tierras la mujer era valorada y respetada como par. \u00bf<strong>De qu\u00e9 manera observas que esos pactos se siguen replicando hoy para excluir a la mujer de la pol\u00edtica<\/strong>?<\/p>\n\n\n\n<p>A.B-<strong>El pacto de masculinidad existe hoy en la pol\u00edtica, en el sindicalismo, pero tambi\u00e9n en los movimientos sociales, en los barrios, en las empresas, en la justicia en todos los sectores y \u00e1mbitos<\/strong>. La diferencia es que las mujeres, a partir de su asociaci\u00f3n y militancia, los contrarrestan. Por eso es importante que los feminismos pongan en primer lugar la cuesti\u00f3n de la construcci\u00f3n de nuevas masculinidades y para ello tambi\u00e9n tendr\u00edamos que hablar de nuevas feminidades.<\/p>\n\n\n\n<div class=\"wp-block-image\"><figure class=\"aligncenter size-large\"><a href=\"https:\/\/morenoprimero.com.ar\/wp-content\/uploads\/2022\/02\/272997061_1149443442460322_7412281202874342007_n.jpg\"><img loading=\"lazy\" decoding=\"async\" width=\"1024\" height=\"1024\" src=\"https:\/\/morenoprimero.com.ar\/wp-content\/uploads\/2022\/02\/272997061_1149443442460322_7412281202874342007_n-1024x1024.jpg\" alt=\"\" class=\"wp-image-24300\" srcset=\"https:\/\/morenoprimero.com.ar\/archivo\/wp-content\/uploads\/2022\/02\/272997061_1149443442460322_7412281202874342007_n-1024x1024.jpg 1024w, https:\/\/morenoprimero.com.ar\/archivo\/wp-content\/uploads\/2022\/02\/272997061_1149443442460322_7412281202874342007_n-300x300.jpg 300w, https:\/\/morenoprimero.com.ar\/archivo\/wp-content\/uploads\/2022\/02\/272997061_1149443442460322_7412281202874342007_n-150x150.jpg 150w, https:\/\/morenoprimero.com.ar\/archivo\/wp-content\/uploads\/2022\/02\/272997061_1149443442460322_7412281202874342007_n-768x768.jpg 768w, https:\/\/morenoprimero.com.ar\/archivo\/wp-content\/uploads\/2022\/02\/272997061_1149443442460322_7412281202874342007_n.jpg 1080w\" sizes=\"auto, (max-width: 1024px) 100vw, 1024px\" \/><\/a><\/figure><\/div>\n\n\n\n<p>M.P- \u00bfCrees que es necesario dar una disputa por el sentido pol\u00edtico del feminismo desde una mirada nacional y popular para evitar que este se convierta en un instrumento m\u00e1s del capitalismo desde una l\u00f3gica liberal e individualista?<\/p>\n\n\n\n<p>A.B- Si. <strong>Se trata de conseguir derechos pero, sobre todo, se trata de debatir un nuevo paradigma d\u00f3nde lo comunitario prevalezca sobre el individualismo<\/strong>. Se trata de evitar que nos maten y nos golpeen, pero sobre todo se trata de construir entre todxs una sociedad que nos respete, nos permita desarrollarnos, producir, y crecer en forma igualitaria.<\/p>\n\n\n\n<p>M.P- Yendo a lo local, <strong>Moreno es un distrito donde hoy se gestiona con perspectiva de g\u00e9nero<\/strong>, la figura de Mariel es de total relevancia para los feminismos populares y un ejemplo de que lo discursivo se puede trasladar a lo concreto si existe voluntad pol\u00edtica. \u00bfCrees es que es posible replicar esta experiencia en otros distritos u otros \u00e1mbitos?<\/p>\n\n\n\n<p>A.B<strong>&#8211; De muchos distritos, no solo de Buenos Aires, sino de otras provincias, toman a Moreno como la demostraci\u00f3n de que es posible una construcci\u00f3n pol\u00edtica que tuvo como base la unidad de las mujeres asociada a una propuesta de construcci\u00f3n comunitaria<\/strong>.<\/p>\n\n\n\n<p>M.P-El feminismo en los \u00faltimos a\u00f1os puso en agenda un mont\u00f3n de demandas, muchas de ellas lograron convertirse en leyes como la legalizaci\u00f3n del aborto, <strong>\u00bfCu\u00e1l crees que debiera ser el pr\u00f3ximo y m\u00e1s urgente desaf\u00edo? \u00bfQu\u00e9 rol tienen las compa\u00f1eras peronistas\/ feministas en ese sentido?<\/strong><\/p>\n\n\n\n<p>A.B-Evita dice en \u00abLa Raz\u00f3n de mi Vida\u00bb que las mujeres son como las naciones: si no tienen independencia econ\u00f3mica no es posible su desarrollo. <strong>Me parece que ese es el camino que se comenz\u00f3 a transitar con la AUH, con el programa <em>Ellas hacen<\/em><\/strong>, y que debiera profundizar con otras experiencias en las que se avance con la formaci\u00f3n, y sobre todo con las posibilidades reales para que las mujeres puedan concretar emprendimientos que les permitan esa independencia econ\u00f3mica que las coloque en plano de paridad con los varones.<\/p>\n","protected":false},"excerpt":{"rendered":"<p>La historiadora, referente del peronismo, del feminismo popular, y actual presidenta del Honorable Concejo Deliberante de Moreno, Araceli Bellotta, dialog\u00f3 con Moreno Primero acerca de su libro \u00abEl peronismo ser\u00e1 feminista o no ser\u00e1 nada\u00bb y su mirada sobre la &hellip; <a href=\"https:\/\/morenoprimero.com.ar\/archivo\/araceli-bellotta-moreno-es-la-demostracion-de-que-es-posible-una-construccion-politica-que-tenga-como-base-la-unidad-de-las-mujeres\/\">Sigue leyendo <span class=\"meta-nav\">&rarr;<\/span><\/a><\/p>\n","protected":false},"author":6,"featured_media":24296,"comment_status":"closed","ping_status":"closed","sticky":false,"template":"","format":"standard","meta":{"footnotes":""},"categories":[2332,2],"tags":[900],"class_list":["post-24293","post","type-post","status-publish","format-standard","has-post-thumbnail","hentry","category-cultura","category-destacadas","tag-araceli-bellotta"],"_links":{"self":[{"href":"https:\/\/morenoprimero.com.ar\/archivo\/wp-json\/wp\/v2\/posts\/24293","targetHints":{"allow":["GET"]}}],"collection":[{"href":"https:\/\/morenoprimero.com.ar\/archivo\/wp-json\/wp\/v2\/posts"}],"about":[{"href":"https:\/\/morenoprimero.com.ar\/archivo\/wp-json\/wp\/v2\/types\/post"}],"author":[{"embeddable":true,"href":"https:\/\/morenoprimero.com.ar\/archivo\/wp-json\/wp\/v2\/users\/6"}],"replies":[{"embeddable":true,"href":"https:\/\/morenoprimero.com.ar\/archivo\/wp-json\/wp\/v2\/comments?post=24293"}],"version-history":[{"count":3,"href":"https:\/\/morenoprimero.com.ar\/archivo\/wp-json\/wp\/v2\/posts\/24293\/revisions"}],"predecessor-version":[{"id":24313,"href":"https:\/\/morenoprimero.com.ar\/archivo\/wp-json\/wp\/v2\/posts\/24293\/revisions\/24313"}],"wp:featuredmedia":[{"embeddable":true,"href":"https:\/\/morenoprimero.com.ar\/archivo\/wp-json\/wp\/v2\/media\/24296"}],"wp:attachment":[{"href":"https:\/\/morenoprimero.com.ar\/archivo\/wp-json\/wp\/v2\/media?parent=24293"}],"wp:term":[{"taxonomy":"category","embeddable":true,"href":"https:\/\/morenoprimero.com.ar\/archivo\/wp-json\/wp\/v2\/categories?post=24293"},{"taxonomy":"post_tag","embeddable":true,"href":"https:\/\/morenoprimero.com.ar\/archivo\/wp-json\/wp\/v2\/tags?post=24293"}],"curies":[{"name":"wp","href":"https:\/\/api.w.org\/{rel}","templated":true}]}}