{"id":23963,"date":"2022-02-02T10:29:27","date_gmt":"2022-02-02T13:29:27","guid":{"rendered":"https:\/\/morenoprimero.com.ar\/?p=23963"},"modified":"2022-02-02T10:29:28","modified_gmt":"2022-02-02T13:29:28","slug":"salud-en-moreno-como-debe-ser-el-esquema-de-calendario-de-vacunacion-contra-el-sarampion","status":"publish","type":"post","link":"https:\/\/morenoprimero.com.ar\/archivo\/salud-en-moreno-como-debe-ser-el-esquema-de-calendario-de-vacunacion-contra-el-sarampion\/","title":{"rendered":"Salud en Moreno: C\u00f3mo debe ser el esquema de calendario de vacunaci\u00f3n contra el sarampi\u00f3n"},"content":{"rendered":"\n<h5 class=\"wp-block-heading\">La subsecretaria de Salud, B\u00e1rbara Cort\u00e9s, explic\u00f3 por qu\u00e9 es importante completar los esquemas de inoculaci\u00f3n tanto en infancias como en adultos que viajen al exterior. Tambi\u00e9n contin\u00faa con la campa\u00f1a de vacunaci\u00f3n y los testeos de VIH y S\u00edfilis.<\/h5>\n\n\n\n<p>En <strong>Moreno<\/strong> todos los d\u00edas se concientiza e incentiva sobre la importancia de la vacunaci\u00f3n en ni\u00f1os, ni\u00f1as, adolescentes y adultos, en este caso, la secretaria de salud del municipio public\u00f3 informaci\u00f3n acerca de c\u00f3mo evitar la circulaci\u00f3n del <strong>Sarampi\u00f3n<\/strong>, para eso, es importante completar el esquema de calendario de vacunaci\u00f3n. &nbsp;<\/p>\n\n\n\n<p>La inoculaci\u00f3n es importante en todas las edades, pero por sobre todas las cosas, en personas que viajen al exterior, transportistas, personal de salud, tripulaci\u00f3n, fuerzas de seguridad, docentes y no docentes. \u201c<strong>La vacunaci\u00f3n es una estrategia de salud p\u00fablica que permite la erradicaci\u00f3n de enfermedades, no s\u00f3lo previene enfermedades sino complicaciones en el curso de las mismas<\/strong>\u201d expres\u00f3 B\u00e1rbara Cort\u00e9s, subsecretar\u00eda de salud.&nbsp;<\/p>\n\n\n\n<figure class=\"wp-block-gallery columns-2 is-cropped wp-block-gallery-1 is-layout-flex wp-block-gallery-is-layout-flex\"><ul class=\"blocks-gallery-grid\"><li class=\"blocks-gallery-item\"><figure><a href=\"https:\/\/morenoprimero.com.ar\/wp-content\/uploads\/2022\/02\/saram-2-1024x1024.jpg\"><img loading=\"lazy\" decoding=\"async\" width=\"1024\" height=\"1024\" src=\"https:\/\/morenoprimero.com.ar\/wp-content\/uploads\/2022\/02\/saram-2-1024x1024.jpg\" alt=\"\" data-id=\"23965\" class=\"wp-image-23965\" srcset=\"https:\/\/morenoprimero.com.ar\/archivo\/wp-content\/uploads\/2022\/02\/saram-2-1024x1024.jpg 1024w, https:\/\/morenoprimero.com.ar\/archivo\/wp-content\/uploads\/2022\/02\/saram-2-300x300.jpg 300w, https:\/\/morenoprimero.com.ar\/archivo\/wp-content\/uploads\/2022\/02\/saram-2-150x150.jpg 150w, https:\/\/morenoprimero.com.ar\/archivo\/wp-content\/uploads\/2022\/02\/saram-2-768x768.jpg 768w, https:\/\/morenoprimero.com.ar\/archivo\/wp-content\/uploads\/2022\/02\/saram-2.jpg 1280w\" sizes=\"auto, (max-width: 1024px) 100vw, 1024px\" \/><\/a><\/figure><\/li><li class=\"blocks-gallery-item\"><figure><a href=\"https:\/\/morenoprimero.com.ar\/wp-content\/uploads\/2022\/02\/sarampion-1.jpg\"><img loading=\"lazy\" decoding=\"async\" width=\"1024\" height=\"1024\" src=\"https:\/\/morenoprimero.com.ar\/wp-content\/uploads\/2022\/02\/sarampion-1-1024x1024.jpg\" alt=\"\" data-id=\"23967\" data-full-url=\"https:\/\/morenoprimero.com.ar\/wp-content\/uploads\/2022\/02\/sarampion-1.jpg\" data-link=\"https:\/\/morenoprimero.com.ar\/?attachment_id=23967\" class=\"wp-image-23967\" srcset=\"https:\/\/morenoprimero.com.ar\/archivo\/wp-content\/uploads\/2022\/02\/sarampion-1-1024x1024.jpg 1024w, https:\/\/morenoprimero.com.ar\/archivo\/wp-content\/uploads\/2022\/02\/sarampion-1-300x300.jpg 300w, https:\/\/morenoprimero.com.ar\/archivo\/wp-content\/uploads\/2022\/02\/sarampion-1-150x150.jpg 150w, https:\/\/morenoprimero.com.ar\/archivo\/wp-content\/uploads\/2022\/02\/sarampion-1-768x767.jpg 768w, https:\/\/morenoprimero.com.ar\/archivo\/wp-content\/uploads\/2022\/02\/sarampion-1.jpg 1280w\" sizes=\"auto, (max-width: 1024px) 100vw, 1024px\" \/><\/a><\/figure><\/li><\/ul><\/figure>\n\n\n\n<p>En ese sentido, las infancias de hasta 12 meses deber\u00e1n tener la primera dosis de vacuna triple viral, las infancias de hasta 5 a\u00f1os deber\u00e1n tener la segunda dosis de vacuna triple viral y en el caso de mayores de 5 a\u00f1os, adolescentes y personas adultas, deber\u00e1n acreditar al menos 2 dosis de la vacuna doble o triple viral. &nbsp;<\/p>\n\n\n\n<p>Por otra parte, este mi\u00e9rcoles 2 de febrero y el viernes 4 se inocular\u00e1 a las infancias y adolescentes de las colonias de verano, en este caso, en el polideportivo de Paso del Rey. All\u00ed, desde la subsecretar\u00eda de deportes y recreaci\u00f3n, en articulaci\u00f3n con la secretar\u00eda de salud contin\u00faan con la campa\u00f1a de vacunaci\u00f3n y los testeos de VIH y S\u00edfilis desde las 10 de la ma\u00f1ana. <\/p>\n\n\n\n<p>En el a\u00f1o 2020, cuando la gesti\u00f3n de <strong>Mariel Fern\u00e1ndez <\/strong>comenzaba a trabajar fuertemente en todo el partido,<strong> se inocularon a m\u00e1s de 2500 personas <\/strong>para contener y terminar con el brote de Sarampi\u00f3n, convirti\u00e9ndose as\u00ed, en el municipio que m\u00e1s dosis aplic\u00f3 contra esta enfermedad. &nbsp;<\/p>\n\n\n\n<p>\u201c<strong>La vacunaci\u00f3n es uno de los ejes de pol\u00edtica sanitaria que m\u00e1s nos preocupa. Por eso le agradezco a cada promotora o promotor que est\u00e1 trabajando para que nuestras vecinas y vecinos tengan acceso a una salud p\u00fablica de calidad como se merecen<\/strong>\u201d expres\u00f3 Mariel Fern\u00e1ndez, intendenta de Moreno.&nbsp;<\/p>\n\n\n\n<figure class=\"wp-block-image size-large\"><a href=\"https:\/\/morenoprimero.com.ar\/wp-content\/uploads\/2022\/02\/mariel-y-promotorx-de-salud.jpg\"><img loading=\"lazy\" decoding=\"async\" width=\"1024\" height=\"682\" src=\"https:\/\/morenoprimero.com.ar\/wp-content\/uploads\/2022\/02\/mariel-y-promotorx-de-salud-1024x682.jpg\" alt=\"\" class=\"wp-image-23964\" srcset=\"https:\/\/morenoprimero.com.ar\/archivo\/wp-content\/uploads\/2022\/02\/mariel-y-promotorx-de-salud-1024x682.jpg 1024w, https:\/\/morenoprimero.com.ar\/archivo\/wp-content\/uploads\/2022\/02\/mariel-y-promotorx-de-salud-300x200.jpg 300w, https:\/\/morenoprimero.com.ar\/archivo\/wp-content\/uploads\/2022\/02\/mariel-y-promotorx-de-salud-768x512.jpg 768w, https:\/\/morenoprimero.com.ar\/archivo\/wp-content\/uploads\/2022\/02\/mariel-y-promotorx-de-salud.jpg 1280w\" sizes=\"auto, (max-width: 1024px) 100vw, 1024px\" \/><\/a><\/figure>\n\n\n\n<p><\/p>\n","protected":false},"excerpt":{"rendered":"<p>La subsecretaria de Salud, B\u00e1rbara Cort\u00e9s, explic\u00f3 por qu\u00e9 es importante completar los esquemas de inoculaci\u00f3n tanto en infancias como en adultos que viajen al exterior. Tambi\u00e9n contin\u00faa con la campa\u00f1a de vacunaci\u00f3n y los testeos de VIH y S\u00edfilis. &hellip; <a href=\"https:\/\/morenoprimero.com.ar\/archivo\/salud-en-moreno-como-debe-ser-el-esquema-de-calendario-de-vacunacion-contra-el-sarampion\/\">Sigue leyendo <span class=\"meta-nav\">&rarr;<\/span><\/a><\/p>\n","protected":false},"author":6,"featured_media":23968,"comment_status":"closed","ping_status":"closed","sticky":false,"template":"","format":"standard","meta":{"footnotes":""},"categories":[3,2328,536],"tags":[132,276,6,102,60,3652,101],"class_list":["post-23963","post","type-post","status-publish","format-standard","has-post-thumbnail","hentry","category-importantes","category-local","category-salud","tag-axel-kicillof","tag-mariel-fernandez","tag-moreno","tag-municipio-de-moreno","tag-provincia-de-buenos-aires","tag-sarampion-2","tag-secretaria-de-salud"],"_links":{"self":[{"href":"https:\/\/morenoprimero.com.ar\/archivo\/wp-json\/wp\/v2\/posts\/23963","targetHints":{"allow":["GET"]}}],"collection":[{"href":"https:\/\/morenoprimero.com.ar\/archivo\/wp-json\/wp\/v2\/posts"}],"about":[{"href":"https:\/\/morenoprimero.com.ar\/archivo\/wp-json\/wp\/v2\/types\/post"}],"author":[{"embeddable":true,"href":"https:\/\/morenoprimero.com.ar\/archivo\/wp-json\/wp\/v2\/users\/6"}],"replies":[{"embeddable":true,"href":"https:\/\/morenoprimero.com.ar\/archivo\/wp-json\/wp\/v2\/comments?post=23963"}],"version-history":[{"count":5,"href":"https:\/\/morenoprimero.com.ar\/archivo\/wp-json\/wp\/v2\/posts\/23963\/revisions"}],"predecessor-version":[{"id":23991,"href":"https:\/\/morenoprimero.com.ar\/archivo\/wp-json\/wp\/v2\/posts\/23963\/revisions\/23991"}],"wp:featuredmedia":[{"embeddable":true,"href":"https:\/\/morenoprimero.com.ar\/archivo\/wp-json\/wp\/v2\/media\/23968"}],"wp:attachment":[{"href":"https:\/\/morenoprimero.com.ar\/archivo\/wp-json\/wp\/v2\/media?parent=23963"}],"wp:term":[{"taxonomy":"category","embeddable":true,"href":"https:\/\/morenoprimero.com.ar\/archivo\/wp-json\/wp\/v2\/categories?post=23963"},{"taxonomy":"post_tag","embeddable":true,"href":"https:\/\/morenoprimero.com.ar\/archivo\/wp-json\/wp\/v2\/tags?post=23963"}],"curies":[{"name":"wp","href":"https:\/\/api.w.org\/{rel}","templated":true}]}}