{"id":23774,"date":"2022-01-26T19:08:48","date_gmt":"2022-01-26T22:08:48","guid":{"rendered":"https:\/\/morenoprimero.com.ar\/?p=23774"},"modified":"2022-01-26T19:08:48","modified_gmt":"2022-01-26T22:08:48","slug":"el-gobierno-apuesta-a-los-agroalimentos-para-potenciar-exportaciones","status":"publish","type":"post","link":"https:\/\/morenoprimero.com.ar\/archivo\/el-gobierno-apuesta-a-los-agroalimentos-para-potenciar-exportaciones\/","title":{"rendered":"El gobierno apuesta a los agroalimentos para potenciar exportaciones"},"content":{"rendered":"\n<h5 class=\"wp-block-heading\">La iniciativa de la Jefatura de Gabinete consiste\u00a0en 21 proyectos de ampliaci\u00f3n de la superficie irrigada que abarcan a 12 provincias prev\u00e9 ventas al exterior por 1.800 millones de d\u00f3lares anuales y un total de 52 mil empleos para el sector.<\/h5>\n\n\n\n<p>El Gobierno nacional busca incrementar la producci\u00f3n de agroalimentos a partir de financiamiento para la ampliaci\u00f3n de la superficies con sistema de riego en doce provincias, lo que&nbsp;<strong>podr\u00eda generar 52.000 puestos de trabajo y exportaciones extras por US$ 1.180 millones.<\/strong><\/p>\n\n\n\n<p>En ese marco,&nbsp;<strong>el jefe de Gabinete, Juan Manzur, recibi\u00f3 al ministro de Agricultura, Ganader\u00eda y Pesca, Juli\u00e1n Dom\u00ednguez; al secretario de Asuntos Estrat\u00e9gicos, Gustavo B\u00e9liz; y a los presidentes del Banco Central, Miguel \u00c1ngel Pesce; y del Banco Naci\u00f3n, Eduardo Hecker,<\/strong>&nbsp;para dar impulso a esta l\u00ednea de cr\u00e9dito que permita el incremento de las exportaciones de agroalimentos.<\/p>\n\n\n\n<p>El plan contempla la ejecuci\u00f3n de\u00a0<strong>21 proyectos de riego en 12 provincias\u00a0<\/strong>que\u00a0<strong>permitir\u00e1n sumar 400.000\u00a0<\/strong>hect\u00e1reas a las ya existentes bajo esta modalidad, junto con la\u00a0<strong>habilitaci\u00f3n de otras 600.000 hect\u00e1reas para la producci\u00f3n ganadera<\/strong>, inform\u00f3 la Jefatura de Gabinete a trav\u00e9s de un comunicado.<\/p>\n\n\n\n<p>Los proyectos se llevar\u00e1n a cabo en<strong>&nbsp;las provincias de Buenos Aires, Catamarca, Chubut, Corrientes, Entre R\u00edos, Mendoza, Neuqu\u00e9n, R\u00edo Negro, Salta, Santa Fe, Santiago del Estero y Tucum\u00e1n.<\/strong><\/p>\n\n\n\n<p>Desde el Gobierno nacional aseguraron que \u00abla oportunidad de llevar adelante dichas iniciativas no s\u00f3lo implica beneficios econ\u00f3micos y productivos, sino que permite generar mejores condiciones para fomentar el arraigo y el desarrollo de las comunidades rurales\u00bb.<\/p>\n\n\n\n<p>Para la elaboraci\u00f3n de esta iniciativa, se explic\u00f3, se utiliz\u00f3 como insumo un estudio sobre ampliaci\u00f3n de las \u00e1reas de riego en la Argentina que elabor\u00f3 la Organizaci\u00f3n de las Naciones Unidas para la Agricultura y la Alimentaci\u00f3n (FAO) en los a\u00f1os 2014 y 2015, y en ese trabajo quedaron se\u00f1aladas un conjunto de \u00e1reas a desarrollar que permitir\u00edan llegar a las dos millones de hect\u00e1reas adicionales bajo riego.<\/p>\n\n\n\n<p>Estos anuncios se realizaron en un contexto donde vastas zonas de la superficie agropecuaria nacional fue o contin\u00faa siendo afectada por una fuerte sequ\u00eda durante diciembre y parte de enero.<\/p>\n\n\n\n<p>Si bien de manera oficial no se realizaron recortes en la estimaci\u00f3n de producci\u00f3n de los principales cultivos de verano, como as\u00ed tampoco lo hizo la Bolsa de Cereales de Buenos Aires (BCBA), la Bolsa de Comercio de Rosario (BCR) calcul\u00f3 una merma en la proyecci\u00f3n de cosecha de ma\u00edz y soja de 13 millones de toneladas.<\/p>\n\n\n\n<p>No obstante, las \u00faltimas lluvias que se registraron permitieron recomponer los perfiles de humedad en la zona central y sur del \u00e1rea agr\u00edcola, inclusive con algunos anegamientos, aunque todav\u00eda no resta saber el alcance de los beneficios para los cultivos.<\/p>\n\n\n\n<figure class=\"wp-block-gallery columns-2 is-cropped wp-block-gallery-1 is-layout-flex wp-block-gallery-is-layout-flex\"><ul class=\"blocks-gallery-grid\"><li class=\"blocks-gallery-item\"><figure><a href=\"https:\/\/morenoprimero.com.ar\/wp-content\/uploads\/2022\/01\/5f86cde02b22b_900.jpg\"><img loading=\"lazy\" decoding=\"async\" width=\"900\" height=\"507\" src=\"https:\/\/morenoprimero.com.ar\/wp-content\/uploads\/2022\/01\/5f86cde02b22b_900.jpg\" alt=\"\" data-id=\"23775\" data-full-url=\"https:\/\/morenoprimero.com.ar\/wp-content\/uploads\/2022\/01\/5f86cde02b22b_900.jpg\" data-link=\"https:\/\/morenoprimero.com.ar\/?attachment_id=23775\" class=\"wp-image-23775\" srcset=\"https:\/\/morenoprimero.com.ar\/archivo\/wp-content\/uploads\/2022\/01\/5f86cde02b22b_900.jpg 900w, https:\/\/morenoprimero.com.ar\/archivo\/wp-content\/uploads\/2022\/01\/5f86cde02b22b_900-300x169.jpg 300w, https:\/\/morenoprimero.com.ar\/archivo\/wp-content\/uploads\/2022\/01\/5f86cde02b22b_900-768x433.jpg 768w\" sizes=\"auto, (max-width: 900px) 100vw, 900px\" \/><\/a><\/figure><\/li><li class=\"blocks-gallery-item\"><figure><a href=\"https:\/\/morenoprimero.com.ar\/wp-content\/uploads\/2022\/01\/5f96b35bef52e_900.jpg\"><img loading=\"lazy\" decoding=\"async\" width=\"900\" height=\"506\" src=\"https:\/\/morenoprimero.com.ar\/wp-content\/uploads\/2022\/01\/5f96b35bef52e_900.jpg\" alt=\"\" data-id=\"23776\" data-full-url=\"https:\/\/morenoprimero.com.ar\/wp-content\/uploads\/2022\/01\/5f96b35bef52e_900.jpg\" data-link=\"https:\/\/morenoprimero.com.ar\/?attachment_id=23776\" class=\"wp-image-23776\" srcset=\"https:\/\/morenoprimero.com.ar\/archivo\/wp-content\/uploads\/2022\/01\/5f96b35bef52e_900.jpg 900w, https:\/\/morenoprimero.com.ar\/archivo\/wp-content\/uploads\/2022\/01\/5f96b35bef52e_900-300x169.jpg 300w, https:\/\/morenoprimero.com.ar\/archivo\/wp-content\/uploads\/2022\/01\/5f96b35bef52e_900-768x432.jpg 768w\" sizes=\"auto, (max-width: 900px) 100vw, 900px\" \/><\/a><\/figure><\/li><\/ul><\/figure>\n\n\n\n<p>En este sentido,<strong>&nbsp;Dom\u00ednguez<\/strong>, expres\u00f3 que \u00abdesde comienzo de a\u00f1o venimos trabajando con el tema de la emergencia h\u00eddrica, con un especial hincapi\u00e9 en la readecuaci\u00f3n presupuestaria, con el objetivo de cumplir las metas de asistencia a las provincias y a los productores afectados por la sequ\u00eda\u201d.<\/p>\n\n\n\n<p><strong>\u201cEl desarrollo de la biotecnolog\u00eda para lograr mayor productividad y acompa\u00f1ar con los instrumentos de emergencia a los productores, consiste b\u00e1sicamente en la recomposici\u00f3n del capital de trabajo; a lo largo de todo el pa\u00eds y de forma inmediata\u201d<\/strong>, dijo.<\/p>\n\n\n\n<p><\/p>\n\n\n\n<p>Por su parte,<strong>el vicejefe de Gabinete, Jorge Neme&nbsp;<\/strong>asegur\u00f3 que \u00abel prop\u00f3sito del encuentro fue analizar el n\u00facleo de una pol\u00edtica p\u00fablica de inversiones que permita el incremento de la producci\u00f3n de agroalimentos, a partir de la ampliaci\u00f3n de la superficie agr\u00edcola irrigada en la Argentina\u00bb.<\/p>\n\n\n\n<p>Por otro lado, y en busca tambi\u00e9n de aumentar la producci\u00f3n agropecuaria y promover inversiones en el sector, el Gobierno incluy\u00f3 en el temario de las sesiones extraordinarias en el Congreso nacional el proyecto de Fomento al Desarrollo Agroindustrial, que comprende amortizaciones aceleradas y beneficios fiscales para el sector.<\/p>\n\n\n\n<p>Al respecto,<strong>&nbsp;el vocero del Consejo Agroindustrial Argentino (CAA), Jos\u00e9 Martins,<\/strong>&nbsp;asegur\u00f3 que desde el espacio aguardan con \u00abexpectativa el tratamiento de este proyecto y estamos a la espera de que en la discusi\u00f3n parlamentaria se pueda mejorar el contenido y la duraci\u00f3n de los est\u00edmulos para las producciones agropecuarias y agroindustriales\u00bb.<\/p>\n\n\n\n<p><a href=\"javascript:void(0);\"><\/a><\/p>\n","protected":false},"excerpt":{"rendered":"<p>La iniciativa de la Jefatura de Gabinete consiste\u00a0en 21 proyectos de ampliaci\u00f3n de la superficie irrigada que abarcan a 12 provincias prev\u00e9 ventas al exterior por 1.800 millones de d\u00f3lares anuales y un total de 52 mil empleos para el &hellip; <a href=\"https:\/\/morenoprimero.com.ar\/archivo\/el-gobierno-apuesta-a-los-agroalimentos-para-potenciar-exportaciones\/\">Sigue leyendo <span class=\"meta-nav\">&rarr;<\/span><\/a><\/p>\n","protected":false},"author":6,"featured_media":23777,"comment_status":"closed","ping_status":"closed","sticky":false,"template":"","format":"standard","meta":{"footnotes":""},"categories":[2330],"tags":[3634,742,3144,3635],"class_list":["post-23774","post","type-post","status-publish","format-standard","has-post-thumbnail","hentry","category-nacional","tag-agroalimentos","tag-argentina","tag-juan-manzur","tag-julian-dominguez"],"_links":{"self":[{"href":"https:\/\/morenoprimero.com.ar\/archivo\/wp-json\/wp\/v2\/posts\/23774","targetHints":{"allow":["GET"]}}],"collection":[{"href":"https:\/\/morenoprimero.com.ar\/archivo\/wp-json\/wp\/v2\/posts"}],"about":[{"href":"https:\/\/morenoprimero.com.ar\/archivo\/wp-json\/wp\/v2\/types\/post"}],"author":[{"embeddable":true,"href":"https:\/\/morenoprimero.com.ar\/archivo\/wp-json\/wp\/v2\/users\/6"}],"replies":[{"embeddable":true,"href":"https:\/\/morenoprimero.com.ar\/archivo\/wp-json\/wp\/v2\/comments?post=23774"}],"version-history":[{"count":1,"href":"https:\/\/morenoprimero.com.ar\/archivo\/wp-json\/wp\/v2\/posts\/23774\/revisions"}],"predecessor-version":[{"id":23778,"href":"https:\/\/morenoprimero.com.ar\/archivo\/wp-json\/wp\/v2\/posts\/23774\/revisions\/23778"}],"wp:featuredmedia":[{"embeddable":true,"href":"https:\/\/morenoprimero.com.ar\/archivo\/wp-json\/wp\/v2\/media\/23777"}],"wp:attachment":[{"href":"https:\/\/morenoprimero.com.ar\/archivo\/wp-json\/wp\/v2\/media?parent=23774"}],"wp:term":[{"taxonomy":"category","embeddable":true,"href":"https:\/\/morenoprimero.com.ar\/archivo\/wp-json\/wp\/v2\/categories?post=23774"},{"taxonomy":"post_tag","embeddable":true,"href":"https:\/\/morenoprimero.com.ar\/archivo\/wp-json\/wp\/v2\/tags?post=23774"}],"curies":[{"name":"wp","href":"https:\/\/api.w.org\/{rel}","templated":true}]}}