{"id":23765,"date":"2022-01-26T19:55:04","date_gmt":"2022-01-26T22:55:04","guid":{"rendered":"https:\/\/morenoprimero.com.ar\/?p=23765"},"modified":"2022-01-27T10:00:00","modified_gmt":"2022-01-27T13:00:00","slug":"cecilia-gonzalez-campo-la-accesibilidad-se-expresa-generando-mejores-condiciones-para-el-encuentro-social","status":"publish","type":"post","link":"https:\/\/morenoprimero.com.ar\/archivo\/cecilia-gonzalez-campo-la-accesibilidad-se-expresa-generando-mejores-condiciones-para-el-encuentro-social\/","title":{"rendered":"Cecilia Gonz\u00e1lez Campo: \u00abLa accesibilidad se expresa generando mejores condiciones para el encuentro social\u201d"},"content":{"rendered":"\n<h5 class=\"wp-block-heading\">A finales de 2021, se llev\u00f3 adelante en el distrito la jornada por el D\u00eda Internacional de las Personas con Discapacidad y Cecilia Gonz\u00e1lez Campo, de la Fundaci\u00f3n Rumbos, habl\u00f3 con Moreno Primero sobre su colaboraci\u00f3n con la municipalidad y el trabajo que se realiza para una ciudad m\u00e1s inclusiva y digna.<\/h5>\n\n\n\n<p>En la jornada, se hicieron distintas actividades y se compartieron las diferentes acciones que se llevan adelante en la ciudad con el fin de mejorar las condiciones de accesibilidad para personas con movilidad reducida, sobre todo en los lugares tur\u00edsticos del municipio. <strong>Como es el caso del acceso a las caba\u00f1as en Los Robles<\/strong>, donde se incorporaron condiciones de holgura espacial y el equipo necesario para alojar personas que utilicen sillas de ruedas. Tambi\u00e9n, se inici\u00f3 el proyecto de senderismo inclusivo y se realizaron encuentros para dise\u00f1ar el futuro Paseo Costero.<\/p>\n\n\n\n<p><strong>Cecilia Gonz\u00e1lez Campo<\/strong>, es trabajadora de la Fundaci\u00f3n Rumbos, una fundaci\u00f3n que \u201ctrabaja en el eje de la accesibilidad. En perspectiva de discapacidad, la accesibilidad es un derecho y la falta de accesibilidad expresa la vulneraci\u00f3n de ese derecho. <strong>Los movimientos reivindicativos, el colectivo de personas con discapacidad, la militancia en discapacidad y derechos humanos, promueve acciones positivas en torno a este derecho\u201d.<\/strong><\/p>\n\n\n\n<p>Para Cecilia, Rumbos realiza tareas, en funci\u00f3n de: <strong>\u201cProyectos sociales que tienen que ver con esta causa (accesibilidad en perspectiva de discapacidad). Nunca lo hacemos solos, la problem\u00e1tica de la discapacidad y la problem\u00e1tica del h\u00e1bitat en general, es compleja, se trabaja siempre en la multifactorialidad, lo que implica una construcci\u00f3n de sentido colectivo e implica tensiones\u201d.<\/strong> Y, espec\u00edficamente, su tarea es \u201ctrabajar en proyectos sociales que tienen como horizonte un h\u00e1bitat inclusivo, a partir de mi experiencia y la de mi organizaci\u00f3n fortalecer las acciones positivas en accesibilidad. Tareas m\u00faltiples, a veces es responder a una consulta t\u00e9cnica y otras es<strong> articular, ser parte, fortalecer y densificar la red de trabajo local\u201d<\/strong>.<\/p>\n\n\n\n<p>Cecilia cont\u00f3 a Moreno Primero de qu\u00e9 manera est\u00e1n trabajando en conjunto con el municipio y c\u00f3mo la atraviesa personalmente, ya que es una morenense de Francisco \u00c1lvarez, donde queda mucho trabajo por hacer en cuanto a accesibilidad se refiere. Sobre esto, expres\u00f3: \u201cCon Moreno pas\u00f3 algo muy especial. Rumbos tiene sede en Belgrano, de manera que mi labor siempre estuvo m\u00e1s vinculada a la agenda de la Ciudad de Buenos Aires . Pero la pandemia cre\u00f3 condiciones para que pudiera volcar mi labor donde tengo mi centro de vida. Yo vivo en Francisco \u00c1lvarez, mis hijos van a la escuela en Moreno. <strong>Felizmente lleg\u00f3 una invitaci\u00f3n del Equipo de Turismo del municipio, a incorporar apoyos de accesibilidad en la Reserva Municipal Los Robles y el \u00c1rea Protegida Ing. Dique Roggero. Esto fue el a\u00f1o pasado y la idea es continuarlo en este 2022\u201d<\/strong>. Y, agreg\u00f3 que: \u201cEn general siempre hay inter\u00e9s de los municipios y de sus referentes de gesti\u00f3n de atender las demandas de personas en situaci\u00f3n de discapacidad,<strong> lo que es muy at\u00edpico es que prospere nuestro particular enfoque de un hacer participativo, es decir, incorporando el saber que tienen las personas que viven circunstancias discapacitantes en la maquinaria de producci\u00f3n del h\u00e1bitat<\/strong>. As\u00ed lo encaramos con la actual gesti\u00f3n, hacer parte de la construcci\u00f3n de soluciones a los diferentes gestores de esa obra, de ese espacio, de esa propuesta. La respuesta a la demanda es la respuesta de una comunidad.&nbsp;<strong>A m\u00ed me gusta decir que aqu\u00ed no se inauguran obras sino procesos\u201d<\/strong>.&nbsp;<\/p>\n\n\n\n<figure class=\"wp-block-gallery columns-3 is-cropped wp-block-gallery-1 is-layout-flex wp-block-gallery-is-layout-flex\"><ul class=\"blocks-gallery-grid\"><li class=\"blocks-gallery-item\"><figure><a href=\"https:\/\/morenoprimero.com.ar\/wp-content\/uploads\/2022\/01\/263475404_438357431122934_3979641604659594126_n.jpg\"><img loading=\"lazy\" decoding=\"async\" width=\"692\" height=\"452\" src=\"https:\/\/morenoprimero.com.ar\/wp-content\/uploads\/2022\/01\/263475404_438357431122934_3979641604659594126_n.jpg\" alt=\"\" data-id=\"23771\" data-full-url=\"https:\/\/morenoprimero.com.ar\/wp-content\/uploads\/2022\/01\/263475404_438357431122934_3979641604659594126_n.jpg\" data-link=\"https:\/\/morenoprimero.com.ar\/?attachment_id=23771\" class=\"wp-image-23771\" srcset=\"https:\/\/morenoprimero.com.ar\/archivo\/wp-content\/uploads\/2022\/01\/263475404_438357431122934_3979641604659594126_n.jpg 692w, https:\/\/morenoprimero.com.ar\/archivo\/wp-content\/uploads\/2022\/01\/263475404_438357431122934_3979641604659594126_n-300x196.jpg 300w\" sizes=\"auto, (max-width: 692px) 100vw, 692px\" \/><\/a><\/figure><\/li><li class=\"blocks-gallery-item\"><figure><a href=\"https:\/\/morenoprimero.com.ar\/wp-content\/uploads\/2022\/01\/DM_20220126171601_001.jpg\"><img loading=\"lazy\" decoding=\"async\" width=\"710\" height=\"464\" src=\"https:\/\/morenoprimero.com.ar\/wp-content\/uploads\/2022\/01\/DM_20220126171601_001.jpg\" alt=\"\" data-id=\"23770\" data-full-url=\"https:\/\/morenoprimero.com.ar\/wp-content\/uploads\/2022\/01\/DM_20220126171601_001.jpg\" data-link=\"https:\/\/morenoprimero.com.ar\/?attachment_id=23770\" class=\"wp-image-23770\" srcset=\"https:\/\/morenoprimero.com.ar\/archivo\/wp-content\/uploads\/2022\/01\/DM_20220126171601_001.jpg 710w, https:\/\/morenoprimero.com.ar\/archivo\/wp-content\/uploads\/2022\/01\/DM_20220126171601_001-300x196.jpg 300w\" sizes=\"auto, (max-width: 710px) 100vw, 710px\" \/><\/a><\/figure><\/li><li class=\"blocks-gallery-item\"><figure><a href=\"https:\/\/morenoprimero.com.ar\/wp-content\/uploads\/2022\/01\/DM_20220126171559_001.jpg\"><img loading=\"lazy\" decoding=\"async\" width=\"720\" height=\"470\" src=\"https:\/\/morenoprimero.com.ar\/wp-content\/uploads\/2022\/01\/DM_20220126171559_001.jpg\" alt=\"\" data-id=\"23768\" data-full-url=\"https:\/\/morenoprimero.com.ar\/wp-content\/uploads\/2022\/01\/DM_20220126171559_001.jpg\" data-link=\"https:\/\/morenoprimero.com.ar\/?attachment_id=23768\" class=\"wp-image-23768\" srcset=\"https:\/\/morenoprimero.com.ar\/archivo\/wp-content\/uploads\/2022\/01\/DM_20220126171559_001.jpg 720w, https:\/\/morenoprimero.com.ar\/archivo\/wp-content\/uploads\/2022\/01\/DM_20220126171559_001-300x196.jpg 300w\" sizes=\"auto, (max-width: 720px) 100vw, 720px\" \/><\/a><\/figure><\/li><\/ul><\/figure>\n\n\n\n<p>Esta perspectiva es de gran importancia, y as\u00ed lo refleja Cecilia: \u201cEsto es sumamente importante, porque hay una falsa creencia de que un lugar, un edificio, una ciudad, un objeto puede ser o no ser accesible. Y no es tan as\u00ed. <strong>La accesibilidad se expresa incorporando gradualmente mejores condiciones para el encuentro social. Y es desde ese encuentro social que se puede impulsar transformaciones.<\/strong> Es el propio convivir el que pone de manifiesto los problemas y las formas de abordarlos\u201d. Adem\u00e1s, habl\u00f3 sobre la labor de la Secretar\u00eda de Turismo y del IMDEL en Moreno: \u201cEsta experiencia que venimos haciendo, con Turismo y se anida en el IMDEL. Es decir, <strong>incorporamos una necesidad espec\u00edfica que tienen visitantes con discapacidad en el centro del desarrollo local, traccionando trabajo para los habitantes con y sin discapacidad. El proyecto por delante es seguir trabajando en esa l\u00ednea, que es la Visitabilidad, desde la participaci\u00f3n de sus protagonistas en el rol de habitantes y visitantes. <\/strong>Trabajar por proyectos, articulando oficinas, presupuestos y con la comunidad, abriendo espacios de gesti\u00f3n, como lo es el Taller de Visitabilidad. Hicimos el primero en octubre y noviembre pasados, para el dise\u00f1o del Paseo Costero en el Dique Roggero. Ese proyecto tambi\u00e9n est\u00e1 en marcha\u201d.<\/p>\n\n\n\n<p>Sobre los nuevos m\u00f3dulos para una mejor accesibilidad en las caba\u00f1as de Los Robles, Cecilia, cont\u00f3: \u201cCuando me incorpor\u00e9 al trabajo que ven\u00eda haciendo el equipo de Turismo en Los Robles, las caba\u00f1as ya se estaban construyendo. Primero eran tres m\u00f3dulos iguales, cada m\u00f3dulo estaba integrado por 4 monoambientes. Lo estaba realizando una constructora de Moreno. <strong>Fue un logro conjunto, que en el tercer m\u00f3dulo se hicieran 2 caba\u00f1as de 2 ambientes, integrando accesibilidad y a su vez una opci\u00f3n m\u00e1s amplia, para familias. Las condiciones de holgura espacial se lograron, tambi\u00e9n el equipamiento b\u00e1sico. Faltan cosas, no est\u00e1 todo lo c\u00f3modo que sabemos se necesita, pero esto se ir\u00e1 haciendo en el tiempo y lo m\u00e1s importante, con las orientaciones que los propios visitantes puedan brindar<\/strong>.<\/p>\n\n\n\n<p>A nivel obras, a\u00fan tenemos el desaf\u00edo de los ba\u00f1os, hoy no existe (fuera de las caba\u00f1as) una oferta de buenos sanitarios. Ya comenzamos con una reforma en los ba\u00f1os p\u00fablicos que est\u00e1n cerca del Dique, con un cambiador de pa\u00f1ales para adultos dentro del recinto accesible y un recinto para las infancias. Pero necesitamos adecuar los de Los Robles en perspectiva de g\u00e9nero, infancia y discapacidad. Tambi\u00e9n, hay que incorporar apoyos a la movilidad, en relaci\u00f3n al transporte para llegar y dentro de las instalaciones porque los recorridos son muy extensos\u201d.\u00a0<\/p>\n\n\n\n<figure class=\"wp-block-gallery columns-2 is-cropped wp-block-gallery-2 is-layout-flex wp-block-gallery-is-layout-flex\"><ul class=\"blocks-gallery-grid\"><li class=\"blocks-gallery-item\"><figure><a href=\"https:\/\/morenoprimero.com.ar\/wp-content\/uploads\/2022\/01\/WhatsApp-Image-2022-01-27-at-9.54.37-AM.jpeg\"><img loading=\"lazy\" decoding=\"async\" width=\"1024\" height=\"672\" src=\"https:\/\/morenoprimero.com.ar\/wp-content\/uploads\/2022\/01\/WhatsApp-Image-2022-01-27-at-9.54.37-AM-1024x672.jpeg\" alt=\"\" data-id=\"23786\" data-full-url=\"https:\/\/morenoprimero.com.ar\/wp-content\/uploads\/2022\/01\/WhatsApp-Image-2022-01-27-at-9.54.37-AM.jpeg\" data-link=\"https:\/\/morenoprimero.com.ar\/cecilia-gonzalez-campo-la-accesibilidad-se-expresa-generando-mejores-condiciones-para-el-encuentro-social\/whatsapp-image-2022-01-27-at-9-54-37-am\/\" class=\"wp-image-23786\" srcset=\"https:\/\/morenoprimero.com.ar\/archivo\/wp-content\/uploads\/2022\/01\/WhatsApp-Image-2022-01-27-at-9.54.37-AM-1024x672.jpeg 1024w, https:\/\/morenoprimero.com.ar\/archivo\/wp-content\/uploads\/2022\/01\/WhatsApp-Image-2022-01-27-at-9.54.37-AM-300x197.jpeg 300w, https:\/\/morenoprimero.com.ar\/archivo\/wp-content\/uploads\/2022\/01\/WhatsApp-Image-2022-01-27-at-9.54.37-AM-768x504.jpeg 768w, https:\/\/morenoprimero.com.ar\/archivo\/wp-content\/uploads\/2022\/01\/WhatsApp-Image-2022-01-27-at-9.54.37-AM.jpeg 1080w\" sizes=\"auto, (max-width: 1024px) 100vw, 1024px\" \/><\/a><\/figure><\/li><li class=\"blocks-gallery-item\"><figure><a href=\"https:\/\/morenoprimero.com.ar\/wp-content\/uploads\/2022\/01\/WhatsApp-Image-2022-01-27-at-9.54.37-AM-1.jpeg\"><img loading=\"lazy\" decoding=\"async\" width=\"593\" height=\"395\" src=\"https:\/\/morenoprimero.com.ar\/wp-content\/uploads\/2022\/01\/WhatsApp-Image-2022-01-27-at-9.54.37-AM-1.jpeg\" alt=\"\" data-id=\"23785\" data-full-url=\"https:\/\/morenoprimero.com.ar\/wp-content\/uploads\/2022\/01\/WhatsApp-Image-2022-01-27-at-9.54.37-AM-1.jpeg\" data-link=\"https:\/\/morenoprimero.com.ar\/cecilia-gonzalez-campo-la-accesibilidad-se-expresa-generando-mejores-condiciones-para-el-encuentro-social\/whatsapp-image-2022-01-27-at-9-54-37-am-1\/\" class=\"wp-image-23785\" srcset=\"https:\/\/morenoprimero.com.ar\/archivo\/wp-content\/uploads\/2022\/01\/WhatsApp-Image-2022-01-27-at-9.54.37-AM-1.jpeg 593w, https:\/\/morenoprimero.com.ar\/archivo\/wp-content\/uploads\/2022\/01\/WhatsApp-Image-2022-01-27-at-9.54.37-AM-1-300x200.jpeg 300w\" sizes=\"auto, (max-width: 593px) 100vw, 593px\" \/><\/a><\/figure><\/li><\/ul><\/figure>\n\n\n\n<p>Mientras, sobre el proyecto de Senderismo Inclusivo, dijo: <strong>\u201cEs uno de los mayores atractivos para el \u00c1rea<\/strong> (APN). La idea es incorporar gradualmente apoyo para un disfrute multisensorial y tambi\u00e9n para que el contenido -la interpretaci\u00f3n del paisaje- no sea solo informativa, sino formativa, exploratoria y vivencial\u201d.&nbsp;<\/p>\n\n\n\n<p>Por \u00faltimo, habl\u00f3 sobre la accesibilidad del municipio y sobre su equipo de trabajo \u201cComo sociedad nos falta un largo recorrido para que no haya segregaci\u00f3n de ning\u00fan tipo. Es preocupante c\u00f3mo tratamos las diferencias que hay entre nosotres humanos y c\u00f3mo estamos habituados al da\u00f1o ambiental. <strong>En Moreno coexisten muchas realidades, la opulencia contrasta con el hambre. Quiz\u00e1s por eso Moreno tiene sus referentes sociales y sus tejidos comunitarios muy fortalecidos<\/strong>. Somos personas -me incluyo- sencillas que sabemos organizarnos y tender la mano. Y eso genera condiciones al abordaje de cualquier problem\u00e1tica social. Hoy considero que eso es m\u00e1s importante,&nbsp; c\u00f3mo se dice en el deporte: <strong>\u00abEn Moreno hay equipo\u00bb<\/strong>.<\/p>\n\n\n\n<p>Para comunicarse con Fundaci\u00f3n Rumbos y conocer todas las actividades que se realizan pueden escribir a fundacion.rumbos@gmail.com.&nbsp;<\/p>\n\n\n\n<p>Tambi\u00e9n se encuentran en Facebook e Instagram como @rumbosaccesibilidad y en Twitter como @Rumbos5. Su p\u00e1gina web es: www.rumbos.org.ar<\/p>\n","protected":false},"excerpt":{"rendered":"<p>A finales de 2021, se llev\u00f3 adelante en el distrito la jornada por el D\u00eda Internacional de las Personas con Discapacidad y Cecilia Gonz\u00e1lez Campo, de la Fundaci\u00f3n Rumbos, habl\u00f3 con Moreno Primero sobre su colaboraci\u00f3n con la municipalidad y &hellip; <a href=\"https:\/\/morenoprimero.com.ar\/archivo\/cecilia-gonzalez-campo-la-accesibilidad-se-expresa-generando-mejores-condiciones-para-el-encuentro-social\/\">Sigue leyendo <span class=\"meta-nav\">&rarr;<\/span><\/a><\/p>\n","protected":false},"author":6,"featured_media":23781,"comment_status":"closed","ping_status":"closed","sticky":false,"template":"","format":"standard","meta":{"footnotes":""},"categories":[2,2328],"tags":[3632,313,276,6,3633,328],"class_list":["post-23765","post","type-post","status-publish","format-standard","has-post-thumbnail","hentry","category-destacadas","category-local","tag-accesibilidad","tag-los-robles","tag-mariel-fernandez","tag-moreno","tag-paseo-costero","tag-turismo"],"_links":{"self":[{"href":"https:\/\/morenoprimero.com.ar\/archivo\/wp-json\/wp\/v2\/posts\/23765","targetHints":{"allow":["GET"]}}],"collection":[{"href":"https:\/\/morenoprimero.com.ar\/archivo\/wp-json\/wp\/v2\/posts"}],"about":[{"href":"https:\/\/morenoprimero.com.ar\/archivo\/wp-json\/wp\/v2\/types\/post"}],"author":[{"embeddable":true,"href":"https:\/\/morenoprimero.com.ar\/archivo\/wp-json\/wp\/v2\/users\/6"}],"replies":[{"embeddable":true,"href":"https:\/\/morenoprimero.com.ar\/archivo\/wp-json\/wp\/v2\/comments?post=23765"}],"version-history":[{"count":4,"href":"https:\/\/morenoprimero.com.ar\/archivo\/wp-json\/wp\/v2\/posts\/23765\/revisions"}],"predecessor-version":[{"id":23787,"href":"https:\/\/morenoprimero.com.ar\/archivo\/wp-json\/wp\/v2\/posts\/23765\/revisions\/23787"}],"wp:featuredmedia":[{"embeddable":true,"href":"https:\/\/morenoprimero.com.ar\/archivo\/wp-json\/wp\/v2\/media\/23781"}],"wp:attachment":[{"href":"https:\/\/morenoprimero.com.ar\/archivo\/wp-json\/wp\/v2\/media?parent=23765"}],"wp:term":[{"taxonomy":"category","embeddable":true,"href":"https:\/\/morenoprimero.com.ar\/archivo\/wp-json\/wp\/v2\/categories?post=23765"},{"taxonomy":"post_tag","embeddable":true,"href":"https:\/\/morenoprimero.com.ar\/archivo\/wp-json\/wp\/v2\/tags?post=23765"}],"curies":[{"name":"wp","href":"https:\/\/api.w.org\/{rel}","templated":true}]}}