{"id":23704,"date":"2022-01-25T11:16:42","date_gmt":"2022-01-25T14:16:42","guid":{"rendered":"https:\/\/morenoprimero.com.ar\/?p=23704"},"modified":"2022-01-25T11:23:30","modified_gmt":"2022-01-25T14:23:30","slug":"el-hospital-mariano-y-luciano-de-la-vega-ofrece-200-turnos-para-hisopados","status":"publish","type":"post","link":"https:\/\/morenoprimero.com.ar\/archivo\/el-hospital-mariano-y-luciano-de-la-vega-ofrece-200-turnos-para-hisopados\/","title":{"rendered":"El Hospital Mariano y Luciano de la Vega ofrece 200 turnos para hisopados"},"content":{"rendered":"\n<h5 class=\"wp-block-heading\">Todas las semanas el hospital de Moreno realiza hisopados a las y los morenenses. En esta nota te contamos los d\u00edas y horarios para solicitar el testeo en el hospital y el calendario semanal del Operativo detectar que se realiza en las distintas localidades de Moreno.&nbsp;Adem\u00e1s, te explicamos qui\u00e9nes y c\u00f3mo es el aislamiento acorde al esquema de vacunaci\u00f3n.<\/h5>\n\n\n\n<p>En el marco de la nueva ola de coronavirus que atraviesa el pa\u00eds, el<strong> Hospital Mariano y Luciano<\/strong> de la Vega ofrece 200 turnos por d\u00eda para quienes sospechen o tengan s\u00edntomas de covid. De lunes a viernes, se realiza el testeo desde las 6 am y en el caso de los s\u00e1bados, a partir de las 8 horas ya se puede solicitar el turno. &nbsp;<\/p>\n\n\n\n<figure class=\"wp-block-gallery columns-2 is-cropped wp-block-gallery-1 is-layout-flex wp-block-gallery-is-layout-flex\"><ul class=\"blocks-gallery-grid\"><li class=\"blocks-gallery-item\"><figure><a href=\"https:\/\/morenoprimero.com.ar\/wp-content\/uploads\/2022\/01\/hisopados-moreno-1024x859.jpg\"><img loading=\"lazy\" decoding=\"async\" width=\"1024\" height=\"859\" src=\"https:\/\/morenoprimero.com.ar\/wp-content\/uploads\/2022\/01\/hisopados-moreno-1024x859.jpg\" alt=\"\" data-id=\"23713\" class=\"wp-image-23713\" srcset=\"https:\/\/morenoprimero.com.ar\/archivo\/wp-content\/uploads\/2022\/01\/hisopados-moreno-1024x859.jpg 1024w, https:\/\/morenoprimero.com.ar\/archivo\/wp-content\/uploads\/2022\/01\/hisopados-moreno-300x252.jpg 300w, https:\/\/morenoprimero.com.ar\/archivo\/wp-content\/uploads\/2022\/01\/hisopados-moreno-768x644.jpg 768w, https:\/\/morenoprimero.com.ar\/archivo\/wp-content\/uploads\/2022\/01\/hisopados-moreno-1536x1288.jpg 1536w, https:\/\/morenoprimero.com.ar\/archivo\/wp-content\/uploads\/2022\/01\/hisopados-moreno.jpg 2048w\" sizes=\"auto, (max-width: 1024px) 100vw, 1024px\" \/><\/a><\/figure><\/li><li class=\"blocks-gallery-item\"><figure><a href=\"https:\/\/morenoprimero.com.ar\/wp-content\/uploads\/2022\/01\/WhatsApp-Image-2022-01-25-at-10.55.36-3-1.jpeg\"><img loading=\"lazy\" decoding=\"async\" width=\"720\" height=\"703\" src=\"https:\/\/morenoprimero.com.ar\/wp-content\/uploads\/2022\/01\/WhatsApp-Image-2022-01-25-at-10.55.36-3-1.jpeg\" alt=\"\" data-id=\"23715\" data-full-url=\"https:\/\/morenoprimero.com.ar\/wp-content\/uploads\/2022\/01\/WhatsApp-Image-2022-01-25-at-10.55.36-3-1.jpeg\" data-link=\"https:\/\/morenoprimero.com.ar\/?attachment_id=23715\" class=\"wp-image-23715\" srcset=\"https:\/\/morenoprimero.com.ar\/archivo\/wp-content\/uploads\/2022\/01\/WhatsApp-Image-2022-01-25-at-10.55.36-3-1.jpeg 720w, https:\/\/morenoprimero.com.ar\/archivo\/wp-content\/uploads\/2022\/01\/WhatsApp-Image-2022-01-25-at-10.55.36-3-1-300x293.jpeg 300w\" sizes=\"auto, (max-width: 720px) 100vw, 720px\" \/><\/a><\/figure><\/li><\/ul><\/figure>\n\n\n\n<p>Por otro lado, desde la<strong> secretaria de salud<\/strong> de la municipalidad de Moreno, se realiza el operativo detectar, donde todas las semanas <strong>se brindan 200 turnos por d\u00eda<\/strong> para&nbsp;testear a quienes presenten s\u00edntomas de coronavirus. Es preciso aclarar, que el operativo se suspende en caso de lluvias.&nbsp;<\/p>\n\n\n\n<figure class=\"wp-block-image size-large\"><a href=\"https:\/\/morenoprimero.com.ar\/wp-content\/uploads\/2022\/01\/detectar-24-del-1.jpg\"><img loading=\"lazy\" decoding=\"async\" width=\"1024\" height=\"1024\" src=\"https:\/\/morenoprimero.com.ar\/wp-content\/uploads\/2022\/01\/detectar-24-del-1-1024x1024.jpg\" alt=\"\" class=\"wp-image-23712\" srcset=\"https:\/\/morenoprimero.com.ar\/archivo\/wp-content\/uploads\/2022\/01\/detectar-24-del-1-1024x1024.jpg 1024w, https:\/\/morenoprimero.com.ar\/archivo\/wp-content\/uploads\/2022\/01\/detectar-24-del-1-300x300.jpg 300w, https:\/\/morenoprimero.com.ar\/archivo\/wp-content\/uploads\/2022\/01\/detectar-24-del-1-150x150.jpg 150w, https:\/\/morenoprimero.com.ar\/archivo\/wp-content\/uploads\/2022\/01\/detectar-24-del-1-768x768.jpg 768w, https:\/\/morenoprimero.com.ar\/archivo\/wp-content\/uploads\/2022\/01\/detectar-24-del-1.jpg 1080w\" sizes=\"auto, (max-width: 1024px) 100vw, 1024px\" \/><\/a><\/figure>\n\n\n\n<p>Cabe destacar que, seg\u00fan el Ministerio de Salud de la Naci\u00f3n,<strong> las personas que deben testearse son aquellas que tengan m\u00e1s de 60 a\u00f1os y personas con factores de riesgo que hayan sido contacto estrecho de un caso confirmado o presenten s\u00edntomas, y aquellas personas que presenten s\u00edntomas sin haber estado en contacto con un caso confirmado.<\/strong> &nbsp;<\/p>\n\n\n\n<h3 class=\"wp-block-heading\"><strong>&nbsp;C\u00f3mo aislarse seg\u00fan el esquema de vacunaci\u00f3n:&nbsp;<\/strong><\/h3>\n\n\n\n<figure class=\"wp-block-gallery columns-3 is-cropped wp-block-gallery-2 is-layout-flex wp-block-gallery-is-layout-flex\"><ul class=\"blocks-gallery-grid\"><li class=\"blocks-gallery-item\"><figure><a href=\"https:\/\/morenoprimero.com.ar\/wp-content\/uploads\/2022\/01\/WhatsApp-Image-2022-01-25-at-10.55.36-3.jpeg\"><img loading=\"lazy\" decoding=\"async\" width=\"720\" height=\"709\" src=\"https:\/\/morenoprimero.com.ar\/wp-content\/uploads\/2022\/01\/WhatsApp-Image-2022-01-25-at-10.55.36-3.jpeg\" alt=\"\" data-id=\"23708\" class=\"wp-image-23708\" srcset=\"https:\/\/morenoprimero.com.ar\/archivo\/wp-content\/uploads\/2022\/01\/WhatsApp-Image-2022-01-25-at-10.55.36-3.jpeg 720w, https:\/\/morenoprimero.com.ar\/archivo\/wp-content\/uploads\/2022\/01\/WhatsApp-Image-2022-01-25-at-10.55.36-3-300x295.jpeg 300w\" sizes=\"auto, (max-width: 720px) 100vw, 720px\" \/><\/a><\/figure><\/li><li class=\"blocks-gallery-item\"><figure><a href=\"https:\/\/morenoprimero.com.ar\/wp-content\/uploads\/2022\/01\/WhatsApp-Image-2022-01-25-at-10.55.36-1-1.jpeg\"><img loading=\"lazy\" decoding=\"async\" width=\"720\" height=\"698\" src=\"https:\/\/morenoprimero.com.ar\/wp-content\/uploads\/2022\/01\/WhatsApp-Image-2022-01-25-at-10.55.36-1-1.jpeg\" alt=\"\" data-id=\"23709\" data-link=\"https:\/\/morenoprimero.com.ar\/?attachment_id=23709\" class=\"wp-image-23709\" srcset=\"https:\/\/morenoprimero.com.ar\/archivo\/wp-content\/uploads\/2022\/01\/WhatsApp-Image-2022-01-25-at-10.55.36-1-1.jpeg 720w, https:\/\/morenoprimero.com.ar\/archivo\/wp-content\/uploads\/2022\/01\/WhatsApp-Image-2022-01-25-at-10.55.36-1-1-300x291.jpeg 300w\" sizes=\"auto, (max-width: 720px) 100vw, 720px\" \/><\/a><\/figure><\/li><li class=\"blocks-gallery-item\"><figure><a href=\"https:\/\/morenoprimero.com.ar\/wp-content\/uploads\/2022\/01\/WhatsApp-Image-2022-01-25-at-10.55.36-2-1.jpeg\"><img loading=\"lazy\" decoding=\"async\" width=\"720\" height=\"677\" src=\"https:\/\/morenoprimero.com.ar\/wp-content\/uploads\/2022\/01\/WhatsApp-Image-2022-01-25-at-10.55.36-2-1.jpeg\" alt=\"\" data-id=\"23711\" data-full-url=\"https:\/\/morenoprimero.com.ar\/wp-content\/uploads\/2022\/01\/WhatsApp-Image-2022-01-25-at-10.55.36-2-1.jpeg\" data-link=\"https:\/\/morenoprimero.com.ar\/?attachment_id=23711\" class=\"wp-image-23711\" srcset=\"https:\/\/morenoprimero.com.ar\/archivo\/wp-content\/uploads\/2022\/01\/WhatsApp-Image-2022-01-25-at-10.55.36-2-1.jpeg 720w, https:\/\/morenoprimero.com.ar\/archivo\/wp-content\/uploads\/2022\/01\/WhatsApp-Image-2022-01-25-at-10.55.36-2-1-300x282.jpeg 300w\" sizes=\"auto, (max-width: 720px) 100vw, 720px\" \/><\/a><\/figure><\/li><\/ul><\/figure>\n\n\n\n<h5 class=\"wp-block-heading\"><\/h5>\n","protected":false},"excerpt":{"rendered":"<p>Todas las semanas el hospital de Moreno realiza hisopados a las y los morenenses. En esta nota te contamos los d\u00edas y horarios para solicitar el testeo en el hospital y el calendario semanal del Operativo detectar que se realiza &hellip; <a href=\"https:\/\/morenoprimero.com.ar\/archivo\/el-hospital-mariano-y-luciano-de-la-vega-ofrece-200-turnos-para-hisopados\/\">Sigue leyendo <span class=\"meta-nav\">&rarr;<\/span><\/a><\/p>\n","protected":false},"author":6,"featured_media":2442,"comment_status":"closed","ping_status":"closed","sticky":false,"template":"","format":"standard","meta":{"footnotes":""},"categories":[2328,536],"tags":[26,276,6,102,17],"class_list":["post-23704","post","type-post","status-publish","format-standard","has-post-thumbnail","hentry","category-local","category-salud","tag-coronavirus","tag-mariel-fernandez","tag-moreno","tag-municipio-de-moreno","tag-pandemia"],"_links":{"self":[{"href":"https:\/\/morenoprimero.com.ar\/archivo\/wp-json\/wp\/v2\/posts\/23704","targetHints":{"allow":["GET"]}}],"collection":[{"href":"https:\/\/morenoprimero.com.ar\/archivo\/wp-json\/wp\/v2\/posts"}],"about":[{"href":"https:\/\/morenoprimero.com.ar\/archivo\/wp-json\/wp\/v2\/types\/post"}],"author":[{"embeddable":true,"href":"https:\/\/morenoprimero.com.ar\/archivo\/wp-json\/wp\/v2\/users\/6"}],"replies":[{"embeddable":true,"href":"https:\/\/morenoprimero.com.ar\/archivo\/wp-json\/wp\/v2\/comments?post=23704"}],"version-history":[{"count":4,"href":"https:\/\/morenoprimero.com.ar\/archivo\/wp-json\/wp\/v2\/posts\/23704\/revisions"}],"predecessor-version":[{"id":23719,"href":"https:\/\/morenoprimero.com.ar\/archivo\/wp-json\/wp\/v2\/posts\/23704\/revisions\/23719"}],"wp:featuredmedia":[{"embeddable":true,"href":"https:\/\/morenoprimero.com.ar\/archivo\/wp-json\/wp\/v2\/media\/2442"}],"wp:attachment":[{"href":"https:\/\/morenoprimero.com.ar\/archivo\/wp-json\/wp\/v2\/media?parent=23704"}],"wp:term":[{"taxonomy":"category","embeddable":true,"href":"https:\/\/morenoprimero.com.ar\/archivo\/wp-json\/wp\/v2\/categories?post=23704"},{"taxonomy":"post_tag","embeddable":true,"href":"https:\/\/morenoprimero.com.ar\/archivo\/wp-json\/wp\/v2\/tags?post=23704"}],"curies":[{"name":"wp","href":"https:\/\/api.w.org\/{rel}","templated":true}]}}