{"id":23653,"date":"2022-01-21T17:50:18","date_gmt":"2022-01-21T20:50:18","guid":{"rendered":"https:\/\/morenoprimero.com.ar\/?p=23653"},"modified":"2022-01-21T17:50:18","modified_gmt":"2022-01-21T20:50:18","slug":"un-estado-municipal-que-defiende-su-patrimonio-cultural","status":"publish","type":"post","link":"https:\/\/morenoprimero.com.ar\/archivo\/un-estado-municipal-que-defiende-su-patrimonio-cultural\/","title":{"rendered":"Un estado municipal que defiende su patrimonio cultural"},"content":{"rendered":"\n<h5 class=\"wp-block-heading\">La disputa por el Museo Molina Campos a\u00fan perdura. Vecinos y vecinas reclaman la permanencia del museo y las obras en el lugar donde vivi\u00f3 el artista. Por su parte, el Estado est\u00e1 dispuesto a invertir lo necesario para que as\u00ed sea. La contraparte quiere trasladar las obras a San Antonio de Areco.<\/h5>\n\n\n\n<p>En diciembre del a\u00f1o 2020, el presidente de la fundaci\u00f3n Molina Campos, Adolfo G\u00fciraldes, se reuni\u00f3 con autoridades municipales, las cuales se pusieron a disposici\u00f3n para colaborar en la reapertura del Museo Molina Campos, la conservaci\u00f3n de la obra, y la puesta en valor de la quinta ubicada en&nbsp;Cascallares.&nbsp;&nbsp;<\/p>\n\n\n\n<p>A las pocas semanas, un cartel de venta de propiedad alert\u00f3 a toda la comunidad&nbsp;morenense&nbsp;que expres\u00f3&nbsp;<strong>su rechazo<\/strong>&nbsp;a la decisi\u00f3n y se puso a disposici\u00f3n para colaborar en la preservaci\u00f3n del patrimonio art\u00edstico e hist\u00f3rico, cuyo valor es imperioso para todos y todas las&nbsp;morenenses. <strong>Por aquellos d\u00edas, vecinos y vecinas organizaron un \u201cabrazo simb\u00f3lico\u201d sobre la calle Molina Campos&nbsp;N\u00ba&nbsp;364.&nbsp;<\/strong><\/p>\n\n\n\n<p>Por su parte, concejales y concejalas crean el <strong>C\u00f3digo de Preservaci\u00f3n del Patrimonio Cultural<\/strong> que establece diferentes facultades y procedimientos del Estado ante un bien declarado patrimonio cultural, como lo es el museo -tambi\u00e9n por un proyecto de ordenanza aprobado durante la actual gesti\u00f3n-&nbsp;<\/p>\n\n\n\n<p>De esta manera, quienes tengan intenciones de vender el Molina Campos, primero deber\u00e1 consultar con el poder legislativo y el ejecutivo local.&nbsp;<\/p>\n\n\n\n<p>Asimismo, desde el bloque<strong>&nbsp;Frente de Todos<\/strong>, libraron pedidos de informes a la Inspecci\u00f3n General de Justicia y a la Universidad de San Mart\u00edn para esclarecer los pasos que dio la fundaci\u00f3n.&nbsp;<\/p>\n\n\n\n<p>Eso no bast\u00f3 para que la Fundaci\u00f3n y el \u00fanico descendiente directo de Molina Campos insistan en quitarle a los vecinos y vecinas de Moreno su patrimonio cultural. Ejemplo de ello es el proyecto elevado por la exdiputada nacional Cristina \u00c1lvarez rodr\u00edguez, que ya cuenta con media sanci\u00f3n.&nbsp;&nbsp;<\/p>\n\n\n\n<figure class=\"wp-block-image size-large\"><a href=\"https:\/\/morenoprimero.com.ar\/wp-content\/uploads\/2022\/01\/el-cartel-de-venta-que___PXGDZRLUm_1256x620__1.jpg\"><img loading=\"lazy\" decoding=\"async\" width=\"1024\" height=\"505\" src=\"https:\/\/morenoprimero.com.ar\/wp-content\/uploads\/2022\/01\/el-cartel-de-venta-que___PXGDZRLUm_1256x620__1-1024x505.jpg\" alt=\"\" class=\"wp-image-23671\" srcset=\"https:\/\/morenoprimero.com.ar\/archivo\/wp-content\/uploads\/2022\/01\/el-cartel-de-venta-que___PXGDZRLUm_1256x620__1-1024x505.jpg 1024w, https:\/\/morenoprimero.com.ar\/archivo\/wp-content\/uploads\/2022\/01\/el-cartel-de-venta-que___PXGDZRLUm_1256x620__1-300x148.jpg 300w, https:\/\/morenoprimero.com.ar\/archivo\/wp-content\/uploads\/2022\/01\/el-cartel-de-venta-que___PXGDZRLUm_1256x620__1-768x379.jpg 768w, https:\/\/morenoprimero.com.ar\/archivo\/wp-content\/uploads\/2022\/01\/el-cartel-de-venta-que___PXGDZRLUm_1256x620__1.jpg 1256w\" sizes=\"auto, (max-width: 1024px) 100vw, 1024px\" \/><\/a><\/figure>\n\n\n\n<p>El proyecto de la diputada \u00c1lvarez Rodr\u00edguez que persigue los mismos fines que las ordenanzas municipales, cuenta adem\u00e1s con <strong>la intervenci\u00f3n del Fondo nacional de las Artes en la disposici\u00f3n de medidas para resguardar el patrimonio de Molina Campos en Moreno.&nbsp;<\/strong><\/p>\n\n\n\n<p>El director de Museos de Moreno, Hern\u00e1n&nbsp;Tulissi, brind\u00f3 una entrevista al diario Clar\u00edn donde dio cuenta de las buenas intenciones que el estado Municipal tiene para destrabar el conflicto y las razones para que se quede en Moreno.&nbsp;&nbsp;<\/p>\n\n\n\n<p>En ese sentido asegur\u00f3 que<strong> \u201cla viuda del artista comprometi\u00f3 todo su capital para que las obras queden aqu\u00ed, este museo es de los vecinos\u201d.&nbsp;<\/strong><\/p>\n\n\n\n<p>Para cumplir con esos objetivos, no s\u00f3lo que el museo se quede, sino tambi\u00e9n para convertir el lugar en un museo-taller, el estado municipal se comprometi\u00f3 a invertir el dinero necesario para que el museo funcione como tal.&nbsp;<\/p>\n\n\n\n<p><strong>\u201cSi el museo est\u00e1 venido abajo es porque la Fundaci\u00f3n lo dej\u00f3 caer\u201d<\/strong>, sostuvo, y asegur\u00f3 que<strong> \u201chemos ofrecido fondos para poner las rampas de acceso que les permitan obtener la habilitaci\u00f3n. Tambi\u00e9n nos hemos hecho cargo de la limpieza y la alarma del edificio, porque queremos que el museo est\u00e9 abierto.\u201d&nbsp;<\/strong><\/p>\n\n\n\n<p>As\u00ed las cosas, se\u00f1ala ciertas inconsistencias en el relato que ofrece la otra parte en disputa. <strong>\u201cEllos rechazan la participaci\u00f3n del Estado aludiendo que son una instituci\u00f3n privada. Y despu\u00e9s se quejan de que hay un Estado ausente. Es un sinsentido absoluto\u201d<\/strong>.&nbsp;<\/p>\n\n\n\n<p>La disputa sigue abierta. El gobierno municipal, acompa\u00f1ado por los proyectos de provincia y naci\u00f3n, pujan por destrabar el conflicto para que las obras del hist\u00f3rico artista Molina Campos queden en el distrito donde vivi\u00f3 y el Museo reciba a cientos de personas que quieran ver sus obras. Mientras tanto, la Fundaci\u00f3n Molina Campos pujan por trasladar la obra del autor a San Antonio de Areco.&nbsp;<\/p>\n","protected":false},"excerpt":{"rendered":"<p>La disputa por el Museo Molina Campos a\u00fan perdura. Vecinos y vecinas reclaman la permanencia del museo y las obras en el lugar donde vivi\u00f3 el artista. Por su parte, el Estado est\u00e1 dispuesto a invertir lo necesario para que &hellip; <a href=\"https:\/\/morenoprimero.com.ar\/archivo\/un-estado-municipal-que-defiende-su-patrimonio-cultural\/\">Sigue leyendo <span class=\"meta-nav\">&rarr;<\/span><\/a><\/p>\n","protected":false},"author":6,"featured_media":8841,"comment_status":"closed","ping_status":"closed","sticky":false,"template":"","format":"standard","meta":{"footnotes":""},"categories":[2,2328],"tags":[28,1764,6],"class_list":["post-23653","post","type-post","status-publish","format-standard","has-post-thumbnail","hentry","category-destacadas","category-local","tag-frente-de-todos","tag-molina-campos","tag-moreno"],"_links":{"self":[{"href":"https:\/\/morenoprimero.com.ar\/archivo\/wp-json\/wp\/v2\/posts\/23653","targetHints":{"allow":["GET"]}}],"collection":[{"href":"https:\/\/morenoprimero.com.ar\/archivo\/wp-json\/wp\/v2\/posts"}],"about":[{"href":"https:\/\/morenoprimero.com.ar\/archivo\/wp-json\/wp\/v2\/types\/post"}],"author":[{"embeddable":true,"href":"https:\/\/morenoprimero.com.ar\/archivo\/wp-json\/wp\/v2\/users\/6"}],"replies":[{"embeddable":true,"href":"https:\/\/morenoprimero.com.ar\/archivo\/wp-json\/wp\/v2\/comments?post=23653"}],"version-history":[{"count":3,"href":"https:\/\/morenoprimero.com.ar\/archivo\/wp-json\/wp\/v2\/posts\/23653\/revisions"}],"predecessor-version":[{"id":23673,"href":"https:\/\/morenoprimero.com.ar\/archivo\/wp-json\/wp\/v2\/posts\/23653\/revisions\/23673"}],"wp:featuredmedia":[{"embeddable":true,"href":"https:\/\/morenoprimero.com.ar\/archivo\/wp-json\/wp\/v2\/media\/8841"}],"wp:attachment":[{"href":"https:\/\/morenoprimero.com.ar\/archivo\/wp-json\/wp\/v2\/media?parent=23653"}],"wp:term":[{"taxonomy":"category","embeddable":true,"href":"https:\/\/morenoprimero.com.ar\/archivo\/wp-json\/wp\/v2\/categories?post=23653"},{"taxonomy":"post_tag","embeddable":true,"href":"https:\/\/morenoprimero.com.ar\/archivo\/wp-json\/wp\/v2\/tags?post=23653"}],"curies":[{"name":"wp","href":"https:\/\/api.w.org\/{rel}","templated":true}]}}