{"id":23444,"date":"2022-01-17T18:39:45","date_gmt":"2022-01-17T21:39:45","guid":{"rendered":"https:\/\/morenoprimero.com.ar\/?p=23444"},"modified":"2022-01-17T18:41:42","modified_gmt":"2022-01-17T21:41:42","slug":"moreno-tiene-dos-plantas-asfalticas-que-permiten-hacer-10-calles-por-dia","status":"publish","type":"post","link":"https:\/\/morenoprimero.com.ar\/archivo\/moreno-tiene-dos-plantas-asfalticas-que-permiten-hacer-10-calles-por-dia\/","title":{"rendered":"Moreno tiene dos plantas asf\u00e1lticas que permiten hacer 10 calles por d\u00eda"},"content":{"rendered":"\n<h5 class=\"wp-block-heading\">Gracias a la gesti\u00f3n de Mariel Fern\u00e1ndez el municipio no s\u00f3lo avanza velozmente en la soluci\u00f3n a la demanda hist\u00f3rica, sino tambi\u00e9n con autonom\u00eda. La Reja es un ejemplo de ello, con 24 calles asfaltadas mientras se realiza la obra de la Av. Storni.<\/h5>\n\n\n\n<p>La reja tuvo grandes avances desde la llegada de la gesti\u00f3n de Mariel Fern\u00e1ndez. Una de las obras m\u00e1s importantes que se lleva a cabo actualmente es la pavimentaci\u00f3n de la Avenida Storni. Su importancia radica en que es la columna vertebral, el centro, y la zona comercial de la localidad.<\/p>\n\n\n\n<p>La obra que est\u00e1 en pleno proceso, comprende las 12 cuadras de la Avenida, desde la Ruta 7 hasta la calle Larralde, donde tambi\u00e9n realizan obras hidr\u00e1ulicas. Adem\u00e1s, se pavimenta la calle Larralde desde Av. Storni hasta Rold\u00e1n, y la calle Rold\u00e1n entre Larralde y G\u00fcemes. Por tanto, <strong>\u201ces un avance important\u00edsimo y una muy buena noticia para toda la comunidad que depende de esa arteria para manejarse\u201d<\/strong>, destac\u00f3 la Delegada Municipal de la Reja, Valeria Ferreyra.<\/p>\n\n\n\n<figure class=\"wp-block-image size-full\"><a href=\"https:\/\/morenoprimero.com.ar\/wp-content\/uploads\/2022\/01\/Planta-Asfaltica-Municipal-de-Moreno-800x445-1.jpg\"><img loading=\"lazy\" decoding=\"async\" width=\"800\" height=\"445\" src=\"https:\/\/morenoprimero.com.ar\/wp-content\/uploads\/2022\/01\/Planta-Asfaltica-Municipal-de-Moreno-800x445-1.jpg\" alt=\"\" class=\"wp-image-23468\" srcset=\"https:\/\/morenoprimero.com.ar\/archivo\/wp-content\/uploads\/2022\/01\/Planta-Asfaltica-Municipal-de-Moreno-800x445-1.jpg 800w, https:\/\/morenoprimero.com.ar\/archivo\/wp-content\/uploads\/2022\/01\/Planta-Asfaltica-Municipal-de-Moreno-800x445-1-300x167.jpg 300w, https:\/\/morenoprimero.com.ar\/archivo\/wp-content\/uploads\/2022\/01\/Planta-Asfaltica-Municipal-de-Moreno-800x445-1-768x427.jpg 768w\" sizes=\"auto, (max-width: 800px) 100vw, 800px\" \/><\/a><\/figure>\n\n\n\n<p>Adem\u00e1s se realizan varias obras de pavimentaci\u00f3n a lo largo y ancho de la localidad, muchas de ellas de gran importancia porque tienen que ver con el asfaltado sobre los recorridos de los colectivos que hist\u00f3ricamente debieron interrumpir su servicio por el estado de las calles.<\/p>\n\n\n\n<p>Recientemente, s\u00f3lo en la localidad de La Reja, se asfaltaron un total de 24 cuadras, adem\u00e1s de la obra de la Av. Storni. Respectivamente, el asfalto lleg\u00f3 a 12 cuadras de la calle Cabrera, 8 cuadras de la calle S\u00f3focles, 2 cuadras de la calle Cuyo, y 2 cuadras de Garc\u00eda Lorca.<\/p>\n\n\n\n<figure class=\"wp-block-image size-full\"><a href=\"https:\/\/morenoprimero.com.ar\/wp-content\/uploads\/2021\/09\/PlantaAsfaltica2-800x445-1.jpeg\"><img loading=\"lazy\" decoding=\"async\" width=\"800\" height=\"445\" src=\"https:\/\/morenoprimero.com.ar\/wp-content\/uploads\/2021\/09\/PlantaAsfaltica2-800x445-1.jpeg\" alt=\"\" class=\"wp-image-18279\" srcset=\"https:\/\/morenoprimero.com.ar\/archivo\/wp-content\/uploads\/2021\/09\/PlantaAsfaltica2-800x445-1.jpeg 800w, https:\/\/morenoprimero.com.ar\/archivo\/wp-content\/uploads\/2021\/09\/PlantaAsfaltica2-800x445-1-300x167.jpeg 300w, https:\/\/morenoprimero.com.ar\/archivo\/wp-content\/uploads\/2021\/09\/PlantaAsfaltica2-800x445-1-768x427.jpeg 768w\" sizes=\"auto, (max-width: 800px) 100vw, 800px\" \/><\/a><\/figure>\n\n\n\n<p>El gran avance que se ve, tanto en La Reja como en el resto de las localidades, la velocidad con que las calles son asfaltadas en comparaci\u00f3n con a\u00f1os anteriores, tiene que ver no s\u00f3lo con la decisi\u00f3n pol\u00edtica de atender al reclamo hist\u00f3ricos de vecinos y vecinas morenenses, sino tambi\u00e9n con una gesti\u00f3n que -en tan s\u00f3lo dos a\u00f1os- pudo obtener dos plantas asf\u00e1lticas municipales que le permiten a Moreno mejorar 10 calles por d\u00edas.<\/p>\n\n\n\n<p>As\u00ed lo detall\u00f3 la intendenta Mariel Fern\u00e1ndez en una <a href=\"https:\/\/morenoprimero.com.ar\/mariel-fernandez-hoy-moreno-es-una-tierra-con-mucha-esperanza\/\">entrevista exclusiva brindada a Moreno Primero.<\/a> \u201c<strong>. Era necesario para Moreno tener una planta asf\u00e1ltica por la cantidad de calles destruidas que ten\u00edamos. En todos los lugares que vamos avanzando con obra p\u00fablica, el vecino tambi\u00e9n se empieza a comprometer, a querer embellecer un poco m\u00e1s su barrio, a tener el pastito corto, a pintar la casa<\/strong>\u201d, indic\u00f3 la intendenta y prosigui\u00f3, <strong>\u201cya est\u00e1 instalada la nueva, as\u00ed que ya tenemos las dos funcionando. Nosotros hab\u00edamos llegado con una planta a la realizaci\u00f3n de cinco cuadras por d\u00eda, as\u00ed que la idea es poder llegar a las diez cuadras por d\u00eda. Ese es el objetivo que nos propusimos<\/strong>\u201c.<\/p>\n\n\n\n<figure class=\"wp-block-image size-large\"><a href=\"https:\/\/morenoprimero.com.ar\/wp-content\/uploads\/2021\/12\/Mariel-foto.jpg\"><img loading=\"lazy\" decoding=\"async\" width=\"1024\" height=\"576\" src=\"https:\/\/morenoprimero.com.ar\/wp-content\/uploads\/2021\/12\/Mariel-foto-1024x576.jpg\" alt=\"\" class=\"wp-image-22909\" srcset=\"https:\/\/morenoprimero.com.ar\/archivo\/wp-content\/uploads\/2021\/12\/Mariel-foto-1024x576.jpg 1024w, https:\/\/morenoprimero.com.ar\/archivo\/wp-content\/uploads\/2021\/12\/Mariel-foto-300x169.jpg 300w, https:\/\/morenoprimero.com.ar\/archivo\/wp-content\/uploads\/2021\/12\/Mariel-foto-768x432.jpg 768w, https:\/\/morenoprimero.com.ar\/archivo\/wp-content\/uploads\/2021\/12\/Mariel-foto-1536x864.jpg 1536w, https:\/\/morenoprimero.com.ar\/archivo\/wp-content\/uploads\/2021\/12\/Mariel-foto.jpg 1920w\" sizes=\"auto, (max-width: 1024px) 100vw, 1024px\" \/><\/a><\/figure>\n\n\n\n<p>En relaci\u00f3n a esto, la intendenta asever\u00f3 que \u201c<strong>m\u00e1s all\u00e1 de que es un 40 % m\u00e1s barato para nosotros hacer calles de esa manera, la verdad es que nos da mucha autonom\u00eda tambi\u00e9n, porque a veces las personas por ah\u00ed no saben, pero gestionar en el Estado lleva mucho tiempo y esto nos da autonom\u00eda, porque es una planificaci\u00f3n que se hace sobre las decisiones que toma el municipio y que son cosas que vamos trabajando con la comunidad, pensando tambi\u00e9n principalmente en las calles para el acceso al transporte p\u00fablico\u201d<\/strong>.<\/p>\n","protected":false},"excerpt":{"rendered":"<p>Gracias a la gesti\u00f3n de Mariel Fern\u00e1ndez el municipio no s\u00f3lo avanza velozmente en la soluci\u00f3n a la demanda hist\u00f3rica, sino tambi\u00e9n con autonom\u00eda. La Reja es un ejemplo de ello, con 24 calles asfaltadas mientras se realiza la obra &hellip; <a href=\"https:\/\/morenoprimero.com.ar\/archivo\/moreno-tiene-dos-plantas-asfalticas-que-permiten-hacer-10-calles-por-dia\/\">Sigue leyendo <span class=\"meta-nav\">&rarr;<\/span><\/a><\/p>\n","protected":false},"author":6,"featured_media":23470,"comment_status":"closed","ping_status":"closed","sticky":false,"template":"","format":"standard","meta":{"footnotes":""},"categories":[2,2328],"tags":[276,6,2621,285,2714],"class_list":["post-23444","post","type-post","status-publish","format-standard","has-post-thumbnail","hentry","category-destacadas","category-local","tag-mariel-fernandez","tag-moreno","tag-nuevo-asfalto","tag-obras-publicas","tag-planta-asfaltica-municipal"],"_links":{"self":[{"href":"https:\/\/morenoprimero.com.ar\/archivo\/wp-json\/wp\/v2\/posts\/23444","targetHints":{"allow":["GET"]}}],"collection":[{"href":"https:\/\/morenoprimero.com.ar\/archivo\/wp-json\/wp\/v2\/posts"}],"about":[{"href":"https:\/\/morenoprimero.com.ar\/archivo\/wp-json\/wp\/v2\/types\/post"}],"author":[{"embeddable":true,"href":"https:\/\/morenoprimero.com.ar\/archivo\/wp-json\/wp\/v2\/users\/6"}],"replies":[{"embeddable":true,"href":"https:\/\/morenoprimero.com.ar\/archivo\/wp-json\/wp\/v2\/comments?post=23444"}],"version-history":[{"count":3,"href":"https:\/\/morenoprimero.com.ar\/archivo\/wp-json\/wp\/v2\/posts\/23444\/revisions"}],"predecessor-version":[{"id":23471,"href":"https:\/\/morenoprimero.com.ar\/archivo\/wp-json\/wp\/v2\/posts\/23444\/revisions\/23471"}],"wp:featuredmedia":[{"embeddable":true,"href":"https:\/\/morenoprimero.com.ar\/archivo\/wp-json\/wp\/v2\/media\/23470"}],"wp:attachment":[{"href":"https:\/\/morenoprimero.com.ar\/archivo\/wp-json\/wp\/v2\/media?parent=23444"}],"wp:term":[{"taxonomy":"category","embeddable":true,"href":"https:\/\/morenoprimero.com.ar\/archivo\/wp-json\/wp\/v2\/categories?post=23444"},{"taxonomy":"post_tag","embeddable":true,"href":"https:\/\/morenoprimero.com.ar\/archivo\/wp-json\/wp\/v2\/tags?post=23444"}],"curies":[{"name":"wp","href":"https:\/\/api.w.org\/{rel}","templated":true}]}}