{"id":23364,"date":"2022-01-13T13:03:50","date_gmt":"2022-01-13T16:03:50","guid":{"rendered":"https:\/\/morenoprimero.com.ar\/?p=23364"},"modified":"2022-01-13T13:03:51","modified_gmt":"2022-01-13T16:03:51","slug":"el-crecimiento-de-la-industria-a-nivel-nacional-que-moreno-sabe-aprovechar","status":"publish","type":"post","link":"https:\/\/morenoprimero.com.ar\/archivo\/el-crecimiento-de-la-industria-a-nivel-nacional-que-moreno-sabe-aprovechar\/","title":{"rendered":"El crecimiento de la industria a nivel nacional que Moreno sabe aprovechar"},"content":{"rendered":"\n<p>Pol\u00edticas de promoci\u00f3n industrial, Parques Industriales funcionando, y generaci\u00f3n de empleo local. La f\u00f3rmula que encontr\u00f3 el Municipio de Moreno para hacer realidad la llegada de empresas al distrito.<\/p>\n\n\n\n<p>El uso de la capacidad Instalada de la Industria fue de 68,8% en noviembre, con un<strong>&nbsp;crecimiento de 5,5 puntos interanual respecto al 63,3%<\/strong>&nbsp;de igual mes del a\u00f1o pasado, inform\u00f3 el Instituto Nacional de Estad\u00edstica y Censos (Indec).<br><br>Esta suba se correlaciona con la mejora del 10,1% interanual que tuvo la actividad industrial durante noviembre, inform\u00f3 el organismo.<br><br>El incremento de 5,5 puntos porcentual<strong>&nbsp;es el noveno aumento consecutivo que registra la comparaci\u00f3n interanual<\/strong>&nbsp;en lo que respecta al uso de la capacidad fabril.<\/p>\n\n\n\n<figure class=\"wp-block-embed is-type-rich is-provider-twitter wp-block-embed-twitter\"><div class=\"wp-block-embed__wrapper\">\n<blockquote class=\"twitter-tweet\" data-width=\"550\" data-dnt=\"true\"><p lang=\"es\" dir=\"ltr\"><a href=\"https:\/\/twitter.com\/hashtag\/DatoINDEC?src=hash&amp;ref_src=twsrc%5Etfw\">#DatoINDEC<\/a><br>La industria utiliz\u00f3 68,8% de su capacidad instalada durante noviembre de 2021 <a href=\"https:\/\/t.co\/PDMgZTDeDs\">https:\/\/t.co\/PDMgZTDeDs<\/a> <a href=\"https:\/\/t.co\/Yh14AlCw15\">pic.twitter.com\/Yh14AlCw15<\/a><\/p>&mdash; INDEC Argentina (@INDECArgentina) <a href=\"https:\/\/twitter.com\/INDECArgentina\/status\/1481340419061559305?ref_src=twsrc%5Etfw\">January 12, 2022<\/a><\/blockquote><script async src=\"https:\/\/platform.twitter.com\/widgets.js\" charset=\"utf-8\"><\/script>\n<\/div><\/figure>\n\n\n\n<p><br>El uso de la capacidad instalada de 68,8% de noviembre tambi\u00e9n se ubic\u00f3 por encima del 64,7 % de octubre.<\/p>\n\n\n\n<p>Desde el Ministerio de Econom\u00eda dijeron que los n\u00fameros de noviembre marcan<strong>&nbsp;el \u00absegundo nivel m\u00e1s alto desde el inicio de la serie, en 2016<\/strong>, quedando apenas 0,4 puntos porcentuales por debajo del m\u00e1ximo de la serie ocurrido en noviembre de 2017, con el 69,2%\u201d.<br><br>En lo que va del a\u00f1o, el uso de la capacidad instalada de la industria acumula un crecimiento de 8,1 puntos porcentual interanual, mientras que el nivel de actividad refleja una mejora del 16,3% en similar per\u00edodo.<\/p>\n\n\n\n<p><strong>Un Municipio que aprovecha el crecimiento de la industria en el pa\u00eds<\/strong><\/p>\n\n\n\n<p>Por decisi\u00f3n pol\u00edtica de Mariel Fern\u00e1ndez, el Municipio de Moreno impuls\u00f3 la promoci\u00f3n industrial con un objetivo claro, dejar de ser \u201cciudad dormitorio\u201d. Esto quiere decir, que los vecinos y vecinas no tengan que viajar grandes distancias para asistir a sus trabajos.<\/p>\n\n\n\n<p>Estas pol\u00edticas llegan en el marco de un crecimiento de la industria a nivel nacional, lo que genera las condiciones necesarias propicias para el desarrollo exitoso de la industria en Moreno. Actualmente, dan sus frutos y los Parques Industriales de Moreno se pusieron en marcha, reciben importantes empresas y generan empleo local.<\/p>\n\n\n\n<p>El concejal Emmanuel Fern\u00e1ndez, indic\u00f3 a Moreno Primero que, actualmente hay \u201c50 empresas que empezaron a construir, algunas trabajando y otras en el proceso de desarrollo de sus espacios\u201d como as\u00ed tambi\u00e9n, hay \u201c300 personas que entran a trabajar todos los d\u00edas al Parque\u201d.<\/p>\n\n\n\n<figure class=\"wp-block-gallery columns-2 is-cropped wp-block-gallery-1 is-layout-flex wp-block-gallery-is-layout-flex\"><ul class=\"blocks-gallery-grid\"><li class=\"blocks-gallery-item\"><figure><a href=\"https:\/\/morenoprimero.com.ar\/wp-content\/uploads\/2022\/01\/DM_20220111192251_001.jpg\"><img loading=\"lazy\" decoding=\"async\" width=\"1024\" height=\"536\" src=\"https:\/\/morenoprimero.com.ar\/wp-content\/uploads\/2022\/01\/DM_20220111192251_001-1024x536.jpg\" alt=\"\" data-id=\"23325\" data-full-url=\"https:\/\/morenoprimero.com.ar\/wp-content\/uploads\/2022\/01\/DM_20220111192251_001.jpg\" data-link=\"https:\/\/morenoprimero.com.ar\/emmanuel-fernandez-hay-50-empresas-que-empezaron-a-construir-y-300-personas-que-entran-a-trabajar-todos-los-dias-al-parque\/dm_20220111192251_001\/\" class=\"wp-image-23325\" srcset=\"https:\/\/morenoprimero.com.ar\/archivo\/wp-content\/uploads\/2022\/01\/DM_20220111192251_001-1024x536.jpg 1024w, https:\/\/morenoprimero.com.ar\/archivo\/wp-content\/uploads\/2022\/01\/DM_20220111192251_001-300x157.jpg 300w, https:\/\/morenoprimero.com.ar\/archivo\/wp-content\/uploads\/2022\/01\/DM_20220111192251_001-768x402.jpg 768w, https:\/\/morenoprimero.com.ar\/archivo\/wp-content\/uploads\/2022\/01\/DM_20220111192251_001-390x205.jpg 390w, https:\/\/morenoprimero.com.ar\/archivo\/wp-content\/uploads\/2022\/01\/DM_20220111192251_001.jpg 1080w\" sizes=\"auto, (max-width: 1024px) 100vw, 1024px\" \/><\/a><\/figure><\/li><li class=\"blocks-gallery-item\"><figure><a href=\"https:\/\/morenoprimero.com.ar\/wp-content\/uploads\/2022\/01\/Assef-1.jpg\"><img loading=\"lazy\" decoding=\"async\" width=\"1024\" height=\"682\" src=\"https:\/\/morenoprimero.com.ar\/wp-content\/uploads\/2022\/01\/Assef-1-1024x682.jpg\" alt=\"\" data-id=\"23218\" data-full-url=\"https:\/\/morenoprimero.com.ar\/wp-content\/uploads\/2022\/01\/Assef-1.jpg\" data-link=\"https:\/\/morenoprimero.com.ar\/florencia-asseff-es-interesante-ver-el-crecimiento-que-estan-teniendo-los-parques-industriales-y-acompanar-desde-desde-nuestro-lugar\/assef-1-2\/\" class=\"wp-image-23218\" srcset=\"https:\/\/morenoprimero.com.ar\/archivo\/wp-content\/uploads\/2022\/01\/Assef-1-1024x682.jpg 1024w, https:\/\/morenoprimero.com.ar\/archivo\/wp-content\/uploads\/2022\/01\/Assef-1-300x200.jpg 300w, https:\/\/morenoprimero.com.ar\/archivo\/wp-content\/uploads\/2022\/01\/Assef-1-768x512.jpg 768w, https:\/\/morenoprimero.com.ar\/archivo\/wp-content\/uploads\/2022\/01\/Assef-1.jpg 1280w\" sizes=\"auto, (max-width: 1024px) 100vw, 1024px\" \/><\/a><\/figure><\/li><\/ul><figcaption class=\"blocks-gallery-caption\">Visita de concejales y concejalas al Parque Industrial<\/figcaption><\/figure>\n\n\n\n<p>Ante la revoluci\u00f3n generada en los parques industriales, donde llegan maquinarias y obras para construir naves industriales, concejales y concejalas morenenses asistieron el pasado viernes 7 de Enero a una vista guiada por Federico Fongi, quien encabeza el Consejo de Administraci\u00f3n de los Parques Industriales. All\u00ed coincidieron, en palabras de la concejala Asseff, en que \u201cfue muy interesante ver el crecimiento que est\u00e1n teniendo ambos Parques\u201d, quien tambi\u00e9n se\u00f1al\u00f3 la necesidad de controlar que finalmente se radiquen las empresas porque \u201cse traduce en un desarrollo econ\u00f3mico de la zona y m\u00e1s puestos de trabajo\u201d.<\/p>\n\n\n\n<p><strong>La f\u00f3rmula de la gesti\u00f3n de Mariel Fern\u00e1ndez que permiti\u00f3 a Moreno aprovechar el crecimiento de la industria nacional<\/strong><\/p>\n\n\n\n<figure class=\"wp-block-image\"><img decoding=\"async\" src=\"https:\/\/scontent.fepa2-1.fna.fbcdn.net\/v\/t39.30808-6\/204169118_10159898681002139_2694322187402962879_n.jpg?_nc_cat=106&amp;ccb=1-5&amp;_nc_sid=8bfeb9&amp;_nc_eui2=AeEz-F8YUeOTxBWAhnMrTWYiKmDm3Lwi7s4qYObcvCLuzi4j9ucTsiedNE8VvsVSmPY&amp;_nc_ohc=PhXCv5boxsUAX_GpqkC&amp;_nc_ht=scontent.fepa2-1.fna&amp;oh=00_AT9HF08Uwp3bzpwWw6V0HWK9yEN3KVCL6urgPA5iRG5-bw&amp;oe=61E53F52\" alt=\"Puede ser una imagen de al aire libre\"\/><\/figure>\n\n\n\n<p>La pol\u00edtica de fomento de los parques industriales siempre tuvo en el sector privado a grandes desarrolladores como Primerano, Kim, entre otros, los cuales, tal como lo indica Fongi \u201cpermitieron apuntalar la llegada de empresas\u201d. A estos proyectos \u201cles faltaba que el Municipio acompa\u00f1ara y fuera facilitador de herramientas para acompa\u00f1ar las inversiones\u201d.&nbsp;<\/p>\n\n\n\n<p>La actual gesti\u00f3n de la intendenta Mariel Fern\u00e1ndez dio un giro de 180 grados en ese aspecto y la promoci\u00f3n industrial es efectiva. Con ella, el acompa\u00f1amiento a las empresas que eligen radicarse en Moreno. &nbsp;&nbsp;En ese sentido, \u201c<strong>hoy, la Coordinaci\u00f3n General de Promoci\u00f3n de Industria y Comercio lleva adelante la tarea de coordinar con todas las \u00e1reas del municipio, para que las habilitaciones, tramites, infraestructura, seguridad y dem\u00e1s requerimientos, puedan estar al alcance del empresario que elige Moreno para radicarse<\/strong>\u201c.<\/p>\n\n\n\n<p>M\u00e1s a\u00fan, \u201c<strong>los parques cuentan con todos los servicios, desde agua corriente, cloacas -con planta de tratamiento propio-, residuos industriales y con el proyecto de gas<\/strong>. Este \u00faltimo fue uno de los casos m\u00e1s emblem\u00e1ticos de los incumplimientos que recibimos, ya que se prometi\u00f3 a las empresas contar con el mismo y nunca se avanz\u00f3 en su construcci\u00f3n\u201d.<\/p>\n\n\n\n<p>Por otro lado, \u201c<strong>el PIM 2 incorpora al proyecto adem\u00e1s la construcci\u00f3n de un edificio de servicios, la creaci\u00f3n del Destacamento de Bomberos, y nuevas redes como Red de Incendios Centralizada, pensada para cuidar a los emprendimientos y los trabajadores<\/strong>.\u201d<\/p>\n\n\n\n<p><strong>Rapiflix y Fijapel, un gran ejemplo<\/strong><\/p>\n\n\n\n<p><strong>La f\u00f3rmula es efectiva, y <\/strong>ejemplo de ello es una compa\u00f1\u00eda bonaerense que comercializa sus productos bajo las marcas Rapiflix y Fijapel&nbsp; que cuenta con una participaci\u00f3n superior al 40 por ciento del mercado en el \u00e1mbito local:&nbsp;<strong>El Banco Industrial y Comercio Exterior (BICE) financi\u00f3 una inversi\u00f3n de la empresa FAIP SAIC, dedicada a la fabricaci\u00f3n de cintas adhesivas con el objetivo de cuadriplicar su producci\u00f3n, potenciar exportaciones y mudar la planta al Parque Industrial de Moreno<\/strong>.<\/p>\n","protected":false},"excerpt":{"rendered":"<p>Pol\u00edticas de promoci\u00f3n industrial, Parques Industriales funcionando, y generaci\u00f3n de empleo local. La f\u00f3rmula que encontr\u00f3 el Municipio de Moreno para hacer realidad la llegada de empresas al distrito. El uso de la capacidad Instalada de la Industria fue de &hellip; <a href=\"https:\/\/morenoprimero.com.ar\/archivo\/el-crecimiento-de-la-industria-a-nivel-nacional-que-moreno-sabe-aprovechar\/\">Sigue leyendo <span class=\"meta-nav\">&rarr;<\/span><\/a><\/p>\n","protected":false},"author":6,"featured_media":23369,"comment_status":"closed","ping_status":"closed","sticky":false,"template":"","format":"standard","meta":{"footnotes":""},"categories":[926,2328],"tags":[3007,268,276,6,1999],"class_list":["post-23364","post","type-post","status-publish","format-standard","has-post-thumbnail","hentry","category-economia","category-local","tag-federico-fongi","tag-industria","tag-mariel-fernandez","tag-moreno","tag-parques-industriales-municipales"],"_links":{"self":[{"href":"https:\/\/morenoprimero.com.ar\/archivo\/wp-json\/wp\/v2\/posts\/23364","targetHints":{"allow":["GET"]}}],"collection":[{"href":"https:\/\/morenoprimero.com.ar\/archivo\/wp-json\/wp\/v2\/posts"}],"about":[{"href":"https:\/\/morenoprimero.com.ar\/archivo\/wp-json\/wp\/v2\/types\/post"}],"author":[{"embeddable":true,"href":"https:\/\/morenoprimero.com.ar\/archivo\/wp-json\/wp\/v2\/users\/6"}],"replies":[{"embeddable":true,"href":"https:\/\/morenoprimero.com.ar\/archivo\/wp-json\/wp\/v2\/comments?post=23364"}],"version-history":[{"count":2,"href":"https:\/\/morenoprimero.com.ar\/archivo\/wp-json\/wp\/v2\/posts\/23364\/revisions"}],"predecessor-version":[{"id":23371,"href":"https:\/\/morenoprimero.com.ar\/archivo\/wp-json\/wp\/v2\/posts\/23364\/revisions\/23371"}],"wp:featuredmedia":[{"embeddable":true,"href":"https:\/\/morenoprimero.com.ar\/archivo\/wp-json\/wp\/v2\/media\/23369"}],"wp:attachment":[{"href":"https:\/\/morenoprimero.com.ar\/archivo\/wp-json\/wp\/v2\/media?parent=23364"}],"wp:term":[{"taxonomy":"category","embeddable":true,"href":"https:\/\/morenoprimero.com.ar\/archivo\/wp-json\/wp\/v2\/categories?post=23364"},{"taxonomy":"post_tag","embeddable":true,"href":"https:\/\/morenoprimero.com.ar\/archivo\/wp-json\/wp\/v2\/tags?post=23364"}],"curies":[{"name":"wp","href":"https:\/\/api.w.org\/{rel}","templated":true}]}}