{"id":23210,"date":"2022-01-07T14:41:30","date_gmt":"2022-01-07T17:41:30","guid":{"rendered":"https:\/\/morenoprimero.com.ar\/?p=23210"},"modified":"2022-01-07T14:41:30","modified_gmt":"2022-01-07T17:41:30","slug":"dos-personas-fueron-detenidas-en-la-estacion-de-moreno","status":"publish","type":"post","link":"https:\/\/morenoprimero.com.ar\/archivo\/dos-personas-fueron-detenidas-en-la-estacion-de-moreno\/","title":{"rendered":"Dos personas fueron detenidas en la estaci\u00f3n de Moreno"},"content":{"rendered":"\n<h5 class=\"wp-block-heading\">En la estaci\u00f3n de Moreno pudieron localizar y detener a dos individuos que hab\u00edan robado un taller mec\u00e1nico.<\/h5>\n\n\n\n<p>Detuvieron en la estaci\u00f3n de Moreno a dos personas que robaron un taller mec\u00e1nico que se encuentra cercano a la parada ferroviaria.<strong> El Centro de Monitoreo de Trenes Argentinos <\/strong>observ\u00f3 a los dos individuos en cuesti\u00f3n, quienes cargaban bolsos en sus hombros y se notaron sospechosos. <strong>De esta manera, se avis\u00f3 a los oficiales que trabajan en la estaci\u00f3n y prosiguieron a detenerlos<\/strong>.<\/p>\n\n\n\n<p>Una vez que los encontraron abordando uno de los vagones del tren, los demoraron y fueron requisados seg\u00fan el protocolo policial,<strong> en los bolsos encontraron los elementos que hab\u00edan sido robados del taller mec\u00e1nico.<\/strong><\/p>\n\n\n\n<p>Mientras se aguardaba la llegada del m\u00f3vil policial se hizo presente el damnificado, quien reconoci\u00f3 las herramientas e identific\u00f3 a los autores del robo. Los demorados y el propietario de las herramientas (una soldadora el\u00e9ctrica, un arrancador, un cargador de bater\u00eda y un equipo de m\u00fasica) fueron trasladados a la comisar\u00eda 1\u00aa de Moreno.<\/p>\n\n\n\n<p>La instrucci\u00f3n qued\u00f3 a cargo de la Unidad Funcional de Instrucci\u00f3n N\u00ba 2 del departamento judicial de Mor\u00f3n.<\/p>\n","protected":false},"excerpt":{"rendered":"<p>En la estaci\u00f3n de Moreno pudieron localizar y detener a dos individuos que hab\u00edan robado un taller mec\u00e1nico. Detuvieron en la estaci\u00f3n de Moreno a dos personas que robaron un taller mec\u00e1nico que se encuentra cercano a la parada ferroviaria. &hellip; <a href=\"https:\/\/morenoprimero.com.ar\/archivo\/dos-personas-fueron-detenidas-en-la-estacion-de-moreno\/\">Sigue leyendo <span class=\"meta-nav\">&rarr;<\/span><\/a><\/p>\n","protected":false},"author":6,"featured_media":23211,"comment_status":"closed","ping_status":"closed","sticky":false,"template":"","format":"standard","meta":{"footnotes":""},"categories":[3,8],"tags":[3471,6,1774],"class_list":["post-23210","post","type-post","status-publish","format-standard","has-post-thumbnail","hentry","category-importantes","category-policiales","tag-monitoreo","tag-moreno","tag-policial"],"_links":{"self":[{"href":"https:\/\/morenoprimero.com.ar\/archivo\/wp-json\/wp\/v2\/posts\/23210","targetHints":{"allow":["GET"]}}],"collection":[{"href":"https:\/\/morenoprimero.com.ar\/archivo\/wp-json\/wp\/v2\/posts"}],"about":[{"href":"https:\/\/morenoprimero.com.ar\/archivo\/wp-json\/wp\/v2\/types\/post"}],"author":[{"embeddable":true,"href":"https:\/\/morenoprimero.com.ar\/archivo\/wp-json\/wp\/v2\/users\/6"}],"replies":[{"embeddable":true,"href":"https:\/\/morenoprimero.com.ar\/archivo\/wp-json\/wp\/v2\/comments?post=23210"}],"version-history":[{"count":1,"href":"https:\/\/morenoprimero.com.ar\/archivo\/wp-json\/wp\/v2\/posts\/23210\/revisions"}],"predecessor-version":[{"id":23212,"href":"https:\/\/morenoprimero.com.ar\/archivo\/wp-json\/wp\/v2\/posts\/23210\/revisions\/23212"}],"wp:featuredmedia":[{"embeddable":true,"href":"https:\/\/morenoprimero.com.ar\/archivo\/wp-json\/wp\/v2\/media\/23211"}],"wp:attachment":[{"href":"https:\/\/morenoprimero.com.ar\/archivo\/wp-json\/wp\/v2\/media?parent=23210"}],"wp:term":[{"taxonomy":"category","embeddable":true,"href":"https:\/\/morenoprimero.com.ar\/archivo\/wp-json\/wp\/v2\/categories?post=23210"},{"taxonomy":"post_tag","embeddable":true,"href":"https:\/\/morenoprimero.com.ar\/archivo\/wp-json\/wp\/v2\/tags?post=23210"}],"curies":[{"name":"wp","href":"https:\/\/api.w.org\/{rel}","templated":true}]}}