{"id":23202,"date":"2022-01-07T13:05:45","date_gmt":"2022-01-07T16:05:45","guid":{"rendered":"https:\/\/morenoprimero.com.ar\/?p=23202"},"modified":"2022-01-07T13:05:45","modified_gmt":"2022-01-07T16:05:45","slug":"emmanuel-fernandez-la-empresa-se-responsabiliza-de-la-situacion-y-pidieron-ayuda-a-la-municipalidad","status":"publish","type":"post","link":"https:\/\/morenoprimero.com.ar\/archivo\/emmanuel-fernandez-la-empresa-se-responsabiliza-de-la-situacion-y-pidieron-ayuda-a-la-municipalidad\/","title":{"rendered":"Emmanuel Fern\u00e1ndez: \u201cLa empresa se responsabiliza de la situaci\u00f3n y pidieron ayuda a la Municipalidad\u201d"},"content":{"rendered":"\n<p>El reclamo de vecinos\/as de Moreno fue acompa\u00f1ado por concejales\/as. Tras una audiencia con la empresa AYSA, y ante la emergencia, se acord\u00f3 la coordinaci\u00f3n de una mesa de trabajo en conjunto con el Ejecutivo Municipal.<\/p>\n\n\n\n<p>Una gran problem\u00e1tica exige la respuesta de vecinos y vecinas de Moreno que, como sucede en m\u00e1s de una ocasi\u00f3n, sufren la falta de agua; un servicio brindado por la empresa AYSA.<\/p>\n\n\n\n<p>Concejales y concejalas de diferentes bloques del Honorable Concejo Deliberante acompa\u00f1aron el reclamo realizado por vecinos y vecinas el pasado mi\u00e9rcoles 5 de enero.<\/p>\n\n\n\n<p>Entre ellos y ellas, el concejal Emmanuel Fern\u00e1ndez, quien explic\u00f3 a Moreno Primero que \u201clas deficiencias del servicio siempre se dan en las \u00e9pocas de calor intenso, tal como fue el caso de los \u00faltimos 15 d\u00edas\u201d, y de acuerdo a lo contabilizado, actualmente hay \u201caproximadamente 20 barrios con problemas de baja presi\u00f3n y, puntualmente, en la zona centro\/sur con presi\u00f3n baja y cortes totales\u00bb.<\/p>\n\n\n\n<p>Adem\u00e1s de acompa\u00f1ar el reclamo, concejales y concejalas solicitaron el pedido de audiencia y, al d\u00eda siguiente por la ma\u00f1ana (jueves 6 de enero), se reunieron para encontrar una soluci\u00f3n al problema.<\/p>\n\n\n\n<p>\u201cLa empresa se responsabiliza de la situaci\u00f3n y pidieron ayuda a la municipalidad\u201d, asegur\u00f3 el concejal Fern\u00e1ndez, y detall\u00f3: \u201cQuedamos en coordinar una mesa de trabajo entre AYSA y el Ejecutivo Municipal para ver las proyecciones de obra y armar una agenda de trabajo en el marco de la emergencia\u201d, asegur\u00f3 el concejal Fern\u00e1ndez.<\/p>\n\n\n\n<p><strong>\u00bfA qui\u00e9n recurrir por problemas con el suministro de agua?<\/strong><\/p>\n\n\n\n<p>Desde la Direcci\u00f3n de Derechos de las y los Consumidores y Usuarios informaron cu\u00e1les son los requisitos para realizar el reclamo por la falta de agua en las casas de Moreno.<\/p>\n\n\n\n<p>A partir de los conflictos con el suministro de agua en&nbsp;<strong>Moreno Norte<\/strong>, la&nbsp;<strong>Direcci\u00f3n de Derechos de Las y los Consumidores y Usuarios<\/strong>&nbsp;estableci\u00f3 un n\u00famero de contacto para los reclamos de las y los vecinos morenenses.<\/p>\n\n\n\n<p>Por el momento, la empresa&nbsp;<strong>AySA<\/strong>&nbsp;se encuentra aplicando el plan de inversi\u00f3n en las cercan\u00edas de Tablada y Democracia,&nbsp;<strong>Barrio Jardines II<\/strong>, Madariaga y Honduras en&nbsp;<strong>Barrio Los Pinos<\/strong>, Shakespeare y G\u00e1lvez en&nbsp;<strong>Barrio La victoria<\/strong>&nbsp;y Honduras y M\u00e1rquez de Aguado en&nbsp;<strong>Barrio Sat\u00e9lite<\/strong>.<\/p>\n\n\n\n<p>Las obras anteriormente mencionadas estiman que finalizar\u00e1n en marzo de 2021. Para realizar el reclamo, se podr\u00e1 acceder mediante&nbsp;<strong>Whatsapp<\/strong>&nbsp;<strong>1134793618<\/strong>&nbsp;o v\u00eda mail a derechosdc.moreno@gmail.com<\/p>\n\n\n\n<div class=\"wp-block-image\"><figure class=\"aligncenter\"><img decoding=\"async\" src=\"https:\/\/morenoprimero.com.ar\/wp-content\/uploads\/2020\/12\/Reclamos.jpg\" alt=\"\"\/><\/figure><\/div>\n","protected":false},"excerpt":{"rendered":"<p>El reclamo de vecinos\/as de Moreno fue acompa\u00f1ado por concejales\/as. Tras una audiencia con la empresa AYSA, y ante la emergencia, se acord\u00f3 la coordinaci\u00f3n de una mesa de trabajo en conjunto con el Ejecutivo Municipal. Una gran problem\u00e1tica exige &hellip; <a href=\"https:\/\/morenoprimero.com.ar\/archivo\/emmanuel-fernandez-la-empresa-se-responsabiliza-de-la-situacion-y-pidieron-ayuda-a-la-municipalidad\/\">Sigue leyendo <span class=\"meta-nav\">&rarr;<\/span><\/a><\/p>\n","protected":false},"author":6,"featured_media":23204,"comment_status":"closed","ping_status":"closed","sticky":false,"template":"","format":"standard","meta":{"footnotes":""},"categories":[2,2328],"tags":[78,1931,120,6],"class_list":["post-23202","post","type-post","status-publish","format-standard","has-post-thumbnail","hentry","category-destacadas","category-local","tag-aysa","tag-concejales","tag-hcd-moreno","tag-moreno"],"_links":{"self":[{"href":"https:\/\/morenoprimero.com.ar\/archivo\/wp-json\/wp\/v2\/posts\/23202","targetHints":{"allow":["GET"]}}],"collection":[{"href":"https:\/\/morenoprimero.com.ar\/archivo\/wp-json\/wp\/v2\/posts"}],"about":[{"href":"https:\/\/morenoprimero.com.ar\/archivo\/wp-json\/wp\/v2\/types\/post"}],"author":[{"embeddable":true,"href":"https:\/\/morenoprimero.com.ar\/archivo\/wp-json\/wp\/v2\/users\/6"}],"replies":[{"embeddable":true,"href":"https:\/\/morenoprimero.com.ar\/archivo\/wp-json\/wp\/v2\/comments?post=23202"}],"version-history":[{"count":4,"href":"https:\/\/morenoprimero.com.ar\/archivo\/wp-json\/wp\/v2\/posts\/23202\/revisions"}],"predecessor-version":[{"id":23209,"href":"https:\/\/morenoprimero.com.ar\/archivo\/wp-json\/wp\/v2\/posts\/23202\/revisions\/23209"}],"wp:featuredmedia":[{"embeddable":true,"href":"https:\/\/morenoprimero.com.ar\/archivo\/wp-json\/wp\/v2\/media\/23204"}],"wp:attachment":[{"href":"https:\/\/morenoprimero.com.ar\/archivo\/wp-json\/wp\/v2\/media?parent=23202"}],"wp:term":[{"taxonomy":"category","embeddable":true,"href":"https:\/\/morenoprimero.com.ar\/archivo\/wp-json\/wp\/v2\/categories?post=23202"},{"taxonomy":"post_tag","embeddable":true,"href":"https:\/\/morenoprimero.com.ar\/archivo\/wp-json\/wp\/v2\/tags?post=23202"}],"curies":[{"name":"wp","href":"https:\/\/api.w.org\/{rel}","templated":true}]}}