{"id":23192,"date":"2022-01-07T10:59:13","date_gmt":"2022-01-07T13:59:13","guid":{"rendered":"https:\/\/morenoprimero.com.ar\/?p=23192"},"modified":"2022-01-07T10:59:14","modified_gmt":"2022-01-07T13:59:14","slug":"ante-la-ola-de-contagios-el-municipio-de-moreno-despliega-mas-de-20-centros-de-testeo","status":"publish","type":"post","link":"https:\/\/morenoprimero.com.ar\/archivo\/ante-la-ola-de-contagios-el-municipio-de-moreno-despliega-mas-de-20-centros-de-testeo\/","title":{"rendered":"Ante la ola de contagios, el Municipio de Moreno despliega m\u00e1s de 20 centros de testeo"},"content":{"rendered":"\n<p>Ingres\u00e1 a la nota y ent\u00e9rate d\u00f3nde est\u00e1n ubicados,  los d\u00edas y horarios.<\/p>\n\n\n\n<p>El nuevo reporte de la cartera sanitaria nacional indica que fueron registrados 109.608 nuevos contagios en las \u00faltimas 24 horas en todo el pa\u00eds. Adem\u00e1s, se registraron 40 fallecimientos y son 1.572 los internados por COVID en unidades de terapia intensiva. Del total de contagiados, 5.427.191 recibieron el alta y 480.726 son casos confirmados activos.<\/p>\n\n\n\n<figure class=\"wp-block-image size-full\"><a href=\"https:\/\/morenoprimero.com.ar\/wp-content\/uploads\/2022\/01\/image.png\"><img loading=\"lazy\" decoding=\"async\" width=\"879\" height=\"484\" src=\"https:\/\/morenoprimero.com.ar\/wp-content\/uploads\/2022\/01\/image.png\" alt=\"\" class=\"wp-image-23193\" srcset=\"https:\/\/morenoprimero.com.ar\/archivo\/wp-content\/uploads\/2022\/01\/image.png 879w, https:\/\/morenoprimero.com.ar\/archivo\/wp-content\/uploads\/2022\/01\/image-300x165.png 300w, https:\/\/morenoprimero.com.ar\/archivo\/wp-content\/uploads\/2022\/01\/image-768x423.png 768w\" sizes=\"auto, (max-width: 879px) 100vw, 879px\" \/><\/a><figcaption>Gracias a la campa\u00f1a de vacunaci\u00f3n, los casos suben exponencialmente mientras que el \u00edndice de mortalidad no aumenta. <\/figcaption><\/figure>\n\n\n\n<p><strong>En Moreno<\/strong><\/p>\n\n\n\n<p>En el distrito, son 63.345 los casos confirmados de coronavirus y 59.031 los casos recuperados. Esto quiere decir que, en total, hay 4314 casos confirmados activos.<\/p>\n\n\n\n<p>Debido a la alta tasa de contagios que se registra desde los primeros d\u00edas de enero, el Municipio de Moreno, a trav\u00e9s de la Secretar\u00eda de Salud, despleg\u00f3 m\u00e1s de 20 centros de testeos a lo largo y ancho del distrito.<\/p>\n\n\n\n<p>Estos centros se encuentran divididos por zonas sanitarias, que corresponden a Paso del Rey, Cuartel V, Trujui, \u00c1lvarez\/La Reja, Moreno Sur y Moreno Norte.<\/p>\n\n\n\n<p>Mientras tanto, la Campa\u00f1a de Vacunaci\u00f3n contin\u00faa y ya son 888.418 el total de dosis aplicadas en Moreno. Un total de 463.424 corresponden a la primera dosis, 373.997 corresponden a la segunda dosis, 30.952 a la tercera dosis, y 20.045 son los vacunados con refuerzo.<\/p>\n\n\n\n<figure class=\"wp-block-image\"><img decoding=\"async\" src=\"https:\/\/scontent.fepa2-1.fna.fbcdn.net\/v\/t39.30808-6\/271212367_5277921048903402_304403428113546738_n.jpg?_nc_cat=106&amp;ccb=1-5&amp;_nc_sid=730e14&amp;_nc_eui2=AeHmKVtpvWhSpSAAFQAVTMQsk4MOTFehNsyTgw5MV6E2zGibmOXq8vmPMBhXzdSntl0&amp;_nc_ohc=KYbnYI9y0YcAX_7YTin&amp;_nc_ht=scontent.fepa2-1.fna&amp;oh=00_AT_pCbaLTmLCA-BEOhhql6Jud0FR3kgUzjspQPi3HxqDMw&amp;oe=61DE140C\" alt=\"No hay ninguna descripci\u00f3n de la foto disponible.\"\/><\/figure>\n\n\n\n<figure class=\"wp-block-image\"><img decoding=\"async\" src=\"https:\/\/scontent.fepa2-1.fna.fbcdn.net\/v\/t39.30808-6\/270191649_5277921058903401_6595208692529712335_n.jpg?_nc_cat=106&amp;ccb=1-5&amp;_nc_sid=730e14&amp;_nc_eui2=AeEMCO3ToSByXgaWSfdCvwNEit12VqPT74qK3XZWo9Pvik0Mdn-pxQ_b7HiZgnXiQ9A&amp;_nc_ohc=Qxt4BCkaC4sAX9gGC48&amp;_nc_oc=AQl1KEXUxtsXLU-fgtUnYcQWM4wl_RnCgbtx5fTb9CWtLmUiwkP1RflQIVmIo2DiZxI&amp;tn=-MJNCM3f8wxGzn0q&amp;_nc_ht=scontent.fepa2-1.fna&amp;oh=00_AT8ykVZCcfow0qCrcsxm7TkQICEvuah2X5O59UtZ1QMFcg&amp;oe=61DD06F1\" alt=\"Puede ser una imagen de texto\"\/><\/figure>\n\n\n\n<figure class=\"wp-block-image\"><img decoding=\"async\" src=\"https:\/\/scontent.fepa2-1.fna.fbcdn.net\/v\/t39.30808-6\/271199075_5277921618903345_4529969239957515105_n.jpg?_nc_cat=105&amp;ccb=1-5&amp;_nc_sid=730e14&amp;_nc_eui2=AeEemJulxHX-1J-4co1mpJM7QGTgUHMO1s9AZOBQcw7Wzz0puBoGluYSw7SKWzJB3nQ&amp;_nc_ohc=w-g2ElazsmMAX-zl6F_&amp;tn=-MJNCM3f8wxGzn0q&amp;_nc_ht=scontent.fepa2-1.fna&amp;oh=00_AT-iGgtJCzanqATWT1G4aBUU_ilpZyjE_F7rEvUffypo-w&amp;oe=61DDE101\" alt=\"Puede ser una imagen de texto que dice &quot;Zona Sanitaria Moreno Sur CENTROS DE TESTEOS Actualizados a Enero 2022 Caps Lomas de Casasco San Pablo 2286 Mier Viernes de 11hs Caps La Victoria Guido Spano 986\/98 Martes y S\u00e1bados de 11hs El Tiziano Caps Juramento Juramento 1719 esquina Castelli Lunes y Jueves de 11hs Zona Sanitaria Moreno Norte Caps Jardines Larreta 3067 Otto Krausse Democracia S\u00e1bados 9hs Caps 25 De Mayo Araucanos 237 e\/Watt y Lamadrid Martes y Jueves 9hs Caps Indaburu Segurola 1475 e\/Canad\u00e1 Echeverr\u00eda Lu, Mier, Jue y Vie 9hs Caps Los Paraisos El Salvador 6618 e\/ Valencia y Strauss Viernes 10hs moreno.gob.ar MORENO&quot;\"\/><\/figure>\n","protected":false},"excerpt":{"rendered":"<p>Ingres\u00e1 a la nota y ent\u00e9rate d\u00f3nde est\u00e1n ubicados, los d\u00edas y horarios. El nuevo reporte de la cartera sanitaria nacional indica que fueron registrados 109.608 nuevos contagios en las \u00faltimas 24 horas en todo el pa\u00eds. Adem\u00e1s, se registraron &hellip; <a href=\"https:\/\/morenoprimero.com.ar\/archivo\/ante-la-ola-de-contagios-el-municipio-de-moreno-despliega-mas-de-20-centros-de-testeo\/\">Sigue leyendo <span class=\"meta-nav\">&rarr;<\/span><\/a><\/p>\n","protected":false},"author":6,"featured_media":23195,"comment_status":"closed","ping_status":"closed","sticky":false,"template":"","format":"standard","meta":{"footnotes":""},"categories":[2,2328,536],"tags":[26,94,6,17],"class_list":["post-23192","post","type-post","status-publish","format-standard","has-post-thumbnail","hentry","category-destacadas","category-local","category-salud","tag-coronavirus","tag-covid-19","tag-moreno","tag-pandemia"],"_links":{"self":[{"href":"https:\/\/morenoprimero.com.ar\/archivo\/wp-json\/wp\/v2\/posts\/23192","targetHints":{"allow":["GET"]}}],"collection":[{"href":"https:\/\/morenoprimero.com.ar\/archivo\/wp-json\/wp\/v2\/posts"}],"about":[{"href":"https:\/\/morenoprimero.com.ar\/archivo\/wp-json\/wp\/v2\/types\/post"}],"author":[{"embeddable":true,"href":"https:\/\/morenoprimero.com.ar\/archivo\/wp-json\/wp\/v2\/users\/6"}],"replies":[{"embeddable":true,"href":"https:\/\/morenoprimero.com.ar\/archivo\/wp-json\/wp\/v2\/comments?post=23192"}],"version-history":[{"count":3,"href":"https:\/\/morenoprimero.com.ar\/archivo\/wp-json\/wp\/v2\/posts\/23192\/revisions"}],"predecessor-version":[{"id":23200,"href":"https:\/\/morenoprimero.com.ar\/archivo\/wp-json\/wp\/v2\/posts\/23192\/revisions\/23200"}],"wp:featuredmedia":[{"embeddable":true,"href":"https:\/\/morenoprimero.com.ar\/archivo\/wp-json\/wp\/v2\/media\/23195"}],"wp:attachment":[{"href":"https:\/\/morenoprimero.com.ar\/archivo\/wp-json\/wp\/v2\/media?parent=23192"}],"wp:term":[{"taxonomy":"category","embeddable":true,"href":"https:\/\/morenoprimero.com.ar\/archivo\/wp-json\/wp\/v2\/categories?post=23192"},{"taxonomy":"post_tag","embeddable":true,"href":"https:\/\/morenoprimero.com.ar\/archivo\/wp-json\/wp\/v2\/tags?post=23192"}],"curies":[{"name":"wp","href":"https:\/\/api.w.org\/{rel}","templated":true}]}}