{"id":23126,"date":"2022-01-04T17:05:03","date_gmt":"2022-01-04T20:05:03","guid":{"rendered":"https:\/\/morenoprimero.com.ar\/?p=23126"},"modified":"2022-01-05T10:47:00","modified_gmt":"2022-01-05T13:47:00","slug":"se-presenta-la-campana-verano-sin-violencias-verano-para-todes-en-moreno","status":"publish","type":"post","link":"https:\/\/morenoprimero.com.ar\/archivo\/se-presenta-la-campana-verano-sin-violencias-verano-para-todes-en-moreno\/","title":{"rendered":"Se presenta la campa\u00f1a \u201cVerano sin violencias, verano para todes\u201d en Moreno"},"content":{"rendered":"\n<p>En Plaza San Mart\u00edn, este mi\u00e9rcoles 5 de enero desde las 10 horas se realizar\u00e1 el lanzamiento de la campa\u00f1a<strong> \u201cVerano sin violencias, verano para todes\u201d <\/strong>que impulsa la Secretar\u00eda de Mujeres, G\u00e9neros y Diversidades del Municipio de Moreno y que busca visibilizar y sensibilizar sobre dos tipos de violencias que aparecen con m\u00e1s fuerza en esta \u00e9poca, una es el acoso callejero y la otra la violencia simb\u00f3lica sobre los cuerpos.<\/p>\n\n\n\n<p>La propuesta ser\u00e1 llevada adelante por las promotoras territoriales de g\u00e9nero<strong> \u201cMicaela Garc\u00eda\u201d<\/strong> que son trabajadoras municipales, mujeres o diversidades de los movimientos sociales de los barrios y cooperativistas que acceden al Programa Potenciar Trabajo y tienen como principal misi\u00f3n generar conciencia a las y los vecinos y poder as\u00ed derribar los mitos sobre el acoso callejero, deslegitimar la cultura de cuerpos hegem\u00f3nicos y fomentar masculinidades m\u00e1s sanas.<\/p>\n\n\n\n<figure class=\"wp-block-image size-large\"><a href=\"https:\/\/morenoprimero.com.ar\/wp-content\/uploads\/2022\/01\/WhatsApp_Image_2022-01-04_at_3.08.30_PM.jpg\"><img loading=\"lazy\" decoding=\"async\" width=\"1024\" height=\"1014\" src=\"https:\/\/morenoprimero.com.ar\/wp-content\/uploads\/2022\/01\/WhatsApp_Image_2022-01-04_at_3.08.30_PM-1024x1014.jpg\" alt=\"\" class=\"wp-image-23128\" srcset=\"https:\/\/morenoprimero.com.ar\/archivo\/wp-content\/uploads\/2022\/01\/WhatsApp_Image_2022-01-04_at_3.08.30_PM-1024x1014.jpg 1024w, https:\/\/morenoprimero.com.ar\/archivo\/wp-content\/uploads\/2022\/01\/WhatsApp_Image_2022-01-04_at_3.08.30_PM-300x297.jpg 300w, https:\/\/morenoprimero.com.ar\/archivo\/wp-content\/uploads\/2022\/01\/WhatsApp_Image_2022-01-04_at_3.08.30_PM-150x150.jpg 150w, https:\/\/morenoprimero.com.ar\/archivo\/wp-content\/uploads\/2022\/01\/WhatsApp_Image_2022-01-04_at_3.08.30_PM-768x760.jpg 768w, https:\/\/morenoprimero.com.ar\/archivo\/wp-content\/uploads\/2022\/01\/WhatsApp_Image_2022-01-04_at_3.08.30_PM.jpg 1073w\" sizes=\"auto, (max-width: 1024px) 100vw, 1024px\" \/><\/a><\/figure>\n\n\n\n<p>Una vez presentada la campa\u00f1a, <strong>se realizar\u00e1n jornadas de promoci\u00f3n en los 16 Puntos Violeta y en cada barrio del distrito. \u201cVerano sin violencias, verano para todes\u201d<\/strong> es una acci\u00f3n m\u00e1s que implementa el Municipio desde una perspectiva integral en el marco de los derechos humanos.<\/p>\n\n\n\n<p>Para m\u00e1s informaci\u00f3n, consultas y\/o atenci\u00f3n se pueden comunicar de 9 a 16 horas al tel\u00e9fono: 0237 \u2013 4626140 o por WhatsApp al (11) 64121474. Tambi\u00e9n acercarse a la sede ubicada en Hip\u00f3lito Yrigoyen 70, a metros de la Comisar\u00eda de la Mujer.<\/p>\n","protected":false},"excerpt":{"rendered":"<p>En Plaza San Mart\u00edn, este mi\u00e9rcoles 5 de enero desde las 10 horas se realizar\u00e1 el lanzamiento de la campa\u00f1a \u201cVerano sin violencias, verano para todes\u201d que impulsa la Secretar\u00eda de Mujeres, G\u00e9neros y Diversidades del Municipio de Moreno y &hellip; <a href=\"https:\/\/morenoprimero.com.ar\/archivo\/se-presenta-la-campana-verano-sin-violencias-verano-para-todes-en-moreno\/\">Sigue leyendo <span class=\"meta-nav\">&rarr;<\/span><\/a><\/p>\n","protected":false},"author":6,"featured_media":23127,"comment_status":"closed","ping_status":"closed","sticky":false,"template":"","format":"standard","meta":{"footnotes":""},"categories":[2331],"tags":[6,1130,3522],"class_list":["post-23126","post","type-post","status-publish","format-standard","has-post-thumbnail","hentry","category-genero","tag-moreno","tag-plaza-san-martin","tag-verano-2022"],"_links":{"self":[{"href":"https:\/\/morenoprimero.com.ar\/archivo\/wp-json\/wp\/v2\/posts\/23126","targetHints":{"allow":["GET"]}}],"collection":[{"href":"https:\/\/morenoprimero.com.ar\/archivo\/wp-json\/wp\/v2\/posts"}],"about":[{"href":"https:\/\/morenoprimero.com.ar\/archivo\/wp-json\/wp\/v2\/types\/post"}],"author":[{"embeddable":true,"href":"https:\/\/morenoprimero.com.ar\/archivo\/wp-json\/wp\/v2\/users\/6"}],"replies":[{"embeddable":true,"href":"https:\/\/morenoprimero.com.ar\/archivo\/wp-json\/wp\/v2\/comments?post=23126"}],"version-history":[{"count":1,"href":"https:\/\/morenoprimero.com.ar\/archivo\/wp-json\/wp\/v2\/posts\/23126\/revisions"}],"predecessor-version":[{"id":23129,"href":"https:\/\/morenoprimero.com.ar\/archivo\/wp-json\/wp\/v2\/posts\/23126\/revisions\/23129"}],"wp:featuredmedia":[{"embeddable":true,"href":"https:\/\/morenoprimero.com.ar\/archivo\/wp-json\/wp\/v2\/media\/23127"}],"wp:attachment":[{"href":"https:\/\/morenoprimero.com.ar\/archivo\/wp-json\/wp\/v2\/media?parent=23126"}],"wp:term":[{"taxonomy":"category","embeddable":true,"href":"https:\/\/morenoprimero.com.ar\/archivo\/wp-json\/wp\/v2\/categories?post=23126"},{"taxonomy":"post_tag","embeddable":true,"href":"https:\/\/morenoprimero.com.ar\/archivo\/wp-json\/wp\/v2\/tags?post=23126"}],"curies":[{"name":"wp","href":"https:\/\/api.w.org\/{rel}","templated":true}]}}