{"id":231,"date":"2020-07-16T14:32:34","date_gmt":"2020-07-16T14:32:34","guid":{"rendered":"https:\/\/morenoprimero.com.ar\/?p=231"},"modified":"2020-07-16T14:32:34","modified_gmt":"2020-07-16T14:32:34","slug":"operativos-contra-la-contaminacion","status":"publish","type":"post","link":"https:\/\/morenoprimero.com.ar\/archivo\/operativos-contra-la-contaminacion\/","title":{"rendered":"OPERATIVOS CONTRA LA CONTAMINACI\u00d3N"},"content":{"rendered":"\n<p>Los reclamos de los vecinos y vecinas por contaminaci\u00f3n en distintos lugares de Moreno es permanente. Hace unas semanas una espuma densa recorr\u00eda el Camino de la Rivera a la altura del matadero.<strong> La falta de cuidado al medio ambiente crece y los hechos se repiten en distintas zonas de Moreno.   <\/strong><br><br>     <img loading=\"lazy\" decoding=\"async\" width=\"250\" height=\"444\" class=\"wp-image-399\" style=\"width: 250px;\" src=\"https:\/\/morenoprimero.com.ar\/wp-content\/uploads\/2020\/07\/WhatsApp-Image-2020-07-16-at-10.10.07.jpeg\" alt=\"\" srcset=\"https:\/\/morenoprimero.com.ar\/archivo\/wp-content\/uploads\/2020\/07\/WhatsApp-Image-2020-07-16-at-10.10.07.jpeg 648w, https:\/\/morenoprimero.com.ar\/archivo\/wp-content\/uploads\/2020\/07\/WhatsApp-Image-2020-07-16-at-10.10.07-169x300.jpeg 169w, https:\/\/morenoprimero.com.ar\/archivo\/wp-content\/uploads\/2020\/07\/WhatsApp-Image-2020-07-16-at-10.10.07-576x1024.jpeg 576w\" sizes=\"auto, (max-width: 250px) 100vw, 250px\" \/><img loading=\"lazy\" decoding=\"async\" width=\"250\" height=\"444\" class=\"wp-image-401\" style=\"width: 250px;\" src=\"https:\/\/morenoprimero.com.ar\/wp-content\/uploads\/2020\/07\/WhatsApp-Image-2020-07-16-at-10.10.07-1.jpeg\" alt=\"\" srcset=\"https:\/\/morenoprimero.com.ar\/archivo\/wp-content\/uploads\/2020\/07\/WhatsApp-Image-2020-07-16-at-10.10.07-1.jpeg 648w, https:\/\/morenoprimero.com.ar\/archivo\/wp-content\/uploads\/2020\/07\/WhatsApp-Image-2020-07-16-at-10.10.07-1-169x300.jpeg 169w, https:\/\/morenoprimero.com.ar\/archivo\/wp-content\/uploads\/2020\/07\/WhatsApp-Image-2020-07-16-at-10.10.07-1-576x1024.jpeg 576w\" sizes=\"auto, (max-width: 250px) 100vw, 250px\" \/><br><br>El lunes 13 de julio la Direcci\u00f3n General de Pol\u00edtica de Desarrollo y Fiscalizaci\u00f3n del Medioambiente realiz\u00f3 un operativo a ra\u00edz de un movimiento de materiales y descarga de residuos que se estaba realizando sobre un predio en la Ruta 25 a metros del Arroyo Catonas.<br><br><strong>Este hecho no contaba con autorizaci\u00f3n del Municipio sumado a eso el predio tiene una clausura preventiva de este a\u00f1o.<\/strong> El personal municipal realiz\u00f3 las actas de constataci\u00f3n y contravenci\u00f3n correspondientes, procedi\u00f3 al secuestro de los camiones que se encontraban en el lugar y convalid\u00f3 la clausura del predio. <br><br>Desde la Direcci\u00f3n General de Pol\u00edtica de Desarrollo y Fiscalizaci\u00f3n del Medioambiente aseguran que: <em>\u201cla colaboraci\u00f3n de la ciudadan\u00eda en no realizar movimientos ilegales de materiales y no arrojar residuos en lugares inadecuados es esencial para evitar la contaminaci\u00f3n y as\u00ed cuidar los espacios p\u00fablicos y la salud de toda la comunidad\u201d. <\/em><br><br><\/p>\n","protected":false},"excerpt":{"rendered":"<p>Los reclamos de los vecinos y vecinas por contaminaci\u00f3n en distintos lugares de Moreno es permanente. Hace unas semanas una espuma densa recorr\u00eda el Camino de la Rivera a la altura del matadero. La falta de cuidado al medio ambiente &hellip; <a href=\"https:\/\/morenoprimero.com.ar\/archivo\/operativos-contra-la-contaminacion\/\">Sigue leyendo <span class=\"meta-nav\">&rarr;<\/span><\/a><\/p>\n","protected":false},"author":6,"featured_media":0,"comment_status":"open","ping_status":"open","sticky":false,"template":"","format":"standard","meta":{"footnotes":""},"categories":[1],"tags":[6],"class_list":["post-231","post","type-post","status-publish","format-standard","hentry","category-sin-categoria","tag-moreno"],"_links":{"self":[{"href":"https:\/\/morenoprimero.com.ar\/archivo\/wp-json\/wp\/v2\/posts\/231","targetHints":{"allow":["GET"]}}],"collection":[{"href":"https:\/\/morenoprimero.com.ar\/archivo\/wp-json\/wp\/v2\/posts"}],"about":[{"href":"https:\/\/morenoprimero.com.ar\/archivo\/wp-json\/wp\/v2\/types\/post"}],"author":[{"embeddable":true,"href":"https:\/\/morenoprimero.com.ar\/archivo\/wp-json\/wp\/v2\/users\/6"}],"replies":[{"embeddable":true,"href":"https:\/\/morenoprimero.com.ar\/archivo\/wp-json\/wp\/v2\/comments?post=231"}],"version-history":[{"count":3,"href":"https:\/\/morenoprimero.com.ar\/archivo\/wp-json\/wp\/v2\/posts\/231\/revisions"}],"predecessor-version":[{"id":402,"href":"https:\/\/morenoprimero.com.ar\/archivo\/wp-json\/wp\/v2\/posts\/231\/revisions\/402"}],"wp:attachment":[{"href":"https:\/\/morenoprimero.com.ar\/archivo\/wp-json\/wp\/v2\/media?parent=231"}],"wp:term":[{"taxonomy":"category","embeddable":true,"href":"https:\/\/morenoprimero.com.ar\/archivo\/wp-json\/wp\/v2\/categories?post=231"},{"taxonomy":"post_tag","embeddable":true,"href":"https:\/\/morenoprimero.com.ar\/archivo\/wp-json\/wp\/v2\/tags?post=231"}],"curies":[{"name":"wp","href":"https:\/\/api.w.org\/{rel}","templated":true}]}}