{"id":22922,"date":"2021-12-23T17:06:40","date_gmt":"2021-12-23T20:06:40","guid":{"rendered":"https:\/\/morenoprimero.com.ar\/?p=22922"},"modified":"2021-12-23T17:08:44","modified_gmt":"2021-12-23T20:08:44","slug":"finalizo-el-ciclo-lectivo-del-plan-fines-en-el-centro-cultural-chichilo","status":"publish","type":"post","link":"https:\/\/morenoprimero.com.ar\/archivo\/finalizo-el-ciclo-lectivo-del-plan-fines-en-el-centro-cultural-chichilo\/","title":{"rendered":"Finaliz\u00f3 el ciclo lectivo del plan FinES en el Centro Cultural \u201cChichilo\u201d"},"content":{"rendered":"\n<h5 class=\"wp-block-heading\">Vecinas y vecinos de Moreno estudiantes del FINES en el Centro Cultural \u201cChichilo\u201d recibieron sus notas finales. En esta nota, los estudiantes, Jos\u00e9 Rivero y Bel\u00e9n&nbsp;Albarrac\u00edn&nbsp;junto a la referente Susana Gonz\u00e1lez nos cuentan c\u00f3mo atravesaron este ciclo lectivo y por qu\u00e9 decidieron emprender este camino pendiente.&nbsp;&nbsp;<\/h5>\n\n\n\n<p>Este lunes estudiantes del <strong>plan&nbsp;FinES<\/strong>&nbsp;que se dicta en el <strong>Centro Cultural \u201cChichilo\u201d<\/strong> recibieron sus notas finales del a\u00f1o cursado. Las vecinas y vecinos de barrios aleda\u00f1os optaron por finalizar sus estudios en el centro cultural con el fin de poder m\u00e1s adelante \u201c<strong>estudiar un oficio<\/strong>\u201d.<\/p>\n\n\n\n<p><strong>Jos\u00e9 Rivero<\/strong>, mejor conocido como \u201c<strong>Mingo<\/strong>\u201d tiene 45 a\u00f1os y vivi\u00f3 toda su vida en <strong>Moreno Norte<\/strong>, desde muy chico tuvo que trabajar y cuidar a su madre que ten\u00eda discapacidad mental. \u201c<strong>Hace tres a\u00f1os que mi mam\u00e1 muri\u00f3 y finalizar mis estudios es un proyecto pendiente<\/strong>\u201d explic\u00f3 Jos\u00e9,&nbsp;quien,&nbsp;adem\u00e1s, tiene deseos de formarse como electricista y poder ir a vivir a otra provincia.&nbsp;&nbsp;<\/p>\n\n\n\n<div class=\"wp-block-image\"><figure class=\"aligncenter size-full\"><a href=\"https:\/\/morenoprimero.com.ar\/wp-content\/uploads\/2021\/12\/WhatsApp-Image-2021-12-23-at-11.48.48-1.jpeg\"><img loading=\"lazy\" decoding=\"async\" width=\"720\" height=\"658\" src=\"https:\/\/morenoprimero.com.ar\/wp-content\/uploads\/2021\/12\/WhatsApp-Image-2021-12-23-at-11.48.48-1.jpeg\" alt=\"\" class=\"wp-image-22927\" srcset=\"https:\/\/morenoprimero.com.ar\/archivo\/wp-content\/uploads\/2021\/12\/WhatsApp-Image-2021-12-23-at-11.48.48-1.jpeg 720w, https:\/\/morenoprimero.com.ar\/archivo\/wp-content\/uploads\/2021\/12\/WhatsApp-Image-2021-12-23-at-11.48.48-1-300x274.jpeg 300w\" sizes=\"auto, (max-width: 720px) 100vw, 720px\" \/><\/a><\/figure><\/div>\n\n\n\n<blockquote class=\"wp-block-quote is-layout-flow wp-block-quote-is-layout-flow\"><p>\u201cLas y los profesores nos brindan todo su apoyo, cuando alguno\/a quiere abandonar la cursada ellos nos entusiasman para que no dejemos y podamos finalizar los estudios\u201d celebr\u00f3 Mingo.&nbsp;<\/p><\/blockquote>\n\n\n\n<p>Por otro lado, <strong>Mar\u00eda Bel\u00e9n Albarrac\u00edn<\/strong> de <strong>28 a\u00f1os<\/strong> del <strong>barrio \u201cLa Victoria\u201d<\/strong> expres\u00f3 que en la cursada del&nbsp;<strong>FinES&nbsp;<\/strong>del <strong>centro cultural \u201cChichilo\u201d<\/strong> hay \u201c<strong>mucho compa\u00f1erismo y buena gente<\/strong>\u201d. Bel\u00e9n eligi\u00f3 finalizar sus estudios porque \u201c<strong>el plan me da la oportunidad de asistir pocas veces por semana y eso me viene bien porque tengo hijos y me sirve para seguir cuid\u00e1ndolos, adem\u00e1s quiero un oficio<\/strong>\u201d explic\u00f3.&nbsp;<\/p>\n\n\n\n<div class=\"wp-block-image\"><figure class=\"aligncenter size-full\"><a href=\"https:\/\/morenoprimero.com.ar\/wp-content\/uploads\/2021\/12\/WhatsApp-Image-2021-12-23-at-11.48.56.jpeg\"><img loading=\"lazy\" decoding=\"async\" width=\"720\" height=\"657\" src=\"https:\/\/morenoprimero.com.ar\/wp-content\/uploads\/2021\/12\/WhatsApp-Image-2021-12-23-at-11.48.56.jpeg\" alt=\"\" class=\"wp-image-22931\" srcset=\"https:\/\/morenoprimero.com.ar\/archivo\/wp-content\/uploads\/2021\/12\/WhatsApp-Image-2021-12-23-at-11.48.56.jpeg 720w, https:\/\/morenoprimero.com.ar\/archivo\/wp-content\/uploads\/2021\/12\/WhatsApp-Image-2021-12-23-at-11.48.56-300x274.jpeg 300w\" sizes=\"auto, (max-width: 720px) 100vw, 720px\" \/><\/a><\/figure><\/div>\n\n\n\n<p>Por \u00faltimo, la referente del <strong>plan&nbsp;FinES<\/strong>&nbsp;que se brinda en<strong> Moreno Norte, Susana Gonz\u00e1lez, m\u00e1s conocida como \u201cNany\u201d mencion\u00f3 que: \u201cNo hay experiencia m\u00e1s linda que trabajar con adultos<\/strong>\u201d y agreg\u00f3 que: \u201c<strong>Ellos siempre agradecen el espacio y la educaci\u00f3n<\/strong>\u201d y sostuvo que: \u201c<strong>El v\u00ednculo que se form\u00f3 en el curso es muy bueno\u201d.&nbsp;&nbsp;<\/strong><\/p>\n\n\n\n<blockquote class=\"wp-block-quote is-layout-flow wp-block-quote-is-layout-flow\"><p>\u201cEs una oportunidad para transmitir conocimientos a los vecinos y me llena mucho, porque tengo en cuenta que nunca es tarde\u201d&nbsp;<\/p><\/blockquote>\n","protected":false},"excerpt":{"rendered":"<p>Vecinas y vecinos de Moreno estudiantes del FINES en el Centro Cultural \u201cChichilo\u201d recibieron sus notas finales. En esta nota, los estudiantes, Jos\u00e9 Rivero y Bel\u00e9n&nbsp;Albarrac\u00edn&nbsp;junto a la referente Susana Gonz\u00e1lez nos cuentan c\u00f3mo atravesaron este ciclo lectivo y por &hellip; <a href=\"https:\/\/morenoprimero.com.ar\/archivo\/finalizo-el-ciclo-lectivo-del-plan-fines-en-el-centro-cultural-chichilo\/\">Sigue leyendo <span class=\"meta-nav\">&rarr;<\/span><\/a><\/p>\n","protected":false},"author":6,"featured_media":22930,"comment_status":"closed","ping_status":"closed","sticky":false,"template":"","format":"standard","meta":{"footnotes":""},"categories":[578,3,2328],"tags":[1589,276,6,102,2029],"class_list":["post-22922","post","type-post","status-publish","format-standard","has-post-thumbnail","hentry","category-educacion","category-importantes","category-local","tag-educacion-2","tag-mariel-fernandez","tag-moreno","tag-municipio-de-moreno","tag-plan-fines"],"_links":{"self":[{"href":"https:\/\/morenoprimero.com.ar\/archivo\/wp-json\/wp\/v2\/posts\/22922","targetHints":{"allow":["GET"]}}],"collection":[{"href":"https:\/\/morenoprimero.com.ar\/archivo\/wp-json\/wp\/v2\/posts"}],"about":[{"href":"https:\/\/morenoprimero.com.ar\/archivo\/wp-json\/wp\/v2\/types\/post"}],"author":[{"embeddable":true,"href":"https:\/\/morenoprimero.com.ar\/archivo\/wp-json\/wp\/v2\/users\/6"}],"replies":[{"embeddable":true,"href":"https:\/\/morenoprimero.com.ar\/archivo\/wp-json\/wp\/v2\/comments?post=22922"}],"version-history":[{"count":4,"href":"https:\/\/morenoprimero.com.ar\/archivo\/wp-json\/wp\/v2\/posts\/22922\/revisions"}],"predecessor-version":[{"id":22945,"href":"https:\/\/morenoprimero.com.ar\/archivo\/wp-json\/wp\/v2\/posts\/22922\/revisions\/22945"}],"wp:featuredmedia":[{"embeddable":true,"href":"https:\/\/morenoprimero.com.ar\/archivo\/wp-json\/wp\/v2\/media\/22930"}],"wp:attachment":[{"href":"https:\/\/morenoprimero.com.ar\/archivo\/wp-json\/wp\/v2\/media?parent=22922"}],"wp:term":[{"taxonomy":"category","embeddable":true,"href":"https:\/\/morenoprimero.com.ar\/archivo\/wp-json\/wp\/v2\/categories?post=22922"},{"taxonomy":"post_tag","embeddable":true,"href":"https:\/\/morenoprimero.com.ar\/archivo\/wp-json\/wp\/v2\/tags?post=22922"}],"curies":[{"name":"wp","href":"https:\/\/api.w.org\/{rel}","templated":true}]}}