{"id":22819,"date":"2021-12-22T20:27:11","date_gmt":"2021-12-22T23:27:11","guid":{"rendered":"https:\/\/morenoprimero.com.ar\/?p=22819"},"modified":"2021-12-22T21:02:37","modified_gmt":"2021-12-23T00:02:37","slug":"moreno-el-camino-hacia-una-nueva-cultura-en-las-fiestas-de-fin-de-ano","status":"publish","type":"post","link":"https:\/\/morenoprimero.com.ar\/archivo\/moreno-el-camino-hacia-una-nueva-cultura-en-las-fiestas-de-fin-de-ano\/","title":{"rendered":"Moreno: el camino hacia una nueva cultura en las fiestas de fin de a\u00f1o"},"content":{"rendered":"\n<p>Las medidas que proh\u00edben la pirotecnia sonora y conducir con alcohol en sangre son acompa\u00f1adas por jornadas de concientizaci\u00f3n que llevan a cabo Padres TEA Moreno, junto a la Secretar\u00eda de Participaci\u00f3n Comunitaria y el Departamento de Educaci\u00f3n Vial y Movilidad Urbana, a cargo de Romina Herrera.<\/p>\n\n\n\n<p>A fines de diciembre del a\u00f1o 2019, a tan solo d\u00edas de asumir la nueva gesti\u00f3n encabezada por la intendenta Mariel Fern\u00e1ndez, se votaba una de las primeras ordenanzas municipales: \u201cPirotecnia Cero\u201d.<\/p>\n\n\n\n<p>La misma prohib\u00eda en el \u00e1mbito del Municipio de Moreno, \u201cla comercializaci\u00f3n, exhibici\u00f3n, tenencia, manipulaci\u00f3n, uso particular, fabricaci\u00f3n, dep\u00f3sito, transporte, distribuci\u00f3n y venta al p\u00fablico mayorista o minorista y venta ambulante en la v\u00eda p\u00fablica, de artificios pirot\u00e9cnicos cuyos efectos audibles o sonoros sean superiores a 84 decibeles, cualquiera fuera su naturaleza y caracter\u00edstica, como as\u00ed tambi\u00e9n los denominados globos aerost\u00e1ticos de pirotecnia\u201d.<\/p>\n\n\n\n<p>Muchos vecinos y vecinas de Moreno estuvieron de acuerdo con la medida y hay quienes la difunden y realizan campa\u00f1as al respecto. Las familias de personas con Trastorno del Espectro Autista (TEA) y Trastornos Generalizado del Desarrollo (TGD) realizaron una fuerte campa\u00f1a de concientizaci\u00f3n.<\/p>\n\n\n\n<p>En el a\u00f1o 2020, algo comenzaba a cambiar. Desde el Municipio de Moreno aseguraron que<strong> \u201cel esp\u00edritu de la ordenanza aprobada en los inicios de la gesti\u00f3n est\u00e1 cambiando la cultura comercial de la \u00e9poca: solo un comercio de todos los visitados ten\u00eda pirotecnia\u201d<\/strong>.\u00a0<\/p>\n\n\n\n<p>Desde Padres TEA Moreno contin\u00faan con la campa\u00f1a de concientizaci\u00f3n cuyo lema este a\u00f1o es #Eleg\u00edLuces. Desde principios de diciembre, y durante todo el mes, realizan la difusi\u00f3n de lunes a viernes, de 9 a 14 horas, junto a la Secretar\u00eda de Participaci\u00f3n Comunitaria del Municipio de Moreno.<\/p>\n\n\n\n<figure class=\"wp-block-image\"><img decoding=\"async\" src=\"https:\/\/scontent.fepa2-1.fna.fbcdn.net\/v\/t39.30808-6\/261993067_3183305848566347_4833405979969662322_n.jpg?_nc_cat=102&amp;ccb=1-5&amp;_nc_sid=8bfeb9&amp;_nc_eui2=AeGaZGLfZnDItF_OC3ZVV9hp0JODFMerfbHQk4MUx6t9sY9bURWlmf9_lswtGD8UvBBkOsKG-9lzMtTqVTD2sLWW&amp;_nc_ohc=ZR6xd23m2-wAX9eRkNX&amp;_nc_ht=scontent.fepa2-1.fna&amp;oh=00_AT_9Chngr40kEc560WZC_UkBDcrZCvVY6kpA93F6RnazxA&amp;oe=61C7777C\" alt=\"Puede ser una imagen de 7 personas, personas de pie y al aire libre\"\/><\/figure>\n\n\n\n<p>Adem\u00e1s, fue en diciembre de 2020 que el Municipio de Moreno sancion\u00f3 una hist\u00f3rica ordenanza: \u201cAlcohol Cero al Volante\u201d.<\/p>\n\n\n\n<p><strong>Moreno<\/strong>\u00a0es el primer municipio de la provincia de Buenos Aires donde rige una ordenanza de\u00a0<strong>alcohol cero al conducir<\/strong>, que si bien fue aprobada a fines del a\u00f1o pasado, entr\u00f3 en vigencia en abril del corriente a\u00f1o.<\/p>\n\n\n\n<p>La ordenanza proh\u00edbe el consumo de alcohol para quienes conduzcan en el distrito, y adem\u00e1s, contempla una campa\u00f1a de concientizaci\u00f3n sobre la prohibici\u00f3n de conducir si se ha consumido alguna bebida alcoh\u00f3lica en cualquier grado.<\/p>\n\n\n\n<p>La campa\u00f1a de concientizaci\u00f3n es llevada adelante por las Promotoras de Educaci\u00f3n Vial, a trav\u00e9s de una tarea de difusi\u00f3n y prevenci\u00f3n que realizan en cada localidad del Municipio. Al respecto, Romina Herrera, a cargo del Departamento de Educaci\u00f3n Vial y Movilidad Urbana de Moreno expresa a Moreno primero:<\/p>\n\n\n\n<p><strong>\u00a0\u201cHay que tener en cuenta que estamos en el mes de diciembre donde el tr\u00e1nsito y la circulaci\u00f3n aumenta porque estamos en el mes de celebraciones navide\u00f1as y cierres de a\u00f1o, e incluso es m\u00e1s probable el consumo de alcohol al volante. Por tanto, concientizamos en que tiene que haber un conductor designado que no beba ninguna bebida que pueda tener alcohol, no solo por su seguridad y por su propia vida, sino tambi\u00e9n porque convivimos con el tr\u00e1nsito y tenemos que estar pensando siempre en el otro y en la otra\u201d<\/strong>.<\/p>\n\n\n\n<figure class=\"wp-block-image\"><img decoding=\"async\" src=\"https:\/\/morenoprimero.com.ar\/wp-content\/uploads\/2021\/12\/Alcohol-0-al-volante-819x1024.jpg\" alt=\"\"\/><\/figure>\n\n\n\n<p>La medida, trabajada en conjunto con la comunidad, incluyendo espacios que trabajan la tem\u00e1tica, como por ejemplo los familiares de v\u00edctimas, es acompa\u00f1ada por controles de tr\u00e1nsito.<\/p>\n\n\n\n<p>En este sentido, es importante aclarar que los inspectores de seguridad tienen la tarea de detener la infracci\u00f3n que se est\u00e1 cometiendo. Por tanto, en primer lugar, deben pedir que el conductor seleccione a otra persona que no tenga alcohol en sangre para poder manejar, y en el caso que no se pudiera, se secuestra el veh\u00edculo.<\/p>\n\n\n\n<p>Como en todo procedimiento, se labra un acta de lo sucedido y se deriva al organismo responsable de evaluar la infracci\u00f3n, que en primera instancia es el Juzgado de Faltas y, en segunda instancia, en t\u00e9rminos penales, es el Juzgado Correccional. La Subsecretar\u00eda de Tr\u00e1nsito y Transporte no realiza multas, sino que detiene la infracci\u00f3n para bregar por la seguridad vial.<\/p>\n\n\n\n<figure class=\"wp-block-image\"><img decoding=\"async\" src=\"https:\/\/morenoprimero.com.ar\/wp-content\/uploads\/2021\/10\/alcoholceroenelmundo.jpg_1920-800x445.jpg\" alt=\"\"\/><\/figure>\n","protected":false},"excerpt":{"rendered":"<p>Las medidas que proh\u00edben la pirotecnia sonora y conducir con alcohol en sangre son acompa\u00f1adas por jornadas de concientizaci\u00f3n que llevan a cabo Padres TEA Moreno, junto a la Secretar\u00eda de Participaci\u00f3n Comunitaria y el Departamento de Educaci\u00f3n Vial y &hellip; <a href=\"https:\/\/morenoprimero.com.ar\/archivo\/moreno-el-camino-hacia-una-nueva-cultura-en-las-fiestas-de-fin-de-ano\/\">Sigue leyendo <span class=\"meta-nav\">&rarr;<\/span><\/a><\/p>\n","protected":false},"author":6,"featured_media":22830,"comment_status":"closed","ping_status":"closed","sticky":false,"template":"","format":"standard","meta":{"footnotes":""},"categories":[2,21,2328],"tags":[1283,6,1343,3136],"class_list":["post-22819","post","type-post","status-publish","format-standard","has-post-thumbnail","hentry","category-destacadas","category-interes-general","category-local","tag-alcohol-cero","tag-moreno","tag-pirotecnia-cero","tag-tgd-padres-tea"],"_links":{"self":[{"href":"https:\/\/morenoprimero.com.ar\/archivo\/wp-json\/wp\/v2\/posts\/22819","targetHints":{"allow":["GET"]}}],"collection":[{"href":"https:\/\/morenoprimero.com.ar\/archivo\/wp-json\/wp\/v2\/posts"}],"about":[{"href":"https:\/\/morenoprimero.com.ar\/archivo\/wp-json\/wp\/v2\/types\/post"}],"author":[{"embeddable":true,"href":"https:\/\/morenoprimero.com.ar\/archivo\/wp-json\/wp\/v2\/users\/6"}],"replies":[{"embeddable":true,"href":"https:\/\/morenoprimero.com.ar\/archivo\/wp-json\/wp\/v2\/comments?post=22819"}],"version-history":[{"count":4,"href":"https:\/\/morenoprimero.com.ar\/archivo\/wp-json\/wp\/v2\/posts\/22819\/revisions"}],"predecessor-version":[{"id":22891,"href":"https:\/\/morenoprimero.com.ar\/archivo\/wp-json\/wp\/v2\/posts\/22819\/revisions\/22891"}],"wp:featuredmedia":[{"embeddable":true,"href":"https:\/\/morenoprimero.com.ar\/archivo\/wp-json\/wp\/v2\/media\/22830"}],"wp:attachment":[{"href":"https:\/\/morenoprimero.com.ar\/archivo\/wp-json\/wp\/v2\/media?parent=22819"}],"wp:term":[{"taxonomy":"category","embeddable":true,"href":"https:\/\/morenoprimero.com.ar\/archivo\/wp-json\/wp\/v2\/categories?post=22819"},{"taxonomy":"post_tag","embeddable":true,"href":"https:\/\/morenoprimero.com.ar\/archivo\/wp-json\/wp\/v2\/tags?post=22819"}],"curies":[{"name":"wp","href":"https:\/\/api.w.org\/{rel}","templated":true}]}}