{"id":22690,"date":"2021-12-16T16:00:44","date_gmt":"2021-12-16T19:00:44","guid":{"rendered":"https:\/\/morenoprimero.com.ar\/?p=22690"},"modified":"2021-12-16T16:00:45","modified_gmt":"2021-12-16T19:00:45","slug":"el-presidente-anuncio-un-bono-de-fin-de-ano-de-8-000-para-los-jubilados-que-cobren-la-minima","status":"publish","type":"post","link":"https:\/\/morenoprimero.com.ar\/archivo\/el-presidente-anuncio-un-bono-de-fin-de-ano-de-8-000-para-los-jubilados-que-cobren-la-minima\/","title":{"rendered":"El Presidente anunci\u00f3 un bono de fin de a\u00f1o de $8.000 para los jubilados que cobren la m\u00ednima"},"content":{"rendered":"\n<h5 class=\"wp-block-heading\">El bono que se pagar\u00e1 entre el 20 y el 23 de este mes alcanza a todas las personas que perciban la jubilaci\u00f3n m\u00ednima, adem\u00e1s Alberto Fern\u00e1ndez ratific\u00f3 el compromiso de \u00abir recuperando poco a poco la capacidad real de compra\u00bb.<\/h5>\n\n\n\n<p>El presidente Alberto Fern\u00e1ndez anunci\u00f3 este jueves un bono de fin de a\u00f1o de 8 mil pesos que se pagar\u00e1 entre el 20 y el 23 de este mes a todas las personas que perciban la jubilaci\u00f3n m\u00ednima, y ratific\u00f3 el compromiso del Gobierno nacional de \u00abir recuperando poco a poco la capacidad real de compra\u00bb del sector pasivo.<\/p>\n\n\n\n<p><strong>\u00abA todos los que cobren la jubilaci\u00f3n m\u00ednima van a recibir entre el 20 y el 23 de este mes un bono de 8 mil pesos para que pasen una buena Navidad y un buen fin de a\u00f1o\u00bb<\/strong>, anunci\u00f3 el mandatario al encabezar este mediod\u00eda en el Museo del Bicentenario de Casa Rosada el acto de entrega de la jubilaci\u00f3n 50.000 por el Reconocimiento de Aportes de Tareas de Cuidado y la Jubilaci\u00f3n Anticipada n\u00famero 2.000.<\/p>\n\n\n\n<figure class=\"wp-block-image size-full\"><a href=\"https:\/\/morenoprimero.com.ar\/wp-content\/uploads\/2021\/12\/rsz_1jamzjbydszfvhhjhkjum5der3m.jpg\"><img loading=\"lazy\" decoding=\"async\" width=\"839\" height=\"559\" src=\"https:\/\/morenoprimero.com.ar\/wp-content\/uploads\/2021\/12\/rsz_1jamzjbydszfvhhjhkjum5der3m.jpg\" alt=\"\" class=\"wp-image-22693\" srcset=\"https:\/\/morenoprimero.com.ar\/archivo\/wp-content\/uploads\/2021\/12\/rsz_1jamzjbydszfvhhjhkjum5der3m.jpg 839w, https:\/\/morenoprimero.com.ar\/archivo\/wp-content\/uploads\/2021\/12\/rsz_1jamzjbydszfvhhjhkjum5der3m-300x200.jpg 300w, https:\/\/morenoprimero.com.ar\/archivo\/wp-content\/uploads\/2021\/12\/rsz_1jamzjbydszfvhhjhkjum5der3m-768x512.jpg 768w\" sizes=\"auto, (max-width: 839px) 100vw, 839px\" \/><\/a><\/figure>\n\n\n\n<p>Acompa\u00f1ado por la directora ejecutiva de la Administraci\u00f3n Nacional de la Seguridad Social (Anses), Fernanda Raverta, el Presidente sostuvo que \u00abtenemos que lograr que las jubilaciones aumenten m\u00e1s que la inflaci\u00f3n y poco a poco recuperen la capacidad real de compras\u00bb.<\/p>\n\n\n\n<p><strong>\u00abLa f\u00f3rmula que impulsamos nos permite ganarle a la inflaci\u00f3n y permite que poco a poco recuperen su ingreso real. Pero no estoy conforme con eso, soy consciente de que sigue siendo poca plata. Tengan la plena seguridad de que seguiremos trabajando para que el ingreso de los jubilados se siga recuperando, sea digno y les permita vivir con tranquilidad\u00bb<\/strong>, sostuvo el jefe de Estado.<\/p>\n\n\n\n<p>\u00abMientras tanto, vamos a ir remediando como podemos\u00bb, dijo Fern\u00e1ndez, antes de anunciar el bono de fin de a\u00f1o, tras lo cual agreg\u00f3: \u00abTenemos el tema de la deuda tambi\u00e9n. Mart\u00edn (Guzm\u00e1n, el ministro de Econom\u00eda, tambi\u00e9n presente en el acto) est\u00e1 lidiando todos los d\u00edas con los acreedores y el Fondo (Monetario Internacional), y a veces se hace dif\u00edcil tomar todas las decisiones que uno quisiera tomar\u00bb.<\/p>\n\n\n\n<p><strong>\u00abEstamos dando m\u00e1s derechos para vivir en una sociedad mejor. No podemos dejarlos desamparados a su suerte\u00bb<\/strong>, afirm\u00f3 al encabezar este mediod\u00eda el acto en el Museo del Bicentenario, del que participaron jubilados, y que se inici\u00f3 con la actuaci\u00f3n de la bandas de folklore fusi\u00f3n Yacar\u00e9 Manso y Los \u00d1andubai.<\/p>\n\n\n\n<p><strong>Reconocimiento de Aportes por Tareas de Cuidado<\/strong><\/p>\n\n\n\n<p>Seg\u00fan se inform\u00f3 en un comunicado, el reconocimiento de Aportes por Tareas de Cuidado, que se puso en funcionamiento el 19 de julio de este a\u00f1o a trav\u00e9s del Decreto 475\/2021, \u00abpermiti\u00f3 que miles de mujeres en edad de jubilarse, que son madres y no contaban con los 30 a\u00f1os de aportes necesarios para acceder a una jubilaci\u00f3n pudieran sumar a\u00f1os de aportes por cada hijo o hija\u00bb.<\/p>\n\n\n\n<p>En tanto, la jubilaci\u00f3n anticipada se oficializ\u00f3 en octubre pasado a trav\u00e9s del Decreto 674\/2021 con el objetivo de que hombres de entre 60 y 64 a\u00f1os y mujeres de entre 55 y 59 a\u00f1os, desocupados al 30 de junio de 2021, con 30 a\u00f1os de aportes registrados, puedan jubilarse en la actualidad.<\/p>\n\n\n\n<p><strong>\u00abDe esa manera se les garantiza la cobertura social y el 80 por ciento del haber, hasta que cumplan la edad jubilatoria requerida donde recibir\u00e1n el 100 por ciento autom\u00e1ticamente\u00bb<\/strong>, se destac\u00f3 en el comunicado.<\/p>\n","protected":false},"excerpt":{"rendered":"<p>El bono que se pagar\u00e1 entre el 20 y el 23 de este mes alcanza a todas las personas que perciban la jubilaci\u00f3n m\u00ednima, adem\u00e1s Alberto Fern\u00e1ndez ratific\u00f3 el compromiso de \u00abir recuperando poco a poco la capacidad real de &hellip; <a href=\"https:\/\/morenoprimero.com.ar\/archivo\/el-presidente-anuncio-un-bono-de-fin-de-ano-de-8-000-para-los-jubilados-que-cobren-la-minima\/\">Sigue leyendo <span class=\"meta-nav\">&rarr;<\/span><\/a><\/p>\n","protected":false},"author":6,"featured_media":22691,"comment_status":"closed","ping_status":"closed","sticky":false,"template":"","format":"standard","meta":{"footnotes":""},"categories":[3,2330],"tags":[3478,3477,2529,276,6],"class_list":["post-22690","post","type-post","status-publish","format-standard","has-post-thumbnail","hentry","category-importantes","category-nacional","tag-bono-fin-de-ano","tag-jubilacion-2","tag-mariel-fernandez-2","tag-mariel-fernandez","tag-moreno"],"_links":{"self":[{"href":"https:\/\/morenoprimero.com.ar\/archivo\/wp-json\/wp\/v2\/posts\/22690","targetHints":{"allow":["GET"]}}],"collection":[{"href":"https:\/\/morenoprimero.com.ar\/archivo\/wp-json\/wp\/v2\/posts"}],"about":[{"href":"https:\/\/morenoprimero.com.ar\/archivo\/wp-json\/wp\/v2\/types\/post"}],"author":[{"embeddable":true,"href":"https:\/\/morenoprimero.com.ar\/archivo\/wp-json\/wp\/v2\/users\/6"}],"replies":[{"embeddable":true,"href":"https:\/\/morenoprimero.com.ar\/archivo\/wp-json\/wp\/v2\/comments?post=22690"}],"version-history":[{"count":1,"href":"https:\/\/morenoprimero.com.ar\/archivo\/wp-json\/wp\/v2\/posts\/22690\/revisions"}],"predecessor-version":[{"id":22694,"href":"https:\/\/morenoprimero.com.ar\/archivo\/wp-json\/wp\/v2\/posts\/22690\/revisions\/22694"}],"wp:featuredmedia":[{"embeddable":true,"href":"https:\/\/morenoprimero.com.ar\/archivo\/wp-json\/wp\/v2\/media\/22691"}],"wp:attachment":[{"href":"https:\/\/morenoprimero.com.ar\/archivo\/wp-json\/wp\/v2\/media?parent=22690"}],"wp:term":[{"taxonomy":"category","embeddable":true,"href":"https:\/\/morenoprimero.com.ar\/archivo\/wp-json\/wp\/v2\/categories?post=22690"},{"taxonomy":"post_tag","embeddable":true,"href":"https:\/\/morenoprimero.com.ar\/archivo\/wp-json\/wp\/v2\/tags?post=22690"}],"curies":[{"name":"wp","href":"https:\/\/api.w.org\/{rel}","templated":true}]}}