{"id":22675,"date":"2021-12-16T11:21:19","date_gmt":"2021-12-16T14:21:19","guid":{"rendered":"https:\/\/morenoprimero.com.ar\/?p=22675"},"modified":"2021-12-16T11:21:20","modified_gmt":"2021-12-16T14:21:20","slug":"la-oficina-de-empleo-de-moreno-continua-publicando-oportunidades-de-trabajo","status":"publish","type":"post","link":"https:\/\/morenoprimero.com.ar\/archivo\/la-oficina-de-empleo-de-moreno-continua-publicando-oportunidades-de-trabajo\/","title":{"rendered":"La Oficina de Empleo de Moreno contin\u00faa publicando oportunidades de trabajo"},"content":{"rendered":"\n<h5 class=\"wp-block-heading\">El trabajo realizado durante los primeros dos a\u00f1os de gesti\u00f3n est\u00e1 dando frutos. La industria y el comercio crece en Moreno y cada vez son m\u00e1s las ofertas laborales.<\/h5>\n\n\n\n<p>El Municipio de Moreno realiza, desde comienzos de la gesti\u00f3n de Mariel Fern\u00e1ndez,\u00a0un gran esfuerzo para poder generar empleo en el distrito. As\u00ed lo explica Mariano S\u00e1nches, director de la Agencia Territorial de Moreno, quien asegur\u00f3 que se encuentran \u201cen b\u00fasqueda de dejar de ser una ciudad dormitorio y pasar a ser un lugar donde la gente pueda desarrollar sus actividades, trabajar, y as\u00ed, poder insertar la mayor cantidad de j\u00f3venes.\u201d Para lograrlo, el Municipio requiere de un trabajo integral que permita la llegada del empleo.<\/p>\n\n\n\n<p>Ejemplo de ello es la obra de la Ruta 24, que permiti\u00f3 la llegada de muchas empresas que se radicaron en Moreno. Adem\u00e1s, el crecimiento de las industrias en Moreno provoc\u00f3 que la oferta de galpones en parques industriales ocupe su disponibilidad al cien por ciento.<\/p>\n\n\n\n<p>Son muchas las obras de empresas y de gente que construye espacios para alquilar actualmente por la alta demanda. Moreno es el lugar elegido por muchas empresas, principalmente por sus caracter\u00edsticas log\u00edsticas.<\/p>\n\n\n\n<p>Por todo esto es que Federico Fongi, \u00a0coordinador General de Comercio e Industria del Municipio de Moreno, confirm\u00f3 a Moreno Primero que \u00a0\u201clas b\u00fasquedas en las oficinas de empleo se empiezan a multiplicar\u201d y continu\u00f3: \u201c<strong>Es inminente que el empleo va a crecer\u201d<\/strong>.<\/p>\n\n\n\n<p>Todo ello es por una raz\u00f3n clave: \u201cLa realidad es que la industria en Moreno est\u00e1 teniendo un crecimiento enorme y estamos muy contentos porque eso significa mayor capacidad de empleo en el corto y mediano plazo\u201d, agreg\u00f3 Fongi.<\/p>\n\n\n\n<figure class=\"wp-block-gallery columns-3 is-cropped wp-block-gallery-1 is-layout-flex wp-block-gallery-is-layout-flex\"><ul class=\"blocks-gallery-grid\"><li class=\"blocks-gallery-item\"><figure><a href=\"https:\/\/morenoprimero.com.ar\/wp-content\/uploads\/2021\/12\/Oficina-de-Empleo-2.jpg\"><img loading=\"lazy\" decoding=\"async\" width=\"800\" height=\"445\" src=\"https:\/\/morenoprimero.com.ar\/wp-content\/uploads\/2021\/12\/Oficina-de-Empleo-2.jpg\" alt=\"\" data-id=\"22677\" data-full-url=\"https:\/\/morenoprimero.com.ar\/wp-content\/uploads\/2021\/12\/Oficina-de-Empleo-2.jpg\" data-link=\"https:\/\/morenoprimero.com.ar\/?attachment_id=22677\" class=\"wp-image-22677\" srcset=\"https:\/\/morenoprimero.com.ar\/archivo\/wp-content\/uploads\/2021\/12\/Oficina-de-Empleo-2.jpg 800w, https:\/\/morenoprimero.com.ar\/archivo\/wp-content\/uploads\/2021\/12\/Oficina-de-Empleo-2-300x167.jpg 300w, https:\/\/morenoprimero.com.ar\/archivo\/wp-content\/uploads\/2021\/12\/Oficina-de-Empleo-2-768x427.jpg 768w\" sizes=\"auto, (max-width: 800px) 100vw, 800px\" \/><\/a><\/figure><\/li><li class=\"blocks-gallery-item\"><figure><a href=\"https:\/\/morenoprimero.com.ar\/wp-content\/uploads\/2021\/12\/Oficina-de-Empleo.jpg\"><img loading=\"lazy\" decoding=\"async\" width=\"300\" height=\"168\" src=\"https:\/\/morenoprimero.com.ar\/wp-content\/uploads\/2021\/12\/Oficina-de-Empleo.jpg\" alt=\"\" data-id=\"22678\" data-full-url=\"https:\/\/morenoprimero.com.ar\/wp-content\/uploads\/2021\/12\/Oficina-de-Empleo.jpg\" data-link=\"https:\/\/morenoprimero.com.ar\/?attachment_id=22678\" class=\"wp-image-22678\"\/><\/a><\/figure><\/li><li class=\"blocks-gallery-item\"><figure><a href=\"https:\/\/morenoprimero.com.ar\/wp-content\/uploads\/2021\/12\/Oficina-de-Empleo3.jpg\"><img loading=\"lazy\" decoding=\"async\" width=\"768\" height=\"427\" src=\"https:\/\/morenoprimero.com.ar\/wp-content\/uploads\/2021\/12\/Oficina-de-Empleo3.jpg\" alt=\"\" data-id=\"22679\" data-full-url=\"https:\/\/morenoprimero.com.ar\/wp-content\/uploads\/2021\/12\/Oficina-de-Empleo3.jpg\" data-link=\"https:\/\/morenoprimero.com.ar\/?attachment_id=22679\" class=\"wp-image-22679\" srcset=\"https:\/\/morenoprimero.com.ar\/archivo\/wp-content\/uploads\/2021\/12\/Oficina-de-Empleo3.jpg 768w, https:\/\/morenoprimero.com.ar\/archivo\/wp-content\/uploads\/2021\/12\/Oficina-de-Empleo3-300x167.jpg 300w\" sizes=\"auto, (max-width: 768px) 100vw, 768px\" \/><\/a><\/figure><\/li><\/ul><\/figure>\n\n\n\n<p>As\u00ed, a poco de finalizar el a\u00f1o 2021, las ofertas laborales desde la Oficina de Empleo son cada vez m\u00e1s. Recientemente, se publicaron ofertas laborales para&nbsp;abogados, estudiantes avanzados en derecho, auxiliar de enfermer\u00eda, chofer, orientador\/a para empresas de Moreno, bachero, y un mec\u00e1nico para una empresa de Moreno.<\/p>\n\n\n\n<p>Quienes est\u00e9n interesados pueden enviar su Curr\u00edculum Vitae y una foto de su DNI de ambos lados.\u00a0 En el asunto, deben referenciar a qu\u00e9 puesto de trabajo se aspira, a trav\u00e9s del mail\u00a0<a href=\"mailto:cvempleomoreno@moreno.gov.ar\">cvempleomoreno@moreno.gov.ar<\/a>, o presencialmente en la calle Merlo 2091, entre Corval\u00e1n y Vicente L\u00f3pez y Planes de lunes a viernes de 8:30 a 14:30 horas.<\/p>\n\n\n\n<p><strong>De la escuela al trabajo, un programa para insertarse en el mundo laboral<\/strong>. Dentro de la ardua tarea que conlleva generar empleo en un distrito, en Moreno se lleva adelante tambi\u00e9n el Programa Empleo Joven,\u00a0 una pol\u00edtica del Ministerio de Trabajo de Naci\u00f3n que funciona en el distrito, y a trav\u00e9s del cual se persigue que j\u00f3venes de 18 a 24 a\u00f1os que todav\u00eda no han concluido sus estudios obligatorios -primario o secundario- y se encuentren desocupados, puedan contar con herramientas que los ayuden a insertarse en el mundo del trabajo. Primero, a trav\u00e9s del acceso a diferentes capacitaciones y, finalmente, poder insertarse en un empleo.<a href=\"https:\/\/morenoprimero.com.ar\/comenzo-realizando-cursos-de-la-oficina-de-empleo-del-imdel-y-ahora-trabajara-en-un-parque-industrial-de-moreno\/\">\u00a0Los Parques Industriales de Moreno ya cuentan con j\u00f3venes que trabajan a partir del desarrollo de esta pol\u00edtica.<\/a><\/p>\n","protected":false},"excerpt":{"rendered":"<p>El trabajo realizado durante los primeros dos a\u00f1os de gesti\u00f3n est\u00e1 dando frutos. La industria y el comercio crece en Moreno y cada vez son m\u00e1s las ofertas laborales. El Municipio de Moreno realiza, desde comienzos de la gesti\u00f3n de &hellip; <a href=\"https:\/\/morenoprimero.com.ar\/archivo\/la-oficina-de-empleo-de-moreno-continua-publicando-oportunidades-de-trabajo\/\">Sigue leyendo <span class=\"meta-nav\">&rarr;<\/span><\/a><\/p>\n","protected":false},"author":6,"featured_media":22676,"comment_status":"closed","ping_status":"closed","sticky":false,"template":"","format":"standard","meta":{"footnotes":""},"categories":[2,2328],"tags":[276,6],"class_list":["post-22675","post","type-post","status-publish","format-standard","has-post-thumbnail","hentry","category-destacadas","category-local","tag-mariel-fernandez","tag-moreno"],"_links":{"self":[{"href":"https:\/\/morenoprimero.com.ar\/archivo\/wp-json\/wp\/v2\/posts\/22675","targetHints":{"allow":["GET"]}}],"collection":[{"href":"https:\/\/morenoprimero.com.ar\/archivo\/wp-json\/wp\/v2\/posts"}],"about":[{"href":"https:\/\/morenoprimero.com.ar\/archivo\/wp-json\/wp\/v2\/types\/post"}],"author":[{"embeddable":true,"href":"https:\/\/morenoprimero.com.ar\/archivo\/wp-json\/wp\/v2\/users\/6"}],"replies":[{"embeddable":true,"href":"https:\/\/morenoprimero.com.ar\/archivo\/wp-json\/wp\/v2\/comments?post=22675"}],"version-history":[{"count":2,"href":"https:\/\/morenoprimero.com.ar\/archivo\/wp-json\/wp\/v2\/posts\/22675\/revisions"}],"predecessor-version":[{"id":22681,"href":"https:\/\/morenoprimero.com.ar\/archivo\/wp-json\/wp\/v2\/posts\/22675\/revisions\/22681"}],"wp:featuredmedia":[{"embeddable":true,"href":"https:\/\/morenoprimero.com.ar\/archivo\/wp-json\/wp\/v2\/media\/22676"}],"wp:attachment":[{"href":"https:\/\/morenoprimero.com.ar\/archivo\/wp-json\/wp\/v2\/media?parent=22675"}],"wp:term":[{"taxonomy":"category","embeddable":true,"href":"https:\/\/morenoprimero.com.ar\/archivo\/wp-json\/wp\/v2\/categories?post=22675"},{"taxonomy":"post_tag","embeddable":true,"href":"https:\/\/morenoprimero.com.ar\/archivo\/wp-json\/wp\/v2\/tags?post=22675"}],"curies":[{"name":"wp","href":"https:\/\/api.w.org\/{rel}","templated":true}]}}