{"id":22543,"date":"2021-12-14T10:13:57","date_gmt":"2021-12-14T13:13:57","guid":{"rendered":"https:\/\/morenoprimero.com.ar\/?p=22543"},"modified":"2021-12-14T10:13:57","modified_gmt":"2021-12-14T13:13:57","slug":"maximo-kirchner-asumira-la-presidencia-del-pj-provincial","status":"publish","type":"post","link":"https:\/\/morenoprimero.com.ar\/archivo\/maximo-kirchner-asumira-la-presidencia-del-pj-provincial\/","title":{"rendered":"M\u00e1ximo Kirchner asumir\u00e1 la presidencia del PJ provincial"},"content":{"rendered":"\n<p>Ser\u00e1 este s\u00e1bado en la&nbsp;<strong>Quinta de San Vicente<\/strong> donde alcanzar\u00e1 la conducci\u00f3n del partido de modo formal.<\/p>\n\n\n\n<p>El lunes se llev\u00f3 a cabo una reuni\u00f3n para organizar c\u00f3mo ser\u00e1 el acto de asunci\u00f3n de M\u00e1ximo Kirchner como presidente del Partido Justicialista Provincial. En ese sentido, voceros de la nueva conducci\u00f3n manifestaron que el nuevo presidente<strong>&nbsp;\u00abtrabajar\u00e1 para ampliar la participaci\u00f3n de j\u00f3venes y de nuevos afiliados y de los sectores productivos de la provincia\u00bb<\/strong>, uno de los habituales reclamos que recib\u00eda el PJ desde los sectores menos tradicionales.<\/p>\n\n\n\n<p>El PJ Bonaerense, el \u00f3rgano partidario del distrito electoral m\u00e1s importante del pa\u00eds, encarar\u00e1 una nueva etapa despu\u00e9s del a\u00f1o electoral bajo la presidencia de M\u00e1ximo Kirchner, quien fue elegido en mayo pasado al frente de una lista de unidad que congreg\u00f3 a todos los sectores del Frente de Todos (FdT).<\/p>\n\n\n\n<p>El jefe del bloque de diputados nacionales del FdT, asumir\u00e1 formalmente su nueva funci\u00f3n al frente del Consejo del PJ provincial el pr\u00f3ximo s\u00e1bado 18 de diciembre, sobre el filo de fin de a\u00f1o, a trav\u00e9s de un acto que contar\u00e1 con la participaci\u00f3n de todas las corrientes, como la sindical, la femenina y la juventud, entre otras.<\/p>\n\n\n\n<p>En el encuentro para preparar el acto de asunci\u00f3n, participaron importantes figuras peronistas bonaerenses, como Julio Pereyra, Mayra Mendoza , Fernando Espinoza, Walter Torccio, Alejandro Granados, Lalo Revora, Gustavo Arrieta, Cristina Alvarez Rodr\u00edguez, Adrian Santarelli, Juan Pablo De Jes\u00fas, Victoria Tolosa paz, Fernanda Raverta, Leonardo Nardini, Mario Ishi, Mariano Cascallares, Ver\u00f3nica Magario, Juanchi Zabaleta, Gabriel Katopodis, Hern\u00e1n Ralinqueo, Andr\u00e9s Watson, Federico Otermin, Alberto Descalzo, Juan Jos\u00e9 Mussi, Martin Insaurralde, Tano Menendez y Andr\u00e9s Larroque.<\/p>\n\n\n\n<p>Asimismo, el pr\u00f3ximo se realizar\u00e1 el Congreso partidario presidido por Fernando Espinoza, y se espera que M\u00e1ximo Kirchner se re\u00fana en los pr\u00f3ximos d\u00edas con la rama gremial del partido y de los movimientos sociales.<\/p>\n\n\n\n<p><\/p>\n","protected":false},"excerpt":{"rendered":"<p>Ser\u00e1 este s\u00e1bado en la&nbsp;Quinta de San Vicente donde alcanzar\u00e1 la conducci\u00f3n del partido de modo formal. El lunes se llev\u00f3 a cabo una reuni\u00f3n para organizar c\u00f3mo ser\u00e1 el acto de asunci\u00f3n de M\u00e1ximo Kirchner como presidente del Partido &hellip; <a href=\"https:\/\/morenoprimero.com.ar\/archivo\/maximo-kirchner-asumira-la-presidencia-del-pj-provincial\/\">Sigue leyendo <span class=\"meta-nav\">&rarr;<\/span><\/a><\/p>\n","protected":false},"author":6,"featured_media":12550,"comment_status":"closed","ping_status":"closed","sticky":false,"template":"","format":"standard","meta":{"footnotes":""},"categories":[27,2329],"tags":[276,1779,60],"class_list":["post-22543","post","type-post","status-publish","format-standard","has-post-thumbnail","hentry","category-politica","category-provincial","tag-mariel-fernandez","tag-pj","tag-provincia-de-buenos-aires"],"_links":{"self":[{"href":"https:\/\/morenoprimero.com.ar\/archivo\/wp-json\/wp\/v2\/posts\/22543","targetHints":{"allow":["GET"]}}],"collection":[{"href":"https:\/\/morenoprimero.com.ar\/archivo\/wp-json\/wp\/v2\/posts"}],"about":[{"href":"https:\/\/morenoprimero.com.ar\/archivo\/wp-json\/wp\/v2\/types\/post"}],"author":[{"embeddable":true,"href":"https:\/\/morenoprimero.com.ar\/archivo\/wp-json\/wp\/v2\/users\/6"}],"replies":[{"embeddable":true,"href":"https:\/\/morenoprimero.com.ar\/archivo\/wp-json\/wp\/v2\/comments?post=22543"}],"version-history":[{"count":3,"href":"https:\/\/morenoprimero.com.ar\/archivo\/wp-json\/wp\/v2\/posts\/22543\/revisions"}],"predecessor-version":[{"id":22547,"href":"https:\/\/morenoprimero.com.ar\/archivo\/wp-json\/wp\/v2\/posts\/22543\/revisions\/22547"}],"wp:featuredmedia":[{"embeddable":true,"href":"https:\/\/morenoprimero.com.ar\/archivo\/wp-json\/wp\/v2\/media\/12550"}],"wp:attachment":[{"href":"https:\/\/morenoprimero.com.ar\/archivo\/wp-json\/wp\/v2\/media?parent=22543"}],"wp:term":[{"taxonomy":"category","embeddable":true,"href":"https:\/\/morenoprimero.com.ar\/archivo\/wp-json\/wp\/v2\/categories?post=22543"},{"taxonomy":"post_tag","embeddable":true,"href":"https:\/\/morenoprimero.com.ar\/archivo\/wp-json\/wp\/v2\/tags?post=22543"}],"curies":[{"name":"wp","href":"https:\/\/api.w.org\/{rel}","templated":true}]}}