{"id":22502,"date":"2021-12-13T14:55:23","date_gmt":"2021-12-13T17:55:23","guid":{"rendered":"https:\/\/morenoprimero.com.ar\/?p=22502"},"modified":"2021-12-13T14:56:14","modified_gmt":"2021-12-13T17:56:14","slug":"abre-la-inscripcion-para-las-colonias-de-verano","status":"publish","type":"post","link":"https:\/\/morenoprimero.com.ar\/archivo\/abre-la-inscripcion-para-las-colonias-de-verano\/","title":{"rendered":"Abre la inscripci\u00f3n para las colonias de verano"},"content":{"rendered":"\n<p>La Municipalidad de Moreno informa a toda la comunidad que<strong> comenzaron las inscripciones a las colonias de verano para ni\u00f1as, ni\u00f1os, j\u00f3venes y adultos mayores, <\/strong>las cuales se llevar\u00e1n a cabo del 10 de enero al 11 de febrero de 2022.<\/p>\n\n\n\n<p>Las sedes para los ni\u00f1os y las ni\u00f1as ser\u00e1n en los Polideportivo Catonas y Paso del Rey, Los Robles en La Reja y el Sindicato Textil en Cuartel V. En tanto, para las personas con discapacidad ser\u00e1 el Club Defensores de Moreno y el Sindicato Argentino de Televisi\u00f3n, ubicado en la Reja para los adultos mayores.<\/p>\n\n\n\n<figure class=\"wp-block-image size-full\"><a href=\"https:\/\/morenoprimero.com.ar\/wp-content\/uploads\/2021\/12\/rsz_1whatsapp_image_2021-12-13_at_24800_pm.jpg\"><img loading=\"lazy\" decoding=\"async\" width=\"800\" height=\"600\" src=\"https:\/\/morenoprimero.com.ar\/wp-content\/uploads\/2021\/12\/rsz_1whatsapp_image_2021-12-13_at_24800_pm.jpg\" alt=\"\" class=\"wp-image-22509\" srcset=\"https:\/\/morenoprimero.com.ar\/archivo\/wp-content\/uploads\/2021\/12\/rsz_1whatsapp_image_2021-12-13_at_24800_pm.jpg 800w, https:\/\/morenoprimero.com.ar\/archivo\/wp-content\/uploads\/2021\/12\/rsz_1whatsapp_image_2021-12-13_at_24800_pm-300x225.jpg 300w, https:\/\/morenoprimero.com.ar\/archivo\/wp-content\/uploads\/2021\/12\/rsz_1whatsapp_image_2021-12-13_at_24800_pm-768x576.jpg 768w\" sizes=\"auto, (max-width: 800px) 100vw, 800px\" \/><\/a><\/figure>\n\n\n\n<p>Las actividades se realizar\u00e1n en diferentes d\u00edas de acuerdo con el siguiente cronograma:<\/p>\n\n\n\n<p>En los polideportivos Catonas y Paso del Rey, para ni\u00f1as y ni\u00f1os de 6 a 13 a\u00f1os, a partir del 15 de diciembre, de lunes a viernes de 8 a 16 horas. Deber\u00e1n concurrir con Documento Nacional de Identidad.<\/p>\n\n\n\n<p>En el polideportivo de Paso del Rey, para Adultos Mayores, a partir del 20 de diciembre, de martes a viernes de 9 a 13 horas. Deber\u00e1n llevar el certificado de vacunaci\u00f3n COVID.<\/p>\n\n\n\n<p>La inscripci\u00f3n de ni\u00f1as y ni\u00f1os de 6 a 13 a\u00f1os, es a partir del 15 de noviembre, de 8 a 16 horas, en los polideportivos Las Catonas y Paso del Rey y para los Adultos Mayores , a partir del 20 de diciembre, de martes a viernes, de 9 a 13 horas, en el polideportivo Paso del Rey.<\/p>\n","protected":false},"excerpt":{"rendered":"<p>La Municipalidad de Moreno informa a toda la comunidad que comenzaron las inscripciones a las colonias de verano para ni\u00f1as, ni\u00f1os, j\u00f3venes y adultos mayores, las cuales se llevar\u00e1n a cabo del 10 de enero al 11 de febrero de &hellip; <a href=\"https:\/\/morenoprimero.com.ar\/archivo\/abre-la-inscripcion-para-las-colonias-de-verano\/\">Sigue leyendo <span class=\"meta-nav\">&rarr;<\/span><\/a><\/p>\n","protected":false},"author":6,"featured_media":22506,"comment_status":"closed","ping_status":"closed","sticky":false,"template":"","format":"standard","meta":{"footnotes":""},"categories":[3,21,2328],"tags":[3465,6,3466],"class_list":["post-22502","post","type-post","status-publish","format-standard","has-post-thumbnail","hentry","category-importantes","category-interes-general","category-local","tag-colonia-de-vacaciones","tag-moreno","tag-polideportivo-catona"],"_links":{"self":[{"href":"https:\/\/morenoprimero.com.ar\/archivo\/wp-json\/wp\/v2\/posts\/22502","targetHints":{"allow":["GET"]}}],"collection":[{"href":"https:\/\/morenoprimero.com.ar\/archivo\/wp-json\/wp\/v2\/posts"}],"about":[{"href":"https:\/\/morenoprimero.com.ar\/archivo\/wp-json\/wp\/v2\/types\/post"}],"author":[{"embeddable":true,"href":"https:\/\/morenoprimero.com.ar\/archivo\/wp-json\/wp\/v2\/users\/6"}],"replies":[{"embeddable":true,"href":"https:\/\/morenoprimero.com.ar\/archivo\/wp-json\/wp\/v2\/comments?post=22502"}],"version-history":[{"count":2,"href":"https:\/\/morenoprimero.com.ar\/archivo\/wp-json\/wp\/v2\/posts\/22502\/revisions"}],"predecessor-version":[{"id":22510,"href":"https:\/\/morenoprimero.com.ar\/archivo\/wp-json\/wp\/v2\/posts\/22502\/revisions\/22510"}],"wp:featuredmedia":[{"embeddable":true,"href":"https:\/\/morenoprimero.com.ar\/archivo\/wp-json\/wp\/v2\/media\/22506"}],"wp:attachment":[{"href":"https:\/\/morenoprimero.com.ar\/archivo\/wp-json\/wp\/v2\/media?parent=22502"}],"wp:term":[{"taxonomy":"category","embeddable":true,"href":"https:\/\/morenoprimero.com.ar\/archivo\/wp-json\/wp\/v2\/categories?post=22502"},{"taxonomy":"post_tag","embeddable":true,"href":"https:\/\/morenoprimero.com.ar\/archivo\/wp-json\/wp\/v2\/tags?post=22502"}],"curies":[{"name":"wp","href":"https:\/\/api.w.org\/{rel}","templated":true}]}}