{"id":22484,"date":"2021-12-10T19:45:20","date_gmt":"2021-12-10T22:45:20","guid":{"rendered":"https:\/\/morenoprimero.com.ar\/?p=22484"},"modified":"2021-12-10T19:45:50","modified_gmt":"2021-12-10T22:45:50","slug":"propuestas-turisticas-y-culturales-para-este-fin-de-semana-en-moreno-3","status":"publish","type":"post","link":"https:\/\/morenoprimero.com.ar\/archivo\/propuestas-turisticas-y-culturales-para-este-fin-de-semana-en-moreno-3\/","title":{"rendered":"Propuestas tur\u00edsticas y culturales para este fin de semana en Moreno"},"content":{"rendered":"\n<h5 class=\"wp-block-heading\">Hay una variedad de actividades para realizar en Los Robles y ofertas culturales en el Patio Milonguero y otros espacios municipales adem\u00e1s de religiosos.<\/h5>\n\n\n\n<p>Para este fin de semana, el Municipio invita a las y los morenenses, como as\u00ed tambi\u00e9n a vecinas y vecinos de otros distritos, a visitar Moreno y disfrutar de las propuestas tur\u00edsticas y culturales.<\/p>\n\n\n\n<p><strong>Reserva Natural Municipal Los Robles<\/strong><\/p>\n\n\n\n<p>Uno de los mayores atractivos es la Reserva Natural Municipal \u201cLos Robles\u201d. Una excelente alternativa para compartir en familia y disfrutar las bondades de este espacio natural.<\/p>\n\n\n\n<p>El d\u00eda s\u00e1bado, a las 10 horas se podr\u00e1 disfrutar de Yoga para todas las edades, en uno de los espacios al aire libre m\u00e1s lindos de toda la Provincia.<\/p>\n\n\n\n<p>Luego, alrededor de las 12 horas se llevar\u00e1 a cabo la tradicional feria artesanal que se lleva a cabo cada s\u00e1bado y que ayuda a la econom\u00eda popular del municipio.<\/p>\n\n\n\n<p>A las 13 horas, se har\u00e1 una nueva jornada de Sabores Populares edici\u00f3n Picadas. Se llevar\u00e1 a cabo en la Caba\u00f1a \u00abLos Abuelos\u00bb y ser\u00e1 con la compa\u00f1\u00eda de la m\u00fasica de Ariadna Betel\u00fa, Tochi Robles y Fabiana Betel\u00fa.<\/p>\n\n\n\n<p>Tambi\u00e9n a las 16 horas una caminata por los Senderos del Museo Mu\u00f1iz, el sendero m\u00e1s extenso del \u00e1rea natural protegida \u201cDique Roggero\u201d.<\/p>\n\n\n\n<p>Para visitar la Reserva no hace falta inscripci\u00f3n previa, las visitas son por orden de llegada hasta completar la capacidad del lugar. El Municipio invita a disfrutar con conciencia este hermoso refugio de vida y naturaleza.<\/p>\n\n\n\n<p>Para llegar en transporte p\u00fablico, est\u00e1 el recorrido 26 de La Perlita, cartel \u201cLos Robles\u201d. Horarios desde Moreno: 7.30 horas y 12.30 horas; y el regreso desde Los Robles es a las 13 horas. y a las 18 horas. La tarifa de ingreso es de $ 50 para personas que viven en Moreno; de $ 160 para el p\u00fablico en general, y menores y jubilados no abonan. El estacionamiento tiene un valor de $ 50 para motos; de $ 100 para autos y de $ 150 para combis.<\/p>\n\n\n\n<figure class=\"wp-block-gallery columns-2 is-cropped wp-block-gallery-1 is-layout-flex wp-block-gallery-is-layout-flex\"><ul class=\"blocks-gallery-grid\"><li class=\"blocks-gallery-item\"><figure><a href=\"https:\/\/morenoprimero.com.ar\/wp-content\/uploads\/2021\/12\/DM_20211210181245_001.jpg\"><img loading=\"lazy\" decoding=\"async\" width=\"1024\" height=\"1024\" src=\"https:\/\/morenoprimero.com.ar\/wp-content\/uploads\/2021\/12\/DM_20211210181245_001-1024x1024.jpg\" alt=\"\" data-id=\"22489\" data-full-url=\"https:\/\/morenoprimero.com.ar\/wp-content\/uploads\/2021\/12\/DM_20211210181245_001.jpg\" data-link=\"https:\/\/morenoprimero.com.ar\/?attachment_id=22489\" class=\"wp-image-22489\" srcset=\"https:\/\/morenoprimero.com.ar\/archivo\/wp-content\/uploads\/2021\/12\/DM_20211210181245_001-1024x1024.jpg 1024w, https:\/\/morenoprimero.com.ar\/archivo\/wp-content\/uploads\/2021\/12\/DM_20211210181245_001-300x300.jpg 300w, https:\/\/morenoprimero.com.ar\/archivo\/wp-content\/uploads\/2021\/12\/DM_20211210181245_001-150x150.jpg 150w, https:\/\/morenoprimero.com.ar\/archivo\/wp-content\/uploads\/2021\/12\/DM_20211210181245_001-768x768.jpg 768w, https:\/\/morenoprimero.com.ar\/archivo\/wp-content\/uploads\/2021\/12\/DM_20211210181245_001.jpg 1080w\" sizes=\"auto, (max-width: 1024px) 100vw, 1024px\" \/><\/a><\/figure><\/li><li class=\"blocks-gallery-item\"><figure><a href=\"https:\/\/morenoprimero.com.ar\/wp-content\/uploads\/2021\/12\/DM_20211210181229_001.jpg\"><img loading=\"lazy\" decoding=\"async\" width=\"1024\" height=\"1024\" src=\"https:\/\/morenoprimero.com.ar\/wp-content\/uploads\/2021\/12\/DM_20211210181229_001-1024x1024.jpg\" alt=\"\" data-id=\"22490\" data-full-url=\"https:\/\/morenoprimero.com.ar\/wp-content\/uploads\/2021\/12\/DM_20211210181229_001.jpg\" data-link=\"https:\/\/morenoprimero.com.ar\/?attachment_id=22490\" class=\"wp-image-22490\" srcset=\"https:\/\/morenoprimero.com.ar\/archivo\/wp-content\/uploads\/2021\/12\/DM_20211210181229_001-1024x1024.jpg 1024w, https:\/\/morenoprimero.com.ar\/archivo\/wp-content\/uploads\/2021\/12\/DM_20211210181229_001-300x300.jpg 300w, https:\/\/morenoprimero.com.ar\/archivo\/wp-content\/uploads\/2021\/12\/DM_20211210181229_001-150x150.jpg 150w, https:\/\/morenoprimero.com.ar\/archivo\/wp-content\/uploads\/2021\/12\/DM_20211210181229_001-768x767.jpg 768w, https:\/\/morenoprimero.com.ar\/archivo\/wp-content\/uploads\/2021\/12\/DM_20211210181229_001.jpg 1080w\" sizes=\"auto, (max-width: 1024px) 100vw, 1024px\" \/><\/a><\/figure><\/li><\/ul><\/figure>\n\n\n\n<p><strong>Muestra \u00c1rbol Fuerte y Patio Milonguero<\/strong><\/p>\n\n\n\n<p>Por otra parte, se llevar\u00e1 a cabo la muestra Arbol Fuerte en Moreno. \u201c\u00c1rbol Fuerte, en la tierra el agua\u201d, es un movimiento donde se busca conectar con la naturaleza. Se llevar\u00e1 a cabo en el Museo Municipal de Bellas Artes Manuel Belgrano (Dr. Alberto Vera 249, Moreno, Prov. Bs. As.). La inauguraci\u00f3n ser\u00e1 el s\u00e1bado 11 a las 18 horas (la muestra permanecer\u00e1 abierta hasta el 21\/12, de lunes a viernes de 10 a 15hs).<\/p>\n\n\n\n<p>Por otra parte, se har\u00e1 el Patio Milonguero en La Feria de Artesanos del Museo Amancio Alcorta, este s\u00e1bado 11 de diciembre de 15hs a 22hs. Celebrando el d\u00eda Nacional del Tango en el patio de milongas a partir de las 20hs. Tambi\u00e9n podr\u00e1s disfrutar de clases de tango, patio de milonga y orquesta en vivo.&nbsp;<\/p>\n\n\n\n<figure class=\"wp-block-gallery columns-2 is-cropped wp-block-gallery-2 is-layout-flex wp-block-gallery-is-layout-flex\"><ul class=\"blocks-gallery-grid\"><li class=\"blocks-gallery-item\"><figure><a href=\"https:\/\/morenoprimero.com.ar\/wp-content\/uploads\/2021\/12\/DM_20211210181309_001.jpg\"><img loading=\"lazy\" decoding=\"async\" width=\"1024\" height=\"1024\" src=\"https:\/\/morenoprimero.com.ar\/wp-content\/uploads\/2021\/12\/DM_20211210181309_001-1024x1024.jpg\" alt=\"\" data-id=\"22488\" data-full-url=\"https:\/\/morenoprimero.com.ar\/wp-content\/uploads\/2021\/12\/DM_20211210181309_001.jpg\" data-link=\"https:\/\/morenoprimero.com.ar\/?attachment_id=22488\" class=\"wp-image-22488\" srcset=\"https:\/\/morenoprimero.com.ar\/archivo\/wp-content\/uploads\/2021\/12\/DM_20211210181309_001-1024x1024.jpg 1024w, https:\/\/morenoprimero.com.ar\/archivo\/wp-content\/uploads\/2021\/12\/DM_20211210181309_001-300x300.jpg 300w, https:\/\/morenoprimero.com.ar\/archivo\/wp-content\/uploads\/2021\/12\/DM_20211210181309_001-150x150.jpg 150w, https:\/\/morenoprimero.com.ar\/archivo\/wp-content\/uploads\/2021\/12\/DM_20211210181309_001-768x768.jpg 768w, https:\/\/morenoprimero.com.ar\/archivo\/wp-content\/uploads\/2021\/12\/DM_20211210181309_001.jpg 1080w\" sizes=\"auto, (max-width: 1024px) 100vw, 1024px\" \/><\/a><\/figure><\/li><li class=\"blocks-gallery-item\"><figure><a href=\"https:\/\/morenoprimero.com.ar\/wp-content\/uploads\/2021\/12\/DM_20211210181323_001.jpg\"><img loading=\"lazy\" decoding=\"async\" width=\"720\" height=\"720\" src=\"https:\/\/morenoprimero.com.ar\/wp-content\/uploads\/2021\/12\/DM_20211210181323_001.jpg\" alt=\"\" data-id=\"22487\" data-full-url=\"https:\/\/morenoprimero.com.ar\/wp-content\/uploads\/2021\/12\/DM_20211210181323_001.jpg\" data-link=\"https:\/\/morenoprimero.com.ar\/?attachment_id=22487\" class=\"wp-image-22487\" srcset=\"https:\/\/morenoprimero.com.ar\/archivo\/wp-content\/uploads\/2021\/12\/DM_20211210181323_001.jpg 720w, https:\/\/morenoprimero.com.ar\/archivo\/wp-content\/uploads\/2021\/12\/DM_20211210181323_001-300x300.jpg 300w, https:\/\/morenoprimero.com.ar\/archivo\/wp-content\/uploads\/2021\/12\/DM_20211210181323_001-150x150.jpg 150w\" sizes=\"auto, (max-width: 720px) 100vw, 720px\" \/><\/a><\/figure><\/li><\/ul><\/figure>\n\n\n\n<p><strong>Fiesta de la Virgen de Guadalupe<\/strong><\/p>\n\n\n\n<p>Este domingo 12 de diciembre desde las 10 de la ma\u00f1ana podr\u00e1s participar de la celebraci\u00f3n a realizarse en la Catedral Nuestra Se\u00f1ora del Rosario (Joly 2760 y Asconap\u00e9).<\/p>\n\n\n\n<p>En la misa, habr\u00e1 una Procesi\u00f3n, la misa Criolla, tambi\u00e9n habr\u00e1 shows en vivo, algunos puestos gastron\u00f3micos y puestos de artesan\u00edas.<\/p>\n\n\n\n<p><\/p>\n\n\n\n<figure class=\"wp-block-gallery columns-1 is-cropped wp-block-gallery-3 is-layout-flex wp-block-gallery-is-layout-flex\"><ul class=\"blocks-gallery-grid\"><li class=\"blocks-gallery-item\"><figure><a href=\"https:\/\/morenoprimero.com.ar\/wp-content\/uploads\/2021\/12\/DM_20211210181343_001.jpg\"><img loading=\"lazy\" decoding=\"async\" width=\"720\" height=\"720\" src=\"https:\/\/morenoprimero.com.ar\/wp-content\/uploads\/2021\/12\/DM_20211210181343_001.jpg\" alt=\"\" data-id=\"22485\" data-full-url=\"https:\/\/morenoprimero.com.ar\/wp-content\/uploads\/2021\/12\/DM_20211210181343_001.jpg\" data-link=\"https:\/\/morenoprimero.com.ar\/?attachment_id=22485\" class=\"wp-image-22485\" srcset=\"https:\/\/morenoprimero.com.ar\/archivo\/wp-content\/uploads\/2021\/12\/DM_20211210181343_001.jpg 720w, https:\/\/morenoprimero.com.ar\/archivo\/wp-content\/uploads\/2021\/12\/DM_20211210181343_001-300x300.jpg 300w, https:\/\/morenoprimero.com.ar\/archivo\/wp-content\/uploads\/2021\/12\/DM_20211210181343_001-150x150.jpg 150w\" sizes=\"auto, (max-width: 720px) 100vw, 720px\" \/><\/a><\/figure><\/li><\/ul><\/figure>\n","protected":false},"excerpt":{"rendered":"<p>Hay una variedad de actividades para realizar en Los Robles y ofertas culturales en el Patio Milonguero y otros espacios municipales adem\u00e1s de religiosos. Para este fin de semana, el Municipio invita a las y los morenenses, como as\u00ed tambi\u00e9n &hellip; <a href=\"https:\/\/morenoprimero.com.ar\/archivo\/propuestas-turisticas-y-culturales-para-este-fin-de-semana-en-moreno-3\/\">Sigue leyendo <span class=\"meta-nav\">&rarr;<\/span><\/a><\/p>\n","protected":false},"author":6,"featured_media":22492,"comment_status":"closed","ping_status":"closed","sticky":false,"template":"","format":"standard","meta":{"footnotes":""},"categories":[2,21,2328],"tags":[326,437,313,6],"class_list":["post-22484","post","type-post","status-publish","format-standard","has-post-thumbnail","hentry","category-destacadas","category-interes-general","category-local","tag-cultura-2","tag-dique-roggero","tag-los-robles","tag-moreno"],"_links":{"self":[{"href":"https:\/\/morenoprimero.com.ar\/archivo\/wp-json\/wp\/v2\/posts\/22484","targetHints":{"allow":["GET"]}}],"collection":[{"href":"https:\/\/morenoprimero.com.ar\/archivo\/wp-json\/wp\/v2\/posts"}],"about":[{"href":"https:\/\/morenoprimero.com.ar\/archivo\/wp-json\/wp\/v2\/types\/post"}],"author":[{"embeddable":true,"href":"https:\/\/morenoprimero.com.ar\/archivo\/wp-json\/wp\/v2\/users\/6"}],"replies":[{"embeddable":true,"href":"https:\/\/morenoprimero.com.ar\/archivo\/wp-json\/wp\/v2\/comments?post=22484"}],"version-history":[{"count":2,"href":"https:\/\/morenoprimero.com.ar\/archivo\/wp-json\/wp\/v2\/posts\/22484\/revisions"}],"predecessor-version":[{"id":22497,"href":"https:\/\/morenoprimero.com.ar\/archivo\/wp-json\/wp\/v2\/posts\/22484\/revisions\/22497"}],"wp:featuredmedia":[{"embeddable":true,"href":"https:\/\/morenoprimero.com.ar\/archivo\/wp-json\/wp\/v2\/media\/22492"}],"wp:attachment":[{"href":"https:\/\/morenoprimero.com.ar\/archivo\/wp-json\/wp\/v2\/media?parent=22484"}],"wp:term":[{"taxonomy":"category","embeddable":true,"href":"https:\/\/morenoprimero.com.ar\/archivo\/wp-json\/wp\/v2\/categories?post=22484"},{"taxonomy":"post_tag","embeddable":true,"href":"https:\/\/morenoprimero.com.ar\/archivo\/wp-json\/wp\/v2\/tags?post=22484"}],"curies":[{"name":"wp","href":"https:\/\/api.w.org\/{rel}","templated":true}]}}