{"id":22416,"date":"2021-12-09T18:06:33","date_gmt":"2021-12-09T21:06:33","guid":{"rendered":"https:\/\/morenoprimero.com.ar\/?p=22416"},"modified":"2021-12-09T19:12:45","modified_gmt":"2021-12-09T22:12:45","slug":"aumento-del-8-para-las-y-los-trabajadores-municipales","status":"publish","type":"post","link":"https:\/\/morenoprimero.com.ar\/archivo\/aumento-del-8-para-las-y-los-trabajadores-municipales\/","title":{"rendered":"Aumento del 8% para las y los trabajadores municipales"},"content":{"rendered":"\n<h5 class=\"wp-block-heading\">El Departamento Ejecutivo firm\u00f3 por decreto un adelanto del 8% de incremento salarial para el mes de diciembre, el cual impactar\u00e1 en el cobro del aguinaldo de las y los trabajadores municipales.<\/h5>\n\n\n\n<p>Por parte del Municipio de Moreno, <strong>el Departamento Ejecutivo firm\u00f3 por decreto un adelanto del 8% de incremento salarial para el mes de diciembre<\/strong>, con el objetivo de que impacte en el sueldo de las y los empleados municipales y que se pueda aprovechar en el mes de las fiestas.<\/p>\n\n\n\n<figure class=\"wp-block-image size-full\"><a href=\"https:\/\/morenoprimero.com.ar\/wp-content\/uploads\/2021\/12\/DM_20211209180449_001.jpg\"><img loading=\"lazy\" decoding=\"async\" width=\"682\" height=\"454\" src=\"https:\/\/morenoprimero.com.ar\/wp-content\/uploads\/2021\/12\/DM_20211209180449_001.jpg\" alt=\"\" class=\"wp-image-22422\" srcset=\"https:\/\/morenoprimero.com.ar\/archivo\/wp-content\/uploads\/2021\/12\/DM_20211209180449_001.jpg 682w, https:\/\/morenoprimero.com.ar\/archivo\/wp-content\/uploads\/2021\/12\/DM_20211209180449_001-300x200.jpg 300w\" sizes=\"auto, (max-width: 682px) 100vw, 682px\" \/><\/a><\/figure>\n\n\n\n<p>En un comunicado, se resaltaron los puntos principales donde se destacan los aumentos para todas y todos los trabajadores del municipio. En el que va del 2021, y con este aumento del 8%, <strong>el salario subi\u00f3 en un total de 52%<\/strong> a medida que fueron pasando los meses. De esta manera, el salario promedio de los trabajadores del municipio de Moreno logr\u00f3 ganarle a la inflaci\u00f3n del a\u00f1o, un logro de la gesti\u00f3n de Mariel Fernandez y de todo su equipo.<\/p>\n\n\n\n<figure class=\"wp-block-image size-large\"><a href=\"https:\/\/morenoprimero.com.ar\/wp-content\/uploads\/2021\/12\/WhatsApp_Image_2021-12-09_at_2.59.44_PM.jpg\"><img loading=\"lazy\" decoding=\"async\" width=\"1024\" height=\"1024\" src=\"https:\/\/morenoprimero.com.ar\/wp-content\/uploads\/2021\/12\/WhatsApp_Image_2021-12-09_at_2.59.44_PM-1024x1024.jpg\" alt=\"\" class=\"wp-image-22418\" srcset=\"https:\/\/morenoprimero.com.ar\/archivo\/wp-content\/uploads\/2021\/12\/WhatsApp_Image_2021-12-09_at_2.59.44_PM-1024x1024.jpg 1024w, https:\/\/morenoprimero.com.ar\/archivo\/wp-content\/uploads\/2021\/12\/WhatsApp_Image_2021-12-09_at_2.59.44_PM-300x300.jpg 300w, https:\/\/morenoprimero.com.ar\/archivo\/wp-content\/uploads\/2021\/12\/WhatsApp_Image_2021-12-09_at_2.59.44_PM-150x150.jpg 150w, https:\/\/morenoprimero.com.ar\/archivo\/wp-content\/uploads\/2021\/12\/WhatsApp_Image_2021-12-09_at_2.59.44_PM-768x768.jpg 768w, https:\/\/morenoprimero.com.ar\/archivo\/wp-content\/uploads\/2021\/12\/WhatsApp_Image_2021-12-09_at_2.59.44_PM.jpg 1280w\" sizes=\"auto, (max-width: 1024px) 100vw, 1024px\" \/><\/a><\/figure>\n\n\n\n<p>A lo largo de la gesti\u00f3n, se llevaron a cabo pol\u00edticas p\u00fablicas inclusivas, populares y de fortalecimiento para los sectores m\u00e1s indefensos del municipio. Para resaltar estas pol\u00edticas, <strong>en el 2021 m\u00e1s de 650 trabajadoras y trabajadores pasaron a formar parte de planta permanente<\/strong>, lo que se traduce como m\u00e1s y mejor trabajo en blanco, asalariado y formal. Tambi\u00e9n se otorgaron m\u00e1s de 300 recategorizaciones, se cumplieron los convenios laborales y se incorporaron m\u00e1s de 100 promotoras y promotores de salud.<\/p>\n\n\n\n<p>Otro acto y hecho de esta gesti\u00f3n, es que se logr\u00f3 que los sueldos municipales se depositen el primero de cada mes en lugar de fechas retrasadas. Tambi\u00e9n se otorgaron 83 prejubilaciones, as\u00ed como se ingresaron a 15 familiares de trabajadores o trabajadoras fallecidas.<\/p>\n\n\n\n<p>De esta manera, y por parte de la gesti\u00f3n de Mariel Fern\u00e1ndez, se sigue trabajando para tener un mejor Moreno, un Moreno m\u00e1s inclusivo y con pol\u00edticas colectivas.&nbsp;<\/p>\n","protected":false},"excerpt":{"rendered":"<p>El Departamento Ejecutivo firm\u00f3 por decreto un adelanto del 8% de incremento salarial para el mes de diciembre, el cual impactar\u00e1 en el cobro del aguinaldo de las y los trabajadores municipales. Por parte del Municipio de Moreno, el Departamento &hellip; <a href=\"https:\/\/morenoprimero.com.ar\/archivo\/aumento-del-8-para-las-y-los-trabajadores-municipales\/\">Sigue leyendo <span class=\"meta-nav\">&rarr;<\/span><\/a><\/p>\n","protected":false},"author":6,"featured_media":22421,"comment_status":"closed","ping_status":"closed","sticky":false,"template":"","format":"standard","meta":{"footnotes":""},"categories":[2,2328],"tags":[276,6,395],"class_list":["post-22416","post","type-post","status-publish","format-standard","has-post-thumbnail","hentry","category-destacadas","category-local","tag-mariel-fernandez","tag-moreno","tag-trabajadores-municipales"],"_links":{"self":[{"href":"https:\/\/morenoprimero.com.ar\/archivo\/wp-json\/wp\/v2\/posts\/22416","targetHints":{"allow":["GET"]}}],"collection":[{"href":"https:\/\/morenoprimero.com.ar\/archivo\/wp-json\/wp\/v2\/posts"}],"about":[{"href":"https:\/\/morenoprimero.com.ar\/archivo\/wp-json\/wp\/v2\/types\/post"}],"author":[{"embeddable":true,"href":"https:\/\/morenoprimero.com.ar\/archivo\/wp-json\/wp\/v2\/users\/6"}],"replies":[{"embeddable":true,"href":"https:\/\/morenoprimero.com.ar\/archivo\/wp-json\/wp\/v2\/comments?post=22416"}],"version-history":[{"count":3,"href":"https:\/\/morenoprimero.com.ar\/archivo\/wp-json\/wp\/v2\/posts\/22416\/revisions"}],"predecessor-version":[{"id":22423,"href":"https:\/\/morenoprimero.com.ar\/archivo\/wp-json\/wp\/v2\/posts\/22416\/revisions\/22423"}],"wp:featuredmedia":[{"embeddable":true,"href":"https:\/\/morenoprimero.com.ar\/archivo\/wp-json\/wp\/v2\/media\/22421"}],"wp:attachment":[{"href":"https:\/\/morenoprimero.com.ar\/archivo\/wp-json\/wp\/v2\/media?parent=22416"}],"wp:term":[{"taxonomy":"category","embeddable":true,"href":"https:\/\/morenoprimero.com.ar\/archivo\/wp-json\/wp\/v2\/categories?post=22416"},{"taxonomy":"post_tag","embeddable":true,"href":"https:\/\/morenoprimero.com.ar\/archivo\/wp-json\/wp\/v2\/tags?post=22416"}],"curies":[{"name":"wp","href":"https:\/\/api.w.org\/{rel}","templated":true}]}}