{"id":22335,"date":"2021-12-09T16:45:38","date_gmt":"2021-12-09T19:45:38","guid":{"rendered":"https:\/\/morenoprimero.com.ar\/?p=22335"},"modified":"2021-12-09T16:45:39","modified_gmt":"2021-12-09T19:45:39","slug":"se-realizo-la-primera-fiesta-tradicionalista-gaucha-en-moreno","status":"publish","type":"post","link":"https:\/\/morenoprimero.com.ar\/archivo\/se-realizo-la-primera-fiesta-tradicionalista-gaucha-en-moreno\/","title":{"rendered":"Se realiz\u00f3 la primera fiesta tradicionalista gaucha en Moreno"},"content":{"rendered":"\n<h5 class=\"wp-block-heading\">Convocada por vecinos y vecinas que forman parte de la comunidad gauchesca, se llev\u00f3 a cabo la primera fiesta tradicionalista del gaucho, donde se realizaron desfiles tradicionales y shows de artistas locales en vivo en el barrio de Cascallares.<\/h5>\n\n\n\n<p>Este mi\u00e9rcoles 8 de diciembre, se realiz\u00f3 la primera fiesta tradicionalista gaucha en <strong>Moreno, barrio de&nbsp;Cascallares<\/strong>. All\u00ed, vecinos y vecinas celebraron con desfiles, ferias y shows en vivo.&nbsp;&nbsp;<\/p>\n\n\n\n<p>En la historia de <strong>Moreno<\/strong>, esta es la primera vez que se realiz\u00f3 una fiesta tradicional gauchesca y la comunidad es acompa\u00f1ada por el apoyo de la gesti\u00f3n de<strong> Mariel Fern\u00e1ndez<\/strong>.&nbsp;<\/p>\n\n\n\n<figure class=\"wp-block-image size-large\"><a href=\"https:\/\/morenoprimero.com.ar\/wp-content\/uploads\/2021\/12\/WhatsApp-Image-2021-12-09-at-11.47.26-1.jpeg\"><img loading=\"lazy\" decoding=\"async\" width=\"1024\" height=\"576\" src=\"https:\/\/morenoprimero.com.ar\/wp-content\/uploads\/2021\/12\/WhatsApp-Image-2021-12-09-at-11.47.26-1-1024x576.jpeg\" alt=\"\" class=\"wp-image-22400\" srcset=\"https:\/\/morenoprimero.com.ar\/archivo\/wp-content\/uploads\/2021\/12\/WhatsApp-Image-2021-12-09-at-11.47.26-1-1024x576.jpeg 1024w, https:\/\/morenoprimero.com.ar\/archivo\/wp-content\/uploads\/2021\/12\/WhatsApp-Image-2021-12-09-at-11.47.26-1-300x169.jpeg 300w, https:\/\/morenoprimero.com.ar\/archivo\/wp-content\/uploads\/2021\/12\/WhatsApp-Image-2021-12-09-at-11.47.26-1-768x432.jpeg 768w, https:\/\/morenoprimero.com.ar\/archivo\/wp-content\/uploads\/2021\/12\/WhatsApp-Image-2021-12-09-at-11.47.26-1-1536x864.jpeg 1536w, https:\/\/morenoprimero.com.ar\/archivo\/wp-content\/uploads\/2021\/12\/WhatsApp-Image-2021-12-09-at-11.47.26-1.jpeg 1600w\" sizes=\"auto, (max-width: 1024px) 100vw, 1024px\" \/><\/a><\/figure>\n\n\n\n<p>El objetivo de la fiesta tradicional es revalorizar la&nbsp;figura del&nbsp;gaucho, s\u00edmbolo nacional, con la realizaci\u00f3n de distintas&nbsp;actividades criollas.&nbsp;<\/p>\n\n\n\n<figure class=\"wp-block-image size-large\"><a href=\"https:\/\/morenoprimero.com.ar\/wp-content\/uploads\/2021\/12\/WhatsApp-Image-2021-12-09-at-11.47.26.jpeg\"><img loading=\"lazy\" decoding=\"async\" width=\"1024\" height=\"461\" src=\"https:\/\/morenoprimero.com.ar\/wp-content\/uploads\/2021\/12\/WhatsApp-Image-2021-12-09-at-11.47.26-1024x461.jpeg\" alt=\"\" class=\"wp-image-22399\" srcset=\"https:\/\/morenoprimero.com.ar\/archivo\/wp-content\/uploads\/2021\/12\/WhatsApp-Image-2021-12-09-at-11.47.26-1024x461.jpeg 1024w, https:\/\/morenoprimero.com.ar\/archivo\/wp-content\/uploads\/2021\/12\/WhatsApp-Image-2021-12-09-at-11.47.26-300x135.jpeg 300w, https:\/\/morenoprimero.com.ar\/archivo\/wp-content\/uploads\/2021\/12\/WhatsApp-Image-2021-12-09-at-11.47.26-768x346.jpeg 768w, https:\/\/morenoprimero.com.ar\/archivo\/wp-content\/uploads\/2021\/12\/WhatsApp-Image-2021-12-09-at-11.47.26-1536x691.jpeg 1536w, https:\/\/morenoprimero.com.ar\/archivo\/wp-content\/uploads\/2021\/12\/WhatsApp-Image-2021-12-09-at-11.47.26.jpeg 1600w\" sizes=\"auto, (max-width: 1024px) 100vw, 1024px\" \/><\/a><\/figure>\n\n\n\n<p><\/p>\n\n\n\n<p><\/p>\n","protected":false},"excerpt":{"rendered":"<p>Convocada por vecinos y vecinas que forman parte de la comunidad gauchesca, se llev\u00f3 a cabo la primera fiesta tradicionalista del gaucho, donde se realizaron desfiles tradicionales y shows de artistas locales en vivo en el barrio de Cascallares. Este &hellip; <a href=\"https:\/\/morenoprimero.com.ar\/archivo\/se-realizo-la-primera-fiesta-tradicionalista-gaucha-en-moreno\/\">Sigue leyendo <span class=\"meta-nav\">&rarr;<\/span><\/a><\/p>\n","protected":false},"author":6,"featured_media":22398,"comment_status":"closed","ping_status":"closed","sticky":false,"template":"","format":"standard","meta":{"footnotes":""},"categories":[2328],"tags":[3446,276,6,102],"class_list":["post-22335","post","type-post","status-publish","format-standard","has-post-thumbnail","hentry","category-local","tag-fiesta-tradicionalista-gaucha","tag-mariel-fernandez","tag-moreno","tag-municipio-de-moreno"],"_links":{"self":[{"href":"https:\/\/morenoprimero.com.ar\/archivo\/wp-json\/wp\/v2\/posts\/22335","targetHints":{"allow":["GET"]}}],"collection":[{"href":"https:\/\/morenoprimero.com.ar\/archivo\/wp-json\/wp\/v2\/posts"}],"about":[{"href":"https:\/\/morenoprimero.com.ar\/archivo\/wp-json\/wp\/v2\/types\/post"}],"author":[{"embeddable":true,"href":"https:\/\/morenoprimero.com.ar\/archivo\/wp-json\/wp\/v2\/users\/6"}],"replies":[{"embeddable":true,"href":"https:\/\/morenoprimero.com.ar\/archivo\/wp-json\/wp\/v2\/comments?post=22335"}],"version-history":[{"count":3,"href":"https:\/\/morenoprimero.com.ar\/archivo\/wp-json\/wp\/v2\/posts\/22335\/revisions"}],"predecessor-version":[{"id":22415,"href":"https:\/\/morenoprimero.com.ar\/archivo\/wp-json\/wp\/v2\/posts\/22335\/revisions\/22415"}],"wp:featuredmedia":[{"embeddable":true,"href":"https:\/\/morenoprimero.com.ar\/archivo\/wp-json\/wp\/v2\/media\/22398"}],"wp:attachment":[{"href":"https:\/\/morenoprimero.com.ar\/archivo\/wp-json\/wp\/v2\/media?parent=22335"}],"wp:term":[{"taxonomy":"category","embeddable":true,"href":"https:\/\/morenoprimero.com.ar\/archivo\/wp-json\/wp\/v2\/categories?post=22335"},{"taxonomy":"post_tag","embeddable":true,"href":"https:\/\/morenoprimero.com.ar\/archivo\/wp-json\/wp\/v2\/tags?post=22335"}],"curies":[{"name":"wp","href":"https:\/\/api.w.org\/{rel}","templated":true}]}}