{"id":22267,"date":"2021-12-06T19:28:51","date_gmt":"2021-12-06T22:28:51","guid":{"rendered":"https:\/\/morenoprimero.com.ar\/?p=22267"},"modified":"2021-12-07T22:32:39","modified_gmt":"2021-12-08T01:32:39","slug":"vecinos-y-militantes-inauguraran-un-arbol-de-navidad-en-cuartel-v","status":"publish","type":"post","link":"https:\/\/morenoprimero.com.ar\/archivo\/vecinos-y-militantes-inauguraran-un-arbol-de-navidad-en-cuartel-v\/","title":{"rendered":"Vecinos y militantes inaugurar\u00e1n un \u00e1rbol de navidad en Cuartel V"},"content":{"rendered":"\n<h5 class=\"wp-block-heading\">Se trata de un \u00e1rbol de navidad de m\u00e1s de 4 metros de altura, el armado lo realizar\u00e1n vecinos, vecinas y militantes de la agrupaci\u00f3n \u201cLa 14\u201d y del Centro Cultural \u201cRayuela\u201d y se inaugurar\u00e1 este mi\u00e9rcoles 8 de diciembre desde las 18 hs con un show de m\u00fasica en vivo. <\/h5>\n\n\n\n<p>Desde este lunes las vecinas y vecinos junto a militantes de la agrupaci\u00f3n \u201cLa 14\u201d, del Movimiento Evita y del Centro Cultural \u201cRayuela\u201d se encuentran armando un&nbsp;\u00e1rbol&nbsp;de navidad de aproximadamente cuatro metros de altura en Cuartel V, sobre la Ruta 24 de Moreno.&nbsp;&nbsp;Para su inauguraci\u00f3n, se prepar\u00f3 un show con artistas invitados para que toquen en vivo y los vecinas y vecinas morenenses vivan una fiesta.<\/p>\n\n\n\n<div class=\"wp-block-image\"><figure class=\"aligncenter size-full\"><a href=\"https:\/\/morenoprimero.com.ar\/wp-content\/uploads\/2021\/12\/260804658_183470867333882_3878692655338131164_n.jpg\"><img loading=\"lazy\" decoding=\"async\" width=\"579\" height=\"960\" src=\"https:\/\/morenoprimero.com.ar\/wp-content\/uploads\/2021\/12\/260804658_183470867333882_3878692655338131164_n.jpg\" alt=\"\" class=\"wp-image-22269\" srcset=\"https:\/\/morenoprimero.com.ar\/archivo\/wp-content\/uploads\/2021\/12\/260804658_183470867333882_3878692655338131164_n.jpg 579w, https:\/\/morenoprimero.com.ar\/archivo\/wp-content\/uploads\/2021\/12\/260804658_183470867333882_3878692655338131164_n-181x300.jpg 181w\" sizes=\"auto, (max-width: 579px) 100vw, 579px\" \/><\/a><\/figure><\/div>\n\n\n\n<p>Uno de los vecinos y militantes que participa en el armado del \u00e1rbol, <strong>Roberto \u201cPiki\u201d Figueredo<\/strong>, expres\u00f3 que apenas llega diciembre \u201cya pensamos en el armado, en c\u00f3mo lo vamos a hacer, es para la gente\u201d, y agreg\u00f3: \u201c<strong>Estamos entusiasmados, es un \u00e1rbol que gener\u00f3 un antes y despu\u00e9s en las fiestas navide\u00f1as para las y los vecinos<\/strong>\u201d.&nbsp;&nbsp;<\/p>\n\n\n\n<p>Adem\u00e1s, el delegado de <strong>Cuartel V, Nicol\u00e1s D\u00edaz,<\/strong> explic\u00f3 que en los \u00faltimos d\u00edas se estuvieron inaugurando peque\u00f1os \u00e1rboles de navidad en diferentes plazas de la localidad&nbsp;morenense&nbsp;realizado por diferentes organizaciones sociales y pol\u00edticas.&nbsp;\u201c<strong>Articulamos con alumbrado p\u00fablico para que cuide a las y los vecinos a la hora de armar los \u00e1rboles<\/strong>\u201d, sostuvo <strong>Nicol\u00e1s D\u00edaz<\/strong>.<\/p>\n\n\n\n<p>El armado del \u00e1rbol navide\u00f1o lleva alrededor de tres d\u00edas de trabajo y organizaci\u00f3n, al respecto, el vecino y militante \u201cPiki\u201d Figueredo coment\u00f3 que algunas vecinas y militantes se encargan de la decoraci\u00f3n del \u00e1rbol, desde el taller de costura del centro cultural \u00abRayuela\u00bb y que, el mismo, lleva una estructura de madera y, posteriormente, ser\u00e1 forrado con pasto sint\u00e9tico de caucho.&nbsp;&nbsp;<\/p>\n\n\n\n<p>Por \u00faltimo, el vecino y militante expres\u00f3 que se vive \u201c<strong>un lindo ambiente<\/strong>\u201d, tanto para grandes como para chicos, cuando se arma el \u00e1rbol y que, en sus 40 a\u00f1os viviendo en Moreno, \u201cnunca vi un \u00e1rbol de semejante altura en Cuar<strong>tel V o zonas cercanas<\/strong>\u201d.&nbsp;<\/p>\n","protected":false},"excerpt":{"rendered":"<p>Se trata de un \u00e1rbol de navidad de m\u00e1s de 4 metros de altura, el armado lo realizar\u00e1n vecinos, vecinas y militantes de la agrupaci\u00f3n \u201cLa 14\u201d y del Centro Cultural \u201cRayuela\u201d y se inaugurar\u00e1 este mi\u00e9rcoles 8 de diciembre &hellip; <a href=\"https:\/\/morenoprimero.com.ar\/archivo\/vecinos-y-militantes-inauguraran-un-arbol-de-navidad-en-cuartel-v\/\">Sigue leyendo <span class=\"meta-nav\">&rarr;<\/span><\/a><\/p>\n","protected":false},"author":6,"featured_media":15641,"comment_status":"closed","ping_status":"closed","sticky":false,"template":"","format":"standard","meta":{"footnotes":""},"categories":[2458,3,21,2328],"tags":[276,6,291,102],"class_list":["post-22267","post","type-post","status-publish","format-standard","has-post-thumbnail","hentry","category-cuartelv","category-importantes","category-interes-general","category-local","tag-mariel-fernandez","tag-moreno","tag-movimiento-evita","tag-municipio-de-moreno"],"_links":{"self":[{"href":"https:\/\/morenoprimero.com.ar\/archivo\/wp-json\/wp\/v2\/posts\/22267","targetHints":{"allow":["GET"]}}],"collection":[{"href":"https:\/\/morenoprimero.com.ar\/archivo\/wp-json\/wp\/v2\/posts"}],"about":[{"href":"https:\/\/morenoprimero.com.ar\/archivo\/wp-json\/wp\/v2\/types\/post"}],"author":[{"embeddable":true,"href":"https:\/\/morenoprimero.com.ar\/archivo\/wp-json\/wp\/v2\/users\/6"}],"replies":[{"embeddable":true,"href":"https:\/\/morenoprimero.com.ar\/archivo\/wp-json\/wp\/v2\/comments?post=22267"}],"version-history":[{"count":7,"href":"https:\/\/morenoprimero.com.ar\/archivo\/wp-json\/wp\/v2\/posts\/22267\/revisions"}],"predecessor-version":[{"id":22378,"href":"https:\/\/morenoprimero.com.ar\/archivo\/wp-json\/wp\/v2\/posts\/22267\/revisions\/22378"}],"wp:featuredmedia":[{"embeddable":true,"href":"https:\/\/morenoprimero.com.ar\/archivo\/wp-json\/wp\/v2\/media\/15641"}],"wp:attachment":[{"href":"https:\/\/morenoprimero.com.ar\/archivo\/wp-json\/wp\/v2\/media?parent=22267"}],"wp:term":[{"taxonomy":"category","embeddable":true,"href":"https:\/\/morenoprimero.com.ar\/archivo\/wp-json\/wp\/v2\/categories?post=22267"},{"taxonomy":"post_tag","embeddable":true,"href":"https:\/\/morenoprimero.com.ar\/archivo\/wp-json\/wp\/v2\/tags?post=22267"}],"curies":[{"name":"wp","href":"https:\/\/api.w.org\/{rel}","templated":true}]}}