{"id":22153,"date":"2021-12-03T09:42:47","date_gmt":"2021-12-03T12:42:47","guid":{"rendered":"https:\/\/morenoprimero.com.ar\/?p=22153"},"modified":"2021-12-03T09:42:48","modified_gmt":"2021-12-03T12:42:48","slug":"kulfas-el-62-de-los-sectores-industriales-produce-mas-que-en-2019","status":"publish","type":"post","link":"https:\/\/morenoprimero.com.ar\/archivo\/kulfas-el-62-de-los-sectores-industriales-produce-mas-que-en-2019\/","title":{"rendered":"Kulfas: \u00abEl 62% de los sectores industriales produce m\u00e1s que en 2019\u00bb"},"content":{"rendered":"\n<p>El ministro de Desarrollo Productivo particip\u00f3 de&nbsp;la 27\u00b0 Conferencia Anual que organiza la Uni\u00f3n Industrial Argentina y resalt\u00f3 que el pa\u00eds est\u00e1 \u00abun&nbsp;2,6% arriba del nivel de actividad de 2018\u00bb.<\/p>\n\n\n\n<p>El ministro de Desarrollo Productivo, Mat\u00edas Kulfas, resalt\u00f3 que \u00abla econom\u00eda argentina se est\u00e1 recuperando m\u00e1s r\u00e1pido de lo que se esperaba\u00bb y que ya alcanz\u00f3 \u00abniveles precovid\u00bb, gracias en buena parte al desempe\u00f1o del sector manufacturero, con r\u00e9cords de actividad en muchas de sus ramas.<\/p>\n\n\n\n<p><strong>\u00abOrganismos internacionales hab\u00edan pronosticado que reci\u00e9n en 2026 alcanzar\u00edamos el nivel prepandemia y ya lo hemos hecho en 2021\u00bb<\/strong>, se\u00f1al\u00f3 el ministro, algo para lo que, afirm\u00f3, \u00abla industria fue fundamental\u00bb, ya que \u00ab62% de los sectores industriales (produce) m\u00e1s que en 2019\u00bb.<\/p>\n\n\n\n<p>\u00abLa r\u00e1pida recuperaci\u00f3n reciente explica por qu\u00e9 tenemos 42.000 empleos industriales m\u00e1s que en diciembre de 2019. La mejora es generalizada: 18 de las 24 ramas industriales tiene m\u00e1s empleo que entonces. Llevamos m\u00e1s de un a\u00f1o recuperando empleo formal; y esta recuperaci\u00f3n tuvo lugar en la amplia mayor\u00eda de sectores\u00bb, asegur\u00f3 Kulfas al participar de la vig\u00e9simo s\u00e9ptima Conferencia Industrial organizada por la Uni\u00f3n Industrial Argentina (UIA).<\/p>\n\n\n\n<p>En ese sentido,&nbsp;<strong>destac\u00f3 a sectores como alimentaci\u00f3n, maquinaria agr\u00edcola, automotriz,, vidrio, calzado, forestoindustria, farmac\u00e9utico, electrodom\u00e9sticos o la producci\u00f3n de ladrillos, todos con r\u00e9cord de producci\u00f3n de al menos 5 a\u00f1os<\/strong>&nbsp;y, en algunos de ellos, el mejor nivel del siglo XXI.<\/p>\n\n\n\n<p>\u00abEsta fuerte recuperaci\u00f3n industrial no fue cuesti\u00f3n del azar. Hemos recuperado la pol\u00edtica productiva. Nuestra visi\u00f3n es que sin industria no hay naci\u00f3n\u00bb, afirm\u00f3.<\/p>\n\n\n\n<p>Tambi\u00e9n se\u00f1al\u00f3 que la industria argentina hace una gran contribuci\u00f3n al dinamismo cient\u00edfico y tecnol\u00f3gico, ya que \u00abexplica m\u00e1s de la mitad de la inversi\u00f3n en investigaci\u00f3n y desarrollo empresario en Argentina\u201d, por lo que llam\u00f3 a salir del \u00abdogma anti industrial\u00bb y la \u00abgrieta\u00bb de pensar un pa\u00eds sin desarrollo de la industria, que abastezca tanto las exportaciones y como al mercado interno.<\/p>\n\n\n\n<p>\u00abAmbos desarrollos, del mercado interno y externo, son fundamentales. Que crezca el mercado interno a partir de la mejora salarial, la creaci\u00f3n de puestos de trabajo y la inclusi\u00f3n social es fundamental no solo para elevar el nivel de vida de nuestra poblaci\u00f3n sino porque es el lugar donde las empresas aprenden a producir mejor y en muchos casos es donde van ganando escala para salir a exportar\u00bb, afirm\u00f3 Kulfas.<\/p>\n\n\n\n<p>De todas formas, destac\u00f3 que \u00abcon el mercado interno solo no alcanza, y es aqu\u00ed donde la exportaci\u00f3n se vuelve fundamental\u00bb.<\/p>\n\n\n\n<p>\u00abExportar m\u00e1s es condici\u00f3n para que los salarios suban de forma sostenible, ya que m\u00e1s salario es m\u00e1s consumo y m\u00e1s consumo es m\u00e1s producci\u00f3n industrial, y m\u00e1s producci\u00f3n industrial se refleja en m\u00e1s insumos importados\u00bb, apunt\u00f3 el ministro.<\/p>\n\n\n\n<p><strong>Uno de los sectores que destac\u00f3 en este sentido fue el automotor, en el que la mayor producci\u00f3n local logr\u00f3 que los autos de fabricaci\u00f3n nacional que se consumen en el pa\u00eds ya sean m\u00e1s del 50% mercado cuand<\/strong>o, en 2018, ese nivel era inferior al 30%.<\/p>\n\n\n\n<p>\u00abDefenestrar la sustituci\u00f3n de importaciones -asegur\u00f3- es desconocer las historia de b\u00e1sicamente todas las experiencias de los pa\u00edses desarrollados\u00bb.<\/p>\n\n\n\n<p>A\u00fan as\u00ed resalt\u00f3 que este a\u00f1o la Argentina alcanz\u00f3 lo niveles de exportaci\u00f3n m\u00e1s altos desde 2013 y no solo por efecto de los mayores precios internacionales de productos agropecuarios, sino tambi\u00e9n por mayor cantidad de productos exportados, lo cual responde tambi\u00e9n a las pol\u00edticas de est\u00edmulo en materia de l\u00edneas de cr\u00e9dito, a menores costos de exportaci\u00f3n a productos manufacturados y a las mesas de di\u00e1logo sectorial entre Gobierno, empresas y trabajadores.<\/p>\n\n\n\n<p><strong>\u00abSolemos escuchar que somos un gobierno antimercado o antiempresa pero somos una fuerza centrada en la producci\u00f3n y el trabajo, que busca incansablemente un gran acuerdo entre estos sectores para sacar el pa\u00eds adelante\u00bb<\/strong>, afirm\u00f3 Kulfas.<\/p>\n\n\n\n<p>\u00abVamos a transformar esta reactivaci\u00f3n en crecimiento y este crecimiento en desarrollo econ\u00f3mico con inclusi\u00f3n social, para mejorar a\u00f1o a a\u00f1o el bienestar de los habitantes de este pa\u00eds\u00bb, concluy\u00f3.<\/p>\n","protected":false},"excerpt":{"rendered":"<p>El ministro de Desarrollo Productivo particip\u00f3 de&nbsp;la 27\u00b0 Conferencia Anual que organiza la Uni\u00f3n Industrial Argentina y resalt\u00f3 que el pa\u00eds est\u00e1 \u00abun&nbsp;2,6% arriba del nivel de actividad de 2018\u00bb. El ministro de Desarrollo Productivo, Mat\u00edas Kulfas, resalt\u00f3 que \u00abla &hellip; <a href=\"https:\/\/morenoprimero.com.ar\/archivo\/kulfas-el-62-de-los-sectores-industriales-produce-mas-que-en-2019\/\">Sigue leyendo <span class=\"meta-nav\">&rarr;<\/span><\/a><\/p>\n","protected":false},"author":6,"featured_media":22154,"comment_status":"closed","ping_status":"closed","sticky":false,"template":"","format":"standard","meta":{"footnotes":""},"categories":[2330],"tags":[37,2520,3429],"class_list":["post-22153","post","type-post","status-publish","format-standard","has-post-thumbnail","hentry","category-nacional","tag-economia","tag-matias-kulfas","tag-ministro-de-desarollo-productivo"],"_links":{"self":[{"href":"https:\/\/morenoprimero.com.ar\/archivo\/wp-json\/wp\/v2\/posts\/22153","targetHints":{"allow":["GET"]}}],"collection":[{"href":"https:\/\/morenoprimero.com.ar\/archivo\/wp-json\/wp\/v2\/posts"}],"about":[{"href":"https:\/\/morenoprimero.com.ar\/archivo\/wp-json\/wp\/v2\/types\/post"}],"author":[{"embeddable":true,"href":"https:\/\/morenoprimero.com.ar\/archivo\/wp-json\/wp\/v2\/users\/6"}],"replies":[{"embeddable":true,"href":"https:\/\/morenoprimero.com.ar\/archivo\/wp-json\/wp\/v2\/comments?post=22153"}],"version-history":[{"count":2,"href":"https:\/\/morenoprimero.com.ar\/archivo\/wp-json\/wp\/v2\/posts\/22153\/revisions"}],"predecessor-version":[{"id":22156,"href":"https:\/\/morenoprimero.com.ar\/archivo\/wp-json\/wp\/v2\/posts\/22153\/revisions\/22156"}],"wp:featuredmedia":[{"embeddable":true,"href":"https:\/\/morenoprimero.com.ar\/archivo\/wp-json\/wp\/v2\/media\/22154"}],"wp:attachment":[{"href":"https:\/\/morenoprimero.com.ar\/archivo\/wp-json\/wp\/v2\/media?parent=22153"}],"wp:term":[{"taxonomy":"category","embeddable":true,"href":"https:\/\/morenoprimero.com.ar\/archivo\/wp-json\/wp\/v2\/categories?post=22153"},{"taxonomy":"post_tag","embeddable":true,"href":"https:\/\/morenoprimero.com.ar\/archivo\/wp-json\/wp\/v2\/tags?post=22153"}],"curies":[{"name":"wp","href":"https:\/\/api.w.org\/{rel}","templated":true}]}}