{"id":22043,"date":"2021-12-01T09:24:51","date_gmt":"2021-12-01T12:24:51","guid":{"rendered":"https:\/\/morenoprimero.com.ar\/?p=22043"},"modified":"2021-12-01T09:24:54","modified_gmt":"2021-12-01T12:24:54","slug":"kicillof-necesitamos-que-se-vacune-absolutamente-todo-el-mundo","status":"publish","type":"post","link":"https:\/\/morenoprimero.com.ar\/archivo\/kicillof-necesitamos-que-se-vacune-absolutamente-todo-el-mundo\/","title":{"rendered":"Kicillof: \u00abNecesitamos que se vacune absolutamente todo el mundo\u00bb"},"content":{"rendered":"\n<p>El gobernador bonaerense consider\u00f3 que la aparici\u00f3n de la variante \u00d3micron del coronavirus \u00abdeber\u00eda funcionar como un llamado de atenci\u00f3n\u00bb para que quienes tengan dudas o postergan la decisi\u00f3n de hacerlo, \u00abvayan y se vacunen\u00bb.<\/p>\n\n\n\n<p><strong>El gobernador de la provincia de Buenos Aires, Axel Kicillof<\/strong>, asegur\u00f3 este martes que ante la nueva variante \u00d3micron del coronavirus,&nbsp;<strong>es necesario \u00abque se vacune absolutamente todo el mundo\u00bb<\/strong>&nbsp;y destac\u00f3 que ello&nbsp;<strong>es \u00abfundamental\u00bb desde el punto de vista \u00absocial y colectivo\u00bb<\/strong>.<\/p>\n\n\n\n<p>\u00abHay varios pa\u00edses de Europa con muchos casos y se est\u00e1 tratando de comprender si eso es atribuible al clima o a los no vacunados\u00bb, indic\u00f3 el mandatario en declaraciones a radio Del Plata.<\/p>\n\n\n\n<p>En ese sentido, el gobernador sostuvo que,&nbsp;<strong>\u00abquien no tenga la protecci\u00f3n, est\u00e1 muy expuesto a la nueva variante del virus \u00d3micron\u00bb<\/strong>&nbsp;y apunt\u00f3 que&nbsp;<strong>\u00abes mucho m\u00e1s contagiosa y dominante sobre la Delta\u00bb<\/strong>.<\/p>\n\n\n\n<p>Kicillof resalt\u00f3 que\u00a0<strong>\u00abes necesario e imperioso que se vacune todo el mundo y, por eso, ayer anunciamos que\u00a0el programa de vacuna libre se extiende a mayores de 3 a\u00f1os en toda la provincia\u00bb<\/strong>.<\/p>\n\n\n\n<p>Desde este martes, en territorio bonaerense las y los ni\u00f1os de ese grupo etario podr\u00e1n recibir su inmunizaci\u00f3n con la sola presentaci\u00f3n del documento de identidad que acredite su domicilio en la provincia.<\/p>\n\n\n\n<p>En tanto, desde el 10 de diciembre, la segunda dosis tambi\u00e9n ser\u00e1 libre en toda la provincia para los ni\u00f1os, ni\u00f1as y adolescentes.<\/p>\n\n\n\n<p><strong>\u00abHasta ahora estaba la gente buscando a la vacuna y ahora es la vacuna la que est\u00e1 buscando a la gente\u00bb<\/strong>, remarc\u00f3 Kicillof al respecto y a\u00f1adi\u00f3 que \u00abes necesario y fundamental que tengamos vacunada a la mayor cantidad de gente posible\u00bb.<\/p>\n\n\n\n<p>Luego, en declaraciones a C5N, Kicillof insisti\u00f3 en que \u00abhay que seguir vacunando y nos faltan aquellos que a\u00fan no dieron el paso quiz\u00e1s porque la cantidad de casos se redujo y creyeron que el riesgo baj\u00f3. Hoy ese tiempo se termin\u00f3\u00bb, apunt\u00f3.<\/p>\n\n\n\n<p>El mandatario precis\u00f3 que el 82% de la poblaci\u00f3n bonaerense est\u00e1 vacunada, indic\u00f3 que se trata de un total de 14.200.000 de personas sobre 17 millones de habitantes y abund\u00f3: \u00abHay, a la vez, 12.000.000 con esquema completo y 700 mil con tercera dosis\u00bb.<\/p>\n\n\n\n<p>\u00abPero&nbsp;<strong>lo que est\u00e1 pasando afuera deber\u00eda funcionar como un llamado de atenci\u00f3n<\/strong>&nbsp;para que el que est\u00e1 dando vueltas y dudando o dej\u00e1ndolo para m\u00e1s adelante, vaya y se vacune\u00bb, subray\u00f3.<\/p>\n\n\n\n<p>Kicillof insisti\u00f3 en que se debe \u00abpensar en los dem\u00e1s\u00bb dado que, \u00abquien no se vacuna o no vacuna a sus hijos, permite que el virus circule y contagia\u00bb.<\/p>\n\n\n\n<p>Manifest\u00f3 que \u00abhay pa\u00edses que van por la sexta ola\u00bb, con lo cual se demuestra que \u00abla pandemia no termin\u00f3\u00bb.<\/p>\n\n\n\n<p><strong>\u00abCuando baja la sensaci\u00f3n de peligro, hay una relajaci\u00f3n\u00bb<\/strong>, advirti\u00f3 el mandatario provincial.<\/p>\n\n\n\n<p>Al ser consultado sobre la propuesta de hacer obligatoria la aplicaci\u00f3n de f\u00e1rmacos contra la Covid-19, Kicillof consider\u00f3 que existe una limitaci\u00f3n \u00abporque han sido vacunas aprobadas en situaci\u00f3n de emergencia\u00bb.<\/p>\n\n\n\n<p>Posteriormente, se refiri\u00f3 a la implementaci\u00f3n del \u00abpase sanitario\u00bb y razon\u00f3 que su administraci\u00f3n apela \u00abantes que nada, a la cuesti\u00f3n de tomar conciencia y que todo el mundo se vacune lo antes posible\u00bb.<\/p>\n\n\n\n<p>Con todo, entendi\u00f3 que \u201cest\u00e1 en juego una cuesti\u00f3n de salud p\u00fablica, no s\u00f3lo individual\u00bb y grafic\u00f3: \u00abLa individual es atendible: si vos me dec\u00eds que quer\u00e9s tomar alg\u00fan peligro o te gusta un deporte de riesgo, pero en este caso esa decisi\u00f3n individual afecta a los dem\u00e1s\u00bb.<\/p>\n\n\n\n<p>Expuso que hacer circular al virus \u00abpuede afectar a\u00fan a los vacunados\u00bb, con lo cual \u00abse est\u00e1 sometiendo a los dem\u00e1s a un riesgo\u00bb e indic\u00f3 que \u00abson temas de salud p\u00fablica y hay que ver todas las formas\u00bb.<\/p>\n\n\n\n<p>\u201cVamos a evaluar las medidas porque hay que ver cuando terminemos de agotar los turnos, nos quedaban un mill\u00f3n de personas, pero hemos abierto la vacuna libre y hay una mejora en el acceso. El objetivo es cubrir de manera completa a la poblaci\u00f3n\u201d, puntualiz\u00f3.<\/p>\n\n\n\n<p>El gobernador dijo adem\u00e1s que la vacunaci\u00f3n \u00abpermiti\u00f3 una recuperaci\u00f3n de la actividad econ\u00f3mica y sobre todo la industria que en la provincia de Buenos Aires muestra niveles ya superiores a la prepandemia\u00bb.<\/p>\n\n\n\n<p>Sin embargo advirti\u00f3 que ese crecimiento \u00abno tiene un derrame natural y una distribuci\u00f3n equitativa\u00bb por lo que insisti\u00f3 en que \u00abes necesario que aparezcan pol\u00edticas p\u00fablicas para mejorarlo\u00bb.<\/p>\n\n\n\n<p>\u00abLas medidas de cr\u00e9dito p\u00fablico y las impositivas que acompa\u00f1aron a muchos sectores en la pandemia ahora son para potenciar la recuperaci\u00f3n\u00bb, destac\u00f3.<\/p>\n","protected":false},"excerpt":{"rendered":"<p>El gobernador bonaerense consider\u00f3 que la aparici\u00f3n de la variante \u00d3micron del coronavirus \u00abdeber\u00eda funcionar como un llamado de atenci\u00f3n\u00bb para que quienes tengan dudas o postergan la decisi\u00f3n de hacerlo, \u00abvayan y se vacunen\u00bb. El gobernador de la provincia &hellip; <a href=\"https:\/\/morenoprimero.com.ar\/archivo\/kicillof-necesitamos-que-se-vacune-absolutamente-todo-el-mundo\/\">Sigue leyendo <span class=\"meta-nav\">&rarr;<\/span><\/a><\/p>\n","protected":false},"author":6,"featured_media":22044,"comment_status":"closed","ping_status":"closed","sticky":false,"template":"","format":"standard","meta":{"footnotes":""},"categories":[3,2329],"tags":[132,94,1470],"class_list":["post-22043","post","type-post","status-publish","format-standard","has-post-thumbnail","hentry","category-importantes","category-provincial","tag-axel-kicillof","tag-covid-19","tag-vacunacion-2"],"_links":{"self":[{"href":"https:\/\/morenoprimero.com.ar\/archivo\/wp-json\/wp\/v2\/posts\/22043","targetHints":{"allow":["GET"]}}],"collection":[{"href":"https:\/\/morenoprimero.com.ar\/archivo\/wp-json\/wp\/v2\/posts"}],"about":[{"href":"https:\/\/morenoprimero.com.ar\/archivo\/wp-json\/wp\/v2\/types\/post"}],"author":[{"embeddable":true,"href":"https:\/\/morenoprimero.com.ar\/archivo\/wp-json\/wp\/v2\/users\/6"}],"replies":[{"embeddable":true,"href":"https:\/\/morenoprimero.com.ar\/archivo\/wp-json\/wp\/v2\/comments?post=22043"}],"version-history":[{"count":1,"href":"https:\/\/morenoprimero.com.ar\/archivo\/wp-json\/wp\/v2\/posts\/22043\/revisions"}],"predecessor-version":[{"id":22045,"href":"https:\/\/morenoprimero.com.ar\/archivo\/wp-json\/wp\/v2\/posts\/22043\/revisions\/22045"}],"wp:featuredmedia":[{"embeddable":true,"href":"https:\/\/morenoprimero.com.ar\/archivo\/wp-json\/wp\/v2\/media\/22044"}],"wp:attachment":[{"href":"https:\/\/morenoprimero.com.ar\/archivo\/wp-json\/wp\/v2\/media?parent=22043"}],"wp:term":[{"taxonomy":"category","embeddable":true,"href":"https:\/\/morenoprimero.com.ar\/archivo\/wp-json\/wp\/v2\/categories?post=22043"},{"taxonomy":"post_tag","embeddable":true,"href":"https:\/\/morenoprimero.com.ar\/archivo\/wp-json\/wp\/v2\/tags?post=22043"}],"curies":[{"name":"wp","href":"https:\/\/api.w.org\/{rel}","templated":true}]}}