{"id":22009,"date":"2021-11-30T19:16:05","date_gmt":"2021-11-30T22:16:05","guid":{"rendered":"https:\/\/morenoprimero.com.ar\/?p=22009"},"modified":"2021-11-30T19:16:05","modified_gmt":"2021-11-30T22:16:05","slug":"con-programas-como-el-potenciar-trabajo-el-estado-nos-abre-muchas-puertas-hacia-otro-destino-son-nuevas-oportunidades-para-crecer","status":"publish","type":"post","link":"https:\/\/morenoprimero.com.ar\/archivo\/con-programas-como-el-potenciar-trabajo-el-estado-nos-abre-muchas-puertas-hacia-otro-destino-son-nuevas-oportunidades-para-crecer\/","title":{"rendered":"\u00abCon programas como el Potenciar Trabajo, el Estado nos abre muchas puertas hacia otro destino, son nuevas oportunidades para crecer\u00bb"},"content":{"rendered":"\n<h5 class=\"wp-block-heading\">Alrededor de medio mill\u00f3n de personas, beneficiarias del plan Potenciar Trabajo a nivel nacional, recibir\u00e1n un bono de 8 mil pesos de cara a las fiestas de fin de a\u00f1o. Diferentes morenenses, nos cuentan c\u00f3mo gracias al programa pueden sostener la econom\u00eda familiar, continuar sus estudios, formarse, y proyectar a futuro.<\/h5>\n\n\n\n<p>El Gobierno confirm\u00f3 este lunes el\u00a0<strong>pago de un bono de 8 mil pesos a los beneficiarios del plan Potenciar Trabajo,\u00a0<\/strong>lo cual permitir\u00e1 que\u00a0<strong>algo m\u00e1s de un mill\u00f3n de personas<\/strong>\u00a0cuenten con ese ingreso extraordinario de cara a las fiestas de fin de a\u00f1o, y como cierre de un ciclo todav\u00eda marcado por la pandemia de coronavirus.<br><br>El Ministerio de Desarrollo Social confirm\u00f3 que el 20 de diciembre, a modo de aguinaldo, se pagar\u00e1 ese bono que equivale a la mitad de la remuneraci\u00f3n mensual para los beneficiarios del Potenciar Trabajo, cuyo monto es de 16.612 pesos.<br><br>Ese haber representa el 50% del Salario M\u00ednimo, Vital y M\u00f3vil, actualizado por el Consejo Nacional del Empleo, la Productividad y el Salario (desde octubre es de 31.938 pesos y a partir de febrero, de 32.616 pesos).<br><br><strong>\u00abEl Ejecutivo analiza siempre mejorar, asistir y estar al lado de los argentinos que la est\u00e1n pasando mal\u00bb,<\/strong>\u00a0expres\u00f3 el ministro de Desarrollo Social, Juan Zabaleta, a los periodistas acreditados en Casa Rosada.<br><br>Zabaleta mantuvo, adem\u00e1s, una reuni\u00f3n con el jefe de Gabinete Juan Manzur, y asegur\u00f3 que este bono forma parte de un conjunto de decisiones que el Gobierno anunciar\u00e1 progresivamente.<br><br>Adem\u00e1s, ratific\u00f3 que contin\u00faa el trabajo en conjunto con el Ministerio de Trabajo, que conduce Claudio Moroni,\u00a0<strong>para el dise\u00f1o de puestos de trabajo que reemplacen a los planes sociales y, con ese objetivo, ya se firmaron convenios en el \u00e1rea de la construcci\u00f3n y de los gastron\u00f3micos.<\/strong><\/p>\n\n\n\n<p><strong>Beneficiarios morenenses<\/strong><\/p>\n\n\n\n<p>Yamila Stampone es beneficiaria del programa y expresa a Moreno Primero que \u201cel potenciar nos ayuda a mejorar como delegaci\u00f3n municipal, llegar al vecino, estar en la calle y aportar para que ac\u00e1 estemos mejor todos\u201d. Previamente, la joven era beneficiaria del Programa Argentina Trabaja, lo que le permiti\u00f3 realizar 5 niveles de Ingles que contemplaba el programa, y gracias a ello es estudiante del Profesorado de Ingl\u00e9s en la Universidad de Luj\u00e1n. &nbsp;<\/p>\n\n\n\n<p>Es por eso que considera: <strong>\u201cEsto es una ayuda m\u00e1s, porque adem\u00e1s de estar trabajando, nos estamos formando y nos permite tener una entrada econ\u00f3mica por nuestra cuenta, haciendo lo que aprendemos dentro del programa.<\/strong> <strong>Con programas como el Potenciar Trabajo, el Estado nos abre muchas puertas hacia otro destino, son nuevas oportunidades para crecer.<\/strong> Nos permite tener una entrada fija y una obra social, eso es muy importante. Hay que tener en cuenta que esto no es para siempre, as\u00ed que hay que saber aprovechar las capacitaciones, las oportunidades que nos dan para formarnos, para terminar la primaria, la secundaria, los cursos, todo para tener herramientas para desenvolvernos el d\u00eda de ma\u00f1ana\u201d.<\/p>\n\n\n\n<div class=\"wp-block-image\"><figure class=\"aligncenter\"><img decoding=\"async\" src=\"https:\/\/morenoprimero.com.ar\/wp-content\/uploads\/2021\/10\/WhatsApp-Image-2021-10-28-at-12.08.11-PM.jpeg\" alt=\"\"\/><\/figure><\/div>\n\n\n\n<p>Por su parte, Cristian Garc\u00eda comenz\u00f3 a trabajar bajo el programa Potenciar Trabajo barriendo calles, luego dentro del programa Escuelas a la Obra y ahora trabajando en las obras de las plazas.. Cristian es estudiante de Ingenier\u00eda Electromec\u00e1nica en la Universidad de General Sarmiento, y cuenta que \u201cantes de ingresar al plan, hac\u00eda changas para continuar con el estudio, se me complicaba porque no era algo con lo que yo pod\u00eda contar siempre porque no era algo seguro. Adem\u00e1s, por una cuesti\u00f3n de tiempo a veces se me complicaba para estudiar. As\u00ed esta ayuda es muy importante para m\u00ed, por eso la cuido y cumplo, es mi trabajo\u201d.<\/p>\n\n\n\n<p>Adem\u00e1s, el joven, remarc\u00f3 la importancia de aprovechar el programa para formarse ya que<strong> \u201cno es suficiente como para vivir solo del Potenciar,\u00a0 es algo complementario y una oportunidad excelente para salir adelante\u201d<\/strong>, y pone de ejemplo a compa\u00f1eros suyos \u201cque gracias al programa pudieron mejorar su calidad de vida\u201d, lo que da cuenta de que el programa \u201ces una gran oportunidad para crecer y aprender\u201d.<\/p>\n\n\n\n<div class=\"wp-block-image\"><figure class=\"aligncenter\"><img decoding=\"async\" src=\"https:\/\/morenoprimero.com.ar\/wp-content\/uploads\/2021\/10\/WhatsApp-Image-2021-10-28-at-5.27.11-PM-1-576x1024-1-576x445.jpg\" alt=\"\"\/><\/figure><\/div>\n\n\n\n<p><strong>Aldana Ponce<\/strong>, por su parte, es mesera en la Reserva Municipal Los Robles, como parte del Potenciar Trabajo. \u201cMe gusta mucho poder trabajar, que nos den esta oportunidad m\u00e1s all\u00e1 del dinero. Es muy lindo estar en Los Robles, compartir con los compa\u00f1eros, se aprende mucho en el d\u00eda a d\u00eda, el trato con la gente es muy lindo. Cuando ves que la gente se va conforme con lo hago, me hace sentir muy bien. Mismo cuando hacemos las capacitaciones, yo hice la de manipulaci\u00f3n de alimentos y estuvo muy bueno, me encanta\u201d, asegur\u00f3 Aldana.<\/p>\n\n\n\n<p>La joven aclara que el potenciar es una ayuda complementaria, ya que \u201ces lo \u00fanico con lo que puedo asegurar los gastos diarios de la casa, es una ayuda no un sueldo. Cumplo horarios, pero como no son todos los d\u00edas, me permite seguir trabajando por mi cuenta, limpio casas y me hago cargo de mi familia\u201d, mientras, espera poder retomar la carrera para ser maestra.<\/p>\n\n\n\n<div class=\"wp-block-image\"><figure class=\"aligncenter\"><img decoding=\"async\" src=\"https:\/\/morenoprimero.com.ar\/wp-content\/uploads\/2021\/10\/Aldana-Ponce-Sabatini-800x445.jpeg\" alt=\"\"\/><\/figure><\/div>\n\n\n\n<h2 class=\"wp-block-heading\">El Presupuesto<\/h2>\n\n\n\n<p>Para este a\u00f1o el Gobierno ampli\u00f3 el Presupuesto en $1,277 billones, destinados en un 70% a jubilaciones, salarios, programas sociales y subsidios, y en un 30% a pol\u00edticas p\u00fablicas, a trav\u00e9s del decreto 809\/2021.<\/p>\n\n\n\n<p>La ampliaci\u00f3n presupuestaria de $1.277.212.656.463 tiene su mayor partida para el Ministerio de Trabajo por $ 271.041.740.407 de los cuales $ 261.341.175.127 son para que la Administraci\u00f3n Nacional de la Seguridad Social (Anses) afronte el pago de jubilaciones.<\/p>\n\n\n\n<p>En segundo lugar, aparece el Ministerio de Desarrollo Territorial, con $ 187.788.206.457 de los cuales $122.794.515.719 son para el Procrear y $ 58.032.383.951 para viviendas sociales.<\/p>\n\n\n\n<p>El Ministerio de Desarrollo Social percibir\u00e1 recursos extraordinarios por $ 115.217.536.814 que repartir\u00e1 entre pol\u00edticas alimentarias, $ 42.645.886.000; y el programa Potenciar Trabajo, $ 59.849.572.346.<\/p>\n\n\n\n<p>\u00abEl gobierno del presidente Alberto Fern\u00e1ndez nunca ha titubeado en invertir recursos para mejorar la vida de nuestra gente y durante la pandemia (de coronavirus), que han sido meses muy dif\u00edciles, nunca ha tenido una pol\u00edtica que haya achicado. Al contrario, siempre ampliamos y vamos a seguir ampliando; siempre vamos a estar acompa\u00f1ando a cada argentino que necesite de la asistencia del Estado\u00bb, expres\u00f3 d\u00edas atr\u00e1s Zabaleta, en declaraciones que realiz\u00f3 desde la Casa Rosada a los canales 10 de Tucum\u00e1n, 9 de Salta y 9 de Chaco.<\/p>\n\n\n\n<p>La idea motora de convertir la ayuda estatal en haberes, como retribuci\u00f3n por trabajo formal, ya consigui\u00f3 avances en conversaciones que Desarrollo Social mantuvo con la Uni\u00f3n Obrera de la Construcci\u00f3n (Uocra), la C\u00e1mara Argentina de la Construcci\u00f3n, y las siete C\u00e1maras Hoteleras y Gastron\u00f3micas, y el Gobierno espera formalizar en los pr\u00f3ximos meses la incorporaci\u00f3n de esos sectores a varias propuestas del Potenciar Trabajo.<\/p>\n\n\n\n<p>El\u00a0<strong>objetivo de m\u00e1xima es \u00abformalizar el trabajo de unos 6,4 millones de argentinos\u00bb<\/strong>, en un camino que ya anot\u00f3 entre sus logros unos 50 mil contratos laborales firmados en apenas 2 meses con peque\u00f1as y medianas empresas del agro.<\/p>\n\n\n\n<p>En octubre pasado, a trav\u00e9s del decreto 711\/2021, el Gobierno oficializ\u00f3 la medida que busca convertir planes sociales en empleo genuino y registrado en el sector privado, transformando las prestaciones o los trabajos precarizados en \u00abincentivos para la contrataci\u00f3n\u00bb bajo la forma de \u00abempleo asalariado registrado en el sector privado\u00bb.<\/p>\n\n\n\n<p>El Estado mantiene su aporte de los 14.500 pesos del programa Potenciar Trabajo como salario base y el resto -para llegar al salario de convenio- lo ponen los productores, emprendedores, contratistas o empresarios que se sumen a la iniciativa.<\/p>\n\n\n\n<p>Otra forma de acompa\u00f1amiento estatal est\u00e1 expresada en el Programa Mi Pieza, que en diciembre tendr\u00e1 su segundo sorteo para definir a las ganadoras de una propuesta que ofrece a mujeres habitantes de barrios populares la posibilidad de ampliar, realizar refacciones y reparaciones en sus casas a trav\u00e9s de dos l\u00edneas de financiamiento, por 100 mil o 240 mil pesos.<\/p>\n\n\n\n<p>En un primer sorteo&nbsp;<strong>ya resultaron ganadoras algo m\u00e1s de 35 mil mujeres y el 1 de diciembre ser\u00e1 el turno del segundo.<\/strong><\/p>\n\n\n\n<p>\u00abLa importancia estrat\u00e9gica de Mi Pieza es que busca revertir situaciones cr\u00edticas, que son producto de la pobreza estructural\u00bb, explicaron desde el Ministerio de Desarrollo Social, conscientes de que el 43,5% de las nuevas inscriptas declar\u00f3 vivir en estado de hacinamiento<\/p>\n\n\n\n<p>En m\u00e1s de una oportunidad, el presidente Alberto Fern\u00e1ndez convoc\u00f3 a \u00abimpulsar el empleo registrado\u00bb y expres\u00f3 su aspiraci\u00f3n de que quienes \u00abhoy son beneficiarios de planes puedan ser empleados en la actividad privada sin perder ese derecho\u00bb.<\/p>\n\n\n\n<p>\u00abCambiar planes por empleo de debe ser nuestro primer objetivo. De ese modo estaremos combatiendo frontalmente a la pobreza que hoy ha sumido a millones de familias argentinas\u00bb, declar\u00f3 el Presidente.<\/p>\n","protected":false},"excerpt":{"rendered":"<p>Alrededor de medio mill\u00f3n de personas, beneficiarias del plan Potenciar Trabajo a nivel nacional, recibir\u00e1n un bono de 8 mil pesos de cara a las fiestas de fin de a\u00f1o. Diferentes morenenses, nos cuentan c\u00f3mo gracias al programa pueden sostener &hellip; <a href=\"https:\/\/morenoprimero.com.ar\/archivo\/con-programas-como-el-potenciar-trabajo-el-estado-nos-abre-muchas-puertas-hacia-otro-destino-son-nuevas-oportunidades-para-crecer\/\">Sigue leyendo <span class=\"meta-nav\">&rarr;<\/span><\/a><\/p>\n","protected":false},"author":6,"featured_media":11370,"comment_status":"closed","ping_status":"closed","sticky":false,"template":"","format":"standard","meta":{"footnotes":""},"categories":[3,2328],"tags":[6,73,966],"class_list":["post-22009","post","type-post","status-publish","format-standard","has-post-thumbnail","hentry","category-importantes","category-local","tag-moreno","tag-potenciar-trabajo","tag-vecinos-de-moreno"],"_links":{"self":[{"href":"https:\/\/morenoprimero.com.ar\/archivo\/wp-json\/wp\/v2\/posts\/22009","targetHints":{"allow":["GET"]}}],"collection":[{"href":"https:\/\/morenoprimero.com.ar\/archivo\/wp-json\/wp\/v2\/posts"}],"about":[{"href":"https:\/\/morenoprimero.com.ar\/archivo\/wp-json\/wp\/v2\/types\/post"}],"author":[{"embeddable":true,"href":"https:\/\/morenoprimero.com.ar\/archivo\/wp-json\/wp\/v2\/users\/6"}],"replies":[{"embeddable":true,"href":"https:\/\/morenoprimero.com.ar\/archivo\/wp-json\/wp\/v2\/comments?post=22009"}],"version-history":[{"count":6,"href":"https:\/\/morenoprimero.com.ar\/archivo\/wp-json\/wp\/v2\/posts\/22009\/revisions"}],"predecessor-version":[{"id":22042,"href":"https:\/\/morenoprimero.com.ar\/archivo\/wp-json\/wp\/v2\/posts\/22009\/revisions\/22042"}],"wp:featuredmedia":[{"embeddable":true,"href":"https:\/\/morenoprimero.com.ar\/archivo\/wp-json\/wp\/v2\/media\/11370"}],"wp:attachment":[{"href":"https:\/\/morenoprimero.com.ar\/archivo\/wp-json\/wp\/v2\/media?parent=22009"}],"wp:term":[{"taxonomy":"category","embeddable":true,"href":"https:\/\/morenoprimero.com.ar\/archivo\/wp-json\/wp\/v2\/categories?post=22009"},{"taxonomy":"post_tag","embeddable":true,"href":"https:\/\/morenoprimero.com.ar\/archivo\/wp-json\/wp\/v2\/tags?post=22009"}],"curies":[{"name":"wp","href":"https:\/\/api.w.org\/{rel}","templated":true}]}}