{"id":21627,"date":"2021-11-19T21:22:52","date_gmt":"2021-11-20T00:22:52","guid":{"rendered":"https:\/\/morenoprimero.com.ar\/?p=21627"},"modified":"2021-11-19T21:37:15","modified_gmt":"2021-11-20T00:37:15","slug":"la-secretaria-de-gobierno-publico-un-comunicado-dirigido-a-las-y-los-trabajadores-municipales","status":"publish","type":"post","link":"https:\/\/morenoprimero.com.ar\/archivo\/la-secretaria-de-gobierno-publico-un-comunicado-dirigido-a-las-y-los-trabajadores-municipales\/","title":{"rendered":"La Secretar\u00eda de Gobierno public\u00f3 un comunicado dirigido a las y los trabajadores municipales"},"content":{"rendered":"\n<p>En medio de diferentes versiones, <strong>la Secretar\u00eda de Gobierno del Municipio present\u00f3 este viernes 19 de noviembre un comunicado aclarando la situaci\u00f3n de las y los trabajadores de Moreno<\/strong>.<\/p>\n\n\n\n<p>Entre los principales puntos a resaltar, el comunicado remarca que los aumentos<strong> paritarios para las y los trabajadores fue de un 62 % acumulado. Cabe destacar que la inflaci\u00f3n por el mismo per\u00edodo, de octubre 2020 a octubre de 2021, fue de 52 %<\/strong> de acuerdo al \u00cdndice de Precios Provincial.<\/p>\n\n\n\n<p>El comunicado tambi\u00e9n da cuenta, con diferentes n\u00fameros, del compromiso de la gesti\u00f3n para con las y los trabajadores: <strong>m\u00e1s de 650 trabajadores y trabajadoras se incorporaron a planta permante, se otorgaron 293 recategorizaciones, cumpliendo el convenio se nivelaron casi 1800 trabajadores\/as, y se incorporaron m\u00e1s de 100 promotoras y promotores de salud al convenio<\/strong>, entre otras cosas.<\/p>\n\n\n\n<p><strong>A continuaci\u00f3n el comunicado:<\/strong><\/p>\n\n\n\n<p>Queridos trabajadores y trabajadoras municipales.<br>El compromiso de esta gesti\u00f3n con los trabajadores y trabajadoras se ha demostrado y se sigue demostrando con hechos:<\/p>\n\n\n\n<p>Los aumentos paritarios de octubre de 2020 a octubre de 2021 han alcanzado el 62% acumulado (es decir 10% oct.2020, 5% dic 2020, 12% feb 2021, 12% jun 2021, 12% oct 2021). La inflaci\u00f3n en ese mismo per\u00edodo fue del 52%, seg\u00fan \u00cdndice de Precios Pcia.<\/p>\n\n\n\n<p>Tomando en cuenta el a\u00f1o calendario 2021, los aumentos alcanzaron el 44% y ofrecimos a los gremios un 8% m\u00e1s para diciembre, por lo que la suba total anual ser\u00eda del 52% acumulado (es decir 12% en feb 2021, 12% en jun 2021, 12% en oct 2021, 8% en dic 2021). La inflaci\u00f3n anual estimada ser\u00e1 del 50%, seg\u00fan \u00cdndice de Precios Pcia.<\/p>\n\n\n\n<p>Adem\u00e1s:<\/p>\n\n\n\n<ul class=\"wp-block-list\"><li>Hemos logrado en esta gesti\u00f3n que los sueldos se depositen el 1ero de cada mes.<\/li><li>Se incorporaron a planta permanente a 650 trabajadores\/as.<\/li><li>Se otorgaron 293 recategorizaciones (hab\u00eda trabajadores con 15 a\u00f1os de antig\u00fcedad sin haber sido recategorizados)<\/li><li>Se nivelaron las categor\u00edas de 1.749 trabajadores\/as, cumpliendo con el convenio.<\/li><li>Se otorgaron 83 prejubilaciones<\/li><li>Ingresaron 15 familiares de trabajadores fallecidos<\/li><li>Se incorpor\u00f3 a 107 promotoras y promotores de salud al convenio, y se mejoraron los escalafones del \u00e1rea de Salud, cumpliendo con un reclamo hist\u00f3rico.<\/li><\/ul>\n\n\n\n<p>Sabemos que nos falta seguir ordenando tantos a\u00f1os de abandono, pero para esta gesti\u00f3n, los trabajadores y trabajadoras municipales son una prioridad para poder llevar soluciones a los vecinos y vecinas de Moreno.<\/p>\n\n\n\n<p>Secretar\u00eda de Gobierno &#8211; Secretar\u00eda de Econom\u00eda<\/p>\n\n\n\n<div class=\"wp-block-image\"><figure class=\"aligncenter size-large\"><a href=\"https:\/\/morenoprimero.com.ar\/wp-content\/uploads\/2021\/11\/comunicado-secretaria-de-gobierno.jpeg\"><img loading=\"lazy\" decoding=\"async\" width=\"1024\" height=\"1024\" src=\"https:\/\/morenoprimero.com.ar\/wp-content\/uploads\/2021\/11\/comunicado-secretaria-de-gobierno-1024x1024.jpeg\" alt=\"\" class=\"wp-image-21628\" srcset=\"https:\/\/morenoprimero.com.ar\/archivo\/wp-content\/uploads\/2021\/11\/comunicado-secretaria-de-gobierno-1024x1024.jpeg 1024w, https:\/\/morenoprimero.com.ar\/archivo\/wp-content\/uploads\/2021\/11\/comunicado-secretaria-de-gobierno-300x300.jpeg 300w, https:\/\/morenoprimero.com.ar\/archivo\/wp-content\/uploads\/2021\/11\/comunicado-secretaria-de-gobierno-150x150.jpeg 150w, https:\/\/morenoprimero.com.ar\/archivo\/wp-content\/uploads\/2021\/11\/comunicado-secretaria-de-gobierno-768x768.jpeg 768w, https:\/\/morenoprimero.com.ar\/archivo\/wp-content\/uploads\/2021\/11\/comunicado-secretaria-de-gobierno.jpeg 1080w\" sizes=\"auto, (max-width: 1024px) 100vw, 1024px\" \/><\/a><\/figure><\/div>\n","protected":false},"excerpt":{"rendered":"<p>En medio de diferentes versiones, la Secretar\u00eda de Gobierno del Municipio present\u00f3 este viernes 19 de noviembre un comunicado aclarando la situaci\u00f3n de las y los trabajadores de Moreno. Entre los principales puntos a resaltar, el comunicado remarca que los &hellip; <a href=\"https:\/\/morenoprimero.com.ar\/archivo\/la-secretaria-de-gobierno-publico-un-comunicado-dirigido-a-las-y-los-trabajadores-municipales\/\">Sigue leyendo <span class=\"meta-nav\">&rarr;<\/span><\/a><\/p>\n","protected":false},"author":6,"featured_media":21628,"comment_status":"open","ping_status":"open","sticky":false,"template":"","format":"standard","meta":{"footnotes":""},"categories":[2,2328],"tags":[6],"class_list":["post-21627","post","type-post","status-publish","format-standard","has-post-thumbnail","hentry","category-destacadas","category-local","tag-moreno"],"_links":{"self":[{"href":"https:\/\/morenoprimero.com.ar\/archivo\/wp-json\/wp\/v2\/posts\/21627","targetHints":{"allow":["GET"]}}],"collection":[{"href":"https:\/\/morenoprimero.com.ar\/archivo\/wp-json\/wp\/v2\/posts"}],"about":[{"href":"https:\/\/morenoprimero.com.ar\/archivo\/wp-json\/wp\/v2\/types\/post"}],"author":[{"embeddable":true,"href":"https:\/\/morenoprimero.com.ar\/archivo\/wp-json\/wp\/v2\/users\/6"}],"replies":[{"embeddable":true,"href":"https:\/\/morenoprimero.com.ar\/archivo\/wp-json\/wp\/v2\/comments?post=21627"}],"version-history":[{"count":2,"href":"https:\/\/morenoprimero.com.ar\/archivo\/wp-json\/wp\/v2\/posts\/21627\/revisions"}],"predecessor-version":[{"id":21630,"href":"https:\/\/morenoprimero.com.ar\/archivo\/wp-json\/wp\/v2\/posts\/21627\/revisions\/21630"}],"wp:featuredmedia":[{"embeddable":true,"href":"https:\/\/morenoprimero.com.ar\/archivo\/wp-json\/wp\/v2\/media\/21628"}],"wp:attachment":[{"href":"https:\/\/morenoprimero.com.ar\/archivo\/wp-json\/wp\/v2\/media?parent=21627"}],"wp:term":[{"taxonomy":"category","embeddable":true,"href":"https:\/\/morenoprimero.com.ar\/archivo\/wp-json\/wp\/v2\/categories?post=21627"},{"taxonomy":"post_tag","embeddable":true,"href":"https:\/\/morenoprimero.com.ar\/archivo\/wp-json\/wp\/v2\/tags?post=21627"}],"curies":[{"name":"wp","href":"https:\/\/api.w.org\/{rel}","templated":true}]}}