{"id":2161,"date":"2020-09-04T13:08:30","date_gmt":"2020-09-04T13:08:30","guid":{"rendered":"https:\/\/morenoprimero.com.ar\/?p=2161"},"modified":"2020-09-04T13:08:30","modified_gmt":"2020-09-04T13:08:30","slug":"el-viernes-4-y-lunes-7-cobran-el-ife-3-los-titulares-con-dni-terminados-en-4","status":"publish","type":"post","link":"https:\/\/morenoprimero.com.ar\/archivo\/el-viernes-4-y-lunes-7-cobran-el-ife-3-los-titulares-con-dni-terminados-en-4\/","title":{"rendered":"EL VIERNES 4 Y LUNES 7 COBRAN EL IFE 3 LOS TITULARES CON DNI TERMINADOS EN 4"},"content":{"rendered":"\n<p><strong><em>El organismo previsional a cargo de&nbsp;<\/em><\/strong><strong><em>Fernanda Raverta<\/em><\/strong><strong><em>&nbsp;informa las prestaciones que se abonar\u00e1n hoy: Ingreso Familiar de Emergencia y Pensiones No Contributivas.<\/em><\/strong><\/p>\n\n\n\n<p><strong>Ingreso Familiar de Emergencia<\/strong><\/p>\n\n\n\n<p>En el marco de la pol\u00edtica de inclusi\u00f3n financiera que lleva adelante la ANSES, hoy cobran el IFE 3 mediante Clave Bancaria Uniforme (CBU)&nbsp;los titulares&nbsp;cuyos documentos terminen en&nbsp;<strong>4<\/strong>. De esta manera, cerca de 300.000 personas por d\u00eda percibir\u00e1n el ingreso.<\/p>\n\n\n\n<p>Se recuerda a los beneficiarios que&nbsp;<strong>no<\/strong>&nbsp;poseen tarjeta de d\u00e9bito que, de corresponder, deber\u00e1n sacar previamente un turno en la entidad bancaria, a fin de evitar demoras en el cobro.<\/p>\n\n\n\n<p>Asimismo, la fecha de cobro debe consultarse, con la Clave de la Seguridad Social, en el aplicativo que figura en la web del organismo. El ingreso se pagar\u00e1 al mismo d\u00edgito final de DNI durante dos d\u00edas h\u00e1biles.<\/p>\n\n\n\n<p><strong>Titulares de Pensiones No Contributivas<\/strong><\/p>\n\n\n\n<p>Las sucursales bancarias habilitadas atender\u00e1n hoy por ventanilla solo a los&nbsp;<strong>titulares de Pensiones No Contributivas (PNC) que deban cobrar su haber de septiembre con documentos terminados en 6 y 7<\/strong>.<\/p>\n\n\n\n<p>En este sentido, si bien estas personas no tienen que solicitar turno previo para cobrar este beneficio,&nbsp;<strong>deben acercarse a la sucursal bancaria \u00fanicamente en la fecha asignada<\/strong>. Cabe recordar que los haberes permanecer\u00e1n depositados en sus cuentas.<\/p>\n\n\n\n<p><strong><a href=\"http:\/\/www.anses.gob.ar\/\" target=\"_blank\" rel=\"noreferrer noopener\">www.anses.gob.ar<\/a><\/strong><\/p>\n","protected":false},"excerpt":{"rendered":"<p>El organismo previsional a cargo de&nbsp;Fernanda Raverta&nbsp;informa las prestaciones que se abonar\u00e1n hoy: Ingreso Familiar de Emergencia y Pensiones No Contributivas. Ingreso Familiar de Emergencia En el marco de la pol\u00edtica de inclusi\u00f3n financiera que lleva adelante la ANSES, hoy &hellip; <a href=\"https:\/\/morenoprimero.com.ar\/archivo\/el-viernes-4-y-lunes-7-cobran-el-ife-3-los-titulares-con-dni-terminados-en-4\/\">Sigue leyendo <span class=\"meta-nav\">&rarr;<\/span><\/a><\/p>\n","protected":false},"author":6,"featured_media":2085,"comment_status":"open","ping_status":"open","sticky":false,"template":"","format":"standard","meta":{"footnotes":""},"categories":[21,20],"tags":[36,35],"class_list":["post-2161","post","type-post","status-publish","format-standard","has-post-thumbnail","hentry","category-interes-general","category-sociedad","tag-anses","tag-ife"],"_links":{"self":[{"href":"https:\/\/morenoprimero.com.ar\/archivo\/wp-json\/wp\/v2\/posts\/2161","targetHints":{"allow":["GET"]}}],"collection":[{"href":"https:\/\/morenoprimero.com.ar\/archivo\/wp-json\/wp\/v2\/posts"}],"about":[{"href":"https:\/\/morenoprimero.com.ar\/archivo\/wp-json\/wp\/v2\/types\/post"}],"author":[{"embeddable":true,"href":"https:\/\/morenoprimero.com.ar\/archivo\/wp-json\/wp\/v2\/users\/6"}],"replies":[{"embeddable":true,"href":"https:\/\/morenoprimero.com.ar\/archivo\/wp-json\/wp\/v2\/comments?post=2161"}],"version-history":[{"count":1,"href":"https:\/\/morenoprimero.com.ar\/archivo\/wp-json\/wp\/v2\/posts\/2161\/revisions"}],"predecessor-version":[{"id":2163,"href":"https:\/\/morenoprimero.com.ar\/archivo\/wp-json\/wp\/v2\/posts\/2161\/revisions\/2163"}],"wp:featuredmedia":[{"embeddable":true,"href":"https:\/\/morenoprimero.com.ar\/archivo\/wp-json\/wp\/v2\/media\/2085"}],"wp:attachment":[{"href":"https:\/\/morenoprimero.com.ar\/archivo\/wp-json\/wp\/v2\/media?parent=2161"}],"wp:term":[{"taxonomy":"category","embeddable":true,"href":"https:\/\/morenoprimero.com.ar\/archivo\/wp-json\/wp\/v2\/categories?post=2161"},{"taxonomy":"post_tag","embeddable":true,"href":"https:\/\/morenoprimero.com.ar\/archivo\/wp-json\/wp\/v2\/tags?post=2161"}],"curies":[{"name":"wp","href":"https:\/\/api.w.org\/{rel}","templated":true}]}}