{"id":21607,"date":"2021-11-19T18:17:33","date_gmt":"2021-11-19T21:17:33","guid":{"rendered":"https:\/\/morenoprimero.com.ar\/?p=21607"},"modified":"2021-11-20T11:54:38","modified_gmt":"2021-11-20T14:54:38","slug":"comenzo-la-expo-del-plantin-floral-2021-en-el-parque-industrial-1","status":"publish","type":"post","link":"https:\/\/morenoprimero.com.ar\/archivo\/comenzo-la-expo-del-plantin-floral-2021-en-el-parque-industrial-1\/","title":{"rendered":"Hoy contin\u00faa la Expo del Plant\u00edn Floral 2021 en el Parque Industrial 1"},"content":{"rendered":"\n<h5 class=\"wp-block-heading\">Ayer viernes 19 de noviembre, la intendenta Mariel Fern\u00e1ndez inaugur\u00f3 la Expo del Plant\u00edn Floral 2021. Durante todo el d\u00eda de hoy y ma\u00f1ana, continuar\u00e1 en el Parque Industrial Municipal 1 con  artistas invitados, charlas educativas, distintos talleres para hacer y una muestra de las flores que crecen en toda la localidad.<\/h5>\n\n\n\n<p><strong>En el predio del Parque Industrial Municipal 1<\/strong>, una multitud de vecinos y vecinas de Moreno y otras localidades llegaron a la inauguraci\u00f3n de la Expo y disfrutaron de un d\u00eda de festejos, charlas, talleres y convivencia.&nbsp;Tambi\u00e9n, se estar\u00e1n llevando a cabo distintos sorteos de plantines donados para las personas que asistan al evento.<\/p>\n\n\n\n<p>Luciana Zumpano, t\u00e9cnica del SENASA del \u00e1rea metropolitana de protecci\u00f3n vegetal, junto a su compa\u00f1era Alejandra Manrique, se presentaron en la Expo para dar a conocer su trabajo. El mismo, <strong>se basa en proteger todo lo que sea la protecci\u00f3n de la producci\u00f3n de vegetales de la zona<\/strong>. Se presentaron a la Expo para entregar folleter\u00eda informativa para que todos los productores se actualicen, informen y formalicen su producci\u00f3n.<\/p>\n\n\n\n<figure class=\"wp-block-image size-large\"><a href=\"https:\/\/morenoprimero.com.ar\/wp-content\/uploads\/2021\/11\/WhatsApp_Image_2021-11-19_at_1.55.52_PM.jpg\"><img loading=\"lazy\" decoding=\"async\" width=\"1024\" height=\"576\" src=\"https:\/\/morenoprimero.com.ar\/wp-content\/uploads\/2021\/11\/WhatsApp_Image_2021-11-19_at_1.55.52_PM-1024x576.jpg\" alt=\"\" class=\"wp-image-21608\" srcset=\"https:\/\/morenoprimero.com.ar\/archivo\/wp-content\/uploads\/2021\/11\/WhatsApp_Image_2021-11-19_at_1.55.52_PM-1024x576.jpg 1024w, https:\/\/morenoprimero.com.ar\/archivo\/wp-content\/uploads\/2021\/11\/WhatsApp_Image_2021-11-19_at_1.55.52_PM-300x169.jpg 300w, https:\/\/morenoprimero.com.ar\/archivo\/wp-content\/uploads\/2021\/11\/WhatsApp_Image_2021-11-19_at_1.55.52_PM-768x432.jpg 768w, https:\/\/morenoprimero.com.ar\/archivo\/wp-content\/uploads\/2021\/11\/WhatsApp_Image_2021-11-19_at_1.55.52_PM-1536x864.jpg 1536w, https:\/\/morenoprimero.com.ar\/archivo\/wp-content\/uploads\/2021\/11\/WhatsApp_Image_2021-11-19_at_1.55.52_PM.jpg 1599w\" sizes=\"auto, (max-width: 1024px) 100vw, 1024px\" \/><\/a><\/figure>\n\n\n\n<p>Tambi\u00e9n asistieron de parte del \u00e1rea natural protegida \u201cDique Ing. Roggero\u201d, quienes contaron que <strong>est\u00e1n mostrando el \u00e1rea&nbsp; invitando a los vecinos y vecinas de todas las localidades<\/strong>, sobre todo la parte de Reserva \u201cLos Robles\u201d. En esta zona, se realizan actividades como yoga, visitas guiadas y educativas, adem\u00e1s de un sector de deportes para que todas y todos disfruten.<\/p>\n\n\n\n<figure class=\"wp-block-gallery columns-2 is-cropped wp-block-gallery-1 is-layout-flex wp-block-gallery-is-layout-flex\"><ul class=\"blocks-gallery-grid\"><li class=\"blocks-gallery-item\"><figure><a href=\"https:\/\/morenoprimero.com.ar\/wp-content\/uploads\/2021\/11\/WhatsApp_Image_2021-11-19_at_1.55.51_PM-1.jpg\"><img loading=\"lazy\" decoding=\"async\" width=\"1024\" height=\"576\" src=\"https:\/\/morenoprimero.com.ar\/wp-content\/uploads\/2021\/11\/WhatsApp_Image_2021-11-19_at_1.55.51_PM-1-1024x576.jpg\" alt=\"\" data-id=\"21609\" data-full-url=\"https:\/\/morenoprimero.com.ar\/wp-content\/uploads\/2021\/11\/WhatsApp_Image_2021-11-19_at_1.55.51_PM-1.jpg\" data-link=\"https:\/\/morenoprimero.com.ar\/?attachment_id=21609\" class=\"wp-image-21609\" srcset=\"https:\/\/morenoprimero.com.ar\/archivo\/wp-content\/uploads\/2021\/11\/WhatsApp_Image_2021-11-19_at_1.55.51_PM-1-1024x576.jpg 1024w, https:\/\/morenoprimero.com.ar\/archivo\/wp-content\/uploads\/2021\/11\/WhatsApp_Image_2021-11-19_at_1.55.51_PM-1-300x169.jpg 300w, https:\/\/morenoprimero.com.ar\/archivo\/wp-content\/uploads\/2021\/11\/WhatsApp_Image_2021-11-19_at_1.55.51_PM-1-768x432.jpg 768w, https:\/\/morenoprimero.com.ar\/archivo\/wp-content\/uploads\/2021\/11\/WhatsApp_Image_2021-11-19_at_1.55.51_PM-1-1536x864.jpg 1536w, https:\/\/morenoprimero.com.ar\/archivo\/wp-content\/uploads\/2021\/11\/WhatsApp_Image_2021-11-19_at_1.55.51_PM-1.jpg 1599w\" sizes=\"auto, (max-width: 1024px) 100vw, 1024px\" \/><\/a><\/figure><\/li><li class=\"blocks-gallery-item\"><figure><a href=\"https:\/\/morenoprimero.com.ar\/wp-content\/uploads\/2021\/11\/WhatsApp_Image_2021-11-19_at_1.55.51_PM.jpg\"><img loading=\"lazy\" decoding=\"async\" width=\"576\" height=\"1024\" src=\"https:\/\/morenoprimero.com.ar\/wp-content\/uploads\/2021\/11\/WhatsApp_Image_2021-11-19_at_1.55.51_PM-576x1024.jpg\" alt=\"\" data-id=\"21610\" data-full-url=\"https:\/\/morenoprimero.com.ar\/wp-content\/uploads\/2021\/11\/WhatsApp_Image_2021-11-19_at_1.55.51_PM.jpg\" data-link=\"https:\/\/morenoprimero.com.ar\/?attachment_id=21610\" class=\"wp-image-21610\" srcset=\"https:\/\/morenoprimero.com.ar\/archivo\/wp-content\/uploads\/2021\/11\/WhatsApp_Image_2021-11-19_at_1.55.51_PM-576x1024.jpg 576w, https:\/\/morenoprimero.com.ar\/archivo\/wp-content\/uploads\/2021\/11\/WhatsApp_Image_2021-11-19_at_1.55.51_PM-169x300.jpg 169w, https:\/\/morenoprimero.com.ar\/archivo\/wp-content\/uploads\/2021\/11\/WhatsApp_Image_2021-11-19_at_1.55.51_PM-768x1366.jpg 768w, https:\/\/morenoprimero.com.ar\/archivo\/wp-content\/uploads\/2021\/11\/WhatsApp_Image_2021-11-19_at_1.55.51_PM-864x1536.jpg 864w, https:\/\/morenoprimero.com.ar\/archivo\/wp-content\/uploads\/2021\/11\/WhatsApp_Image_2021-11-19_at_1.55.51_PM.jpg 899w\" sizes=\"auto, (max-width: 576px) 100vw, 576px\" \/><\/a><\/figure><\/li><\/ul><\/figure>\n\n\n\n<p>Por otra parte, se hizo presente <strong>Ana Giovanettone<\/strong>, coordinadora de la Sociedad Argentina de floricultores y viveristas, organismo que regula y nuclea a los productores de todo tipo de floricultura, as\u00ed como promocionan y difunden la producci\u00f3n y los beneficios que tienen las plantas en la vida cotidiana de las personas.<\/p>\n\n\n\n<p>En la Expo,<strong> est\u00e1n representando al \u00e1rea de floricultores especializados en plantines florales, presentando un libro infantil que educa a los y las ni\u00f1as sobre el cuidado de las plantas y qu\u00e9 beneficios tiene que haya plantas y colores en el mundo, adem\u00e1s de concientizar sobre el cuidado del medio ambiente<\/strong>.<\/p>\n\n\n\n<p>As\u00ed como tambi\u00e9n<strong> est\u00e1n promoviendo los subsidios que parten de la asociaci\u00f3n<\/strong>, para todos aquellos que produzcan m\u00e1s y con mejor calidad, a partir de all\u00ed, la asociaci\u00f3n promueve y los ayuda a generar esta competitividad y mejora de los ambientes en los municipios donde act\u00faan.<\/p>\n\n\n\n<figure class=\"wp-block-gallery columns-2 is-cropped wp-block-gallery-2 is-layout-flex wp-block-gallery-is-layout-flex\"><ul class=\"blocks-gallery-grid\"><li class=\"blocks-gallery-item\"><figure><a href=\"https:\/\/morenoprimero.com.ar\/wp-content\/uploads\/2021\/11\/WhatsApp_Image_2021-11-19_at_4.06.12_PM.jpg\"><img loading=\"lazy\" decoding=\"async\" width=\"1024\" height=\"576\" src=\"https:\/\/morenoprimero.com.ar\/wp-content\/uploads\/2021\/11\/WhatsApp_Image_2021-11-19_at_4.06.12_PM-1024x576.jpg\" alt=\"\" data-id=\"21616\" data-full-url=\"https:\/\/morenoprimero.com.ar\/wp-content\/uploads\/2021\/11\/WhatsApp_Image_2021-11-19_at_4.06.12_PM.jpg\" data-link=\"https:\/\/morenoprimero.com.ar\/?attachment_id=21616\" class=\"wp-image-21616\" srcset=\"https:\/\/morenoprimero.com.ar\/archivo\/wp-content\/uploads\/2021\/11\/WhatsApp_Image_2021-11-19_at_4.06.12_PM-1024x576.jpg 1024w, https:\/\/morenoprimero.com.ar\/archivo\/wp-content\/uploads\/2021\/11\/WhatsApp_Image_2021-11-19_at_4.06.12_PM-300x169.jpg 300w, https:\/\/morenoprimero.com.ar\/archivo\/wp-content\/uploads\/2021\/11\/WhatsApp_Image_2021-11-19_at_4.06.12_PM-768x432.jpg 768w, https:\/\/morenoprimero.com.ar\/archivo\/wp-content\/uploads\/2021\/11\/WhatsApp_Image_2021-11-19_at_4.06.12_PM-1536x864.jpg 1536w, https:\/\/morenoprimero.com.ar\/archivo\/wp-content\/uploads\/2021\/11\/WhatsApp_Image_2021-11-19_at_4.06.12_PM.jpg 1599w\" sizes=\"auto, (max-width: 1024px) 100vw, 1024px\" \/><\/a><\/figure><\/li><li class=\"blocks-gallery-item\"><figure><a href=\"https:\/\/morenoprimero.com.ar\/wp-content\/uploads\/2021\/11\/WhatsApp_Image_2021-11-19_at_4.06.12_PM-1.jpg\"><img loading=\"lazy\" decoding=\"async\" width=\"1024\" height=\"576\" src=\"https:\/\/morenoprimero.com.ar\/wp-content\/uploads\/2021\/11\/WhatsApp_Image_2021-11-19_at_4.06.12_PM-1-1024x576.jpg\" alt=\"\" data-id=\"21615\" data-full-url=\"https:\/\/morenoprimero.com.ar\/wp-content\/uploads\/2021\/11\/WhatsApp_Image_2021-11-19_at_4.06.12_PM-1.jpg\" data-link=\"https:\/\/morenoprimero.com.ar\/?attachment_id=21615\" class=\"wp-image-21615\" srcset=\"https:\/\/morenoprimero.com.ar\/archivo\/wp-content\/uploads\/2021\/11\/WhatsApp_Image_2021-11-19_at_4.06.12_PM-1-1024x576.jpg 1024w, https:\/\/morenoprimero.com.ar\/archivo\/wp-content\/uploads\/2021\/11\/WhatsApp_Image_2021-11-19_at_4.06.12_PM-1-300x169.jpg 300w, https:\/\/morenoprimero.com.ar\/archivo\/wp-content\/uploads\/2021\/11\/WhatsApp_Image_2021-11-19_at_4.06.12_PM-1-768x432.jpg 768w, https:\/\/morenoprimero.com.ar\/archivo\/wp-content\/uploads\/2021\/11\/WhatsApp_Image_2021-11-19_at_4.06.12_PM-1-1536x864.jpg 1536w, https:\/\/morenoprimero.com.ar\/archivo\/wp-content\/uploads\/2021\/11\/WhatsApp_Image_2021-11-19_at_4.06.12_PM-1.jpg 1599w\" sizes=\"auto, (max-width: 1024px) 100vw, 1024px\" \/><\/a><\/figure><\/li><\/ul><\/figure>\n\n\n\n<p>Por \u00faltimo, el Banco de Desarrollo local se hizo presente con un stand para explicar y difundir los cr\u00e9ditos que brindan a todos los interesados en obtener uno. El Banco de Desarrollo Local, entrega tres tipos de financiamiento: <strong>La l\u00ednea asociativa<\/strong>, donde otorgan cr\u00e9ditos a emprendimientos que se unifican para conformar una unidad productiva. Tambi\u00e9n est\u00e1 <strong>la l\u00ednea de cr\u00e9ditos para personas que tienen unidades productivas y asisten al taller de introducci\u00f3n a la econom\u00eda popular<\/strong> y, por \u00faltimo, <strong>el grupo de garant\u00eda solidaria que se trata de unidades productivas que se unen para responsabilizarse solidariamente.<\/strong><\/p>\n\n\n\n<p><\/p>\n","protected":false},"excerpt":{"rendered":"<p>Ayer viernes 19 de noviembre, la intendenta Mariel Fern\u00e1ndez inaugur\u00f3 la Expo del Plant\u00edn Floral 2021. Durante todo el d\u00eda de hoy y ma\u00f1ana, continuar\u00e1 en el Parque Industrial Municipal 1 con artistas invitados, charlas educativas, distintos talleres para hacer &hellip; <a href=\"https:\/\/morenoprimero.com.ar\/archivo\/comenzo-la-expo-del-plantin-floral-2021-en-el-parque-industrial-1\/\">Sigue leyendo <span class=\"meta-nav\">&rarr;<\/span><\/a><\/p>\n","protected":false},"author":6,"featured_media":21611,"comment_status":"closed","ping_status":"closed","sticky":false,"template":"","format":"standard","meta":{"footnotes":""},"categories":[2,2328],"tags":[3365,6,3386],"class_list":["post-21607","post","type-post","status-publish","format-standard","has-post-thumbnail","hentry","category-destacadas","category-local","tag-expo-del-plantin-floral-2021","tag-moreno","tag-plantin-floral"],"_links":{"self":[{"href":"https:\/\/morenoprimero.com.ar\/archivo\/wp-json\/wp\/v2\/posts\/21607","targetHints":{"allow":["GET"]}}],"collection":[{"href":"https:\/\/morenoprimero.com.ar\/archivo\/wp-json\/wp\/v2\/posts"}],"about":[{"href":"https:\/\/morenoprimero.com.ar\/archivo\/wp-json\/wp\/v2\/types\/post"}],"author":[{"embeddable":true,"href":"https:\/\/morenoprimero.com.ar\/archivo\/wp-json\/wp\/v2\/users\/6"}],"replies":[{"embeddable":true,"href":"https:\/\/morenoprimero.com.ar\/archivo\/wp-json\/wp\/v2\/comments?post=21607"}],"version-history":[{"count":6,"href":"https:\/\/morenoprimero.com.ar\/archivo\/wp-json\/wp\/v2\/posts\/21607\/revisions"}],"predecessor-version":[{"id":21632,"href":"https:\/\/morenoprimero.com.ar\/archivo\/wp-json\/wp\/v2\/posts\/21607\/revisions\/21632"}],"wp:featuredmedia":[{"embeddable":true,"href":"https:\/\/morenoprimero.com.ar\/archivo\/wp-json\/wp\/v2\/media\/21611"}],"wp:attachment":[{"href":"https:\/\/morenoprimero.com.ar\/archivo\/wp-json\/wp\/v2\/media?parent=21607"}],"wp:term":[{"taxonomy":"category","embeddable":true,"href":"https:\/\/morenoprimero.com.ar\/archivo\/wp-json\/wp\/v2\/categories?post=21607"},{"taxonomy":"post_tag","embeddable":true,"href":"https:\/\/morenoprimero.com.ar\/archivo\/wp-json\/wp\/v2\/tags?post=21607"}],"curies":[{"name":"wp","href":"https:\/\/api.w.org\/{rel}","templated":true}]}}