{"id":21518,"date":"2021-11-18T19:38:48","date_gmt":"2021-11-18T22:38:48","guid":{"rendered":"https:\/\/morenoprimero.com.ar\/?p=21518"},"modified":"2021-11-18T19:38:49","modified_gmt":"2021-11-18T22:38:49","slug":"estefania-de-dios-moreno-es-la-capital-provincial-del-plantin-floral-240-hectareas-del-municipio-estan-vinculadas-a-la-produccion","status":"publish","type":"post","link":"https:\/\/morenoprimero.com.ar\/archivo\/estefania-de-dios-moreno-es-la-capital-provincial-del-plantin-floral-240-hectareas-del-municipio-estan-vinculadas-a-la-produccion\/","title":{"rendered":"Estefan\u00eda De Dios: \u201cMoreno es la capital provincial del plant\u00edn floral, 240 hect\u00e1reas del municipio est\u00e1n vinculadas a la producci\u00f3n\u201d"},"content":{"rendered":"\n<h5 class=\"wp-block-heading\">Este 19, 20 y 21 de noviembre se realizar\u00e1 la Expo del Plant\u00edn Floral donde se brindar\u00e1n charlas sobre huerta, talleres de flores ornamentales, y habr\u00e1 shows en vivo de \u00abArbolito\u00bb, \u00abPeteco Carabajal\u00bb y \u00abLa Bersuit\u00bb. La coordinadora del Instituto Municipal de Desarrollo Econ\u00f3mico Local (IMDEL), Estefan\u00eda de Dios, expres\u00f3 cu\u00e1les son sus expectativas y qui\u00e9nes participar\u00e1n de la misma.&nbsp;&nbsp;<\/h5>\n\n\n\n<p>La coordinadora del <strong>IMDEL<\/strong>,&nbsp;<strong>Estefania&nbsp;de Dios<\/strong>, expres\u00f3 su alegr\u00eda por la vuelta de la <strong>Expo del Plant\u00edn Floral<\/strong> en <strong>Moreno<\/strong>. All\u00ed, la comunidad floricultora&nbsp;morenense&nbsp;expondr\u00e1 sus producciones y brindar\u00e1n charlas a quienes quieran adentrarse en el rubro.&nbsp;&nbsp;<\/p>\n\n\n\n<p>\u201c<strong>Es una fiesta que no se hizo durante la pandemia, retomarla y traerla a Moreno, que es el coraz\u00f3n de las y los floricultores nos pone muy contentos<\/strong>\u201d, celebr\u00f3 la coordinadora del <strong>IMDEL<\/strong>. Y agreg\u00f3: \u201c<strong>Habr\u00e1 empresas privadas vinculadas al sector, tendremos charlas de distintas instituciones y s\u00e1bado y domingo vamos a tener artesanos, patio gastron\u00f3mico y eventos culturales<\/strong>\u201d.\u00a0<\/p>\n\n\n\n<p>La <strong>expo del Plant\u00edn Floral <\/strong>se realizar\u00e1 este viernes, s\u00e1bado y domingo de 10 a 20 horas en el <strong>Parque Industrial I<\/strong> de <strong>Cuartel V<\/strong>. El evento contar\u00e1 con la participaci\u00f3n de artistas locales y bandas reconocidas tales como, \u201c<strong>Arbolito<\/strong>\u201d y \u201c<strong>Peteco Carabajal<\/strong>\u201d, que tocar\u00e1n el s\u00e1bado por la tarde y contar\u00e1 tambi\u00e9n con la presentaci\u00f3n de \u201c<strong>La Bersuit<\/strong>\u201d, para cerrar con un show especial el domingo por la tarde.\u00a0\u00a0<\/p>\n\n\n\n<figure class=\"wp-block-image size-large\"><a href=\"https:\/\/morenoprimero.com.ar\/wp-content\/uploads\/2021\/11\/WhatsApp-Image-2021-11-18-at-12.32.27-1.jpeg\"><img loading=\"lazy\" decoding=\"async\" width=\"1024\" height=\"1024\" src=\"https:\/\/morenoprimero.com.ar\/wp-content\/uploads\/2021\/11\/WhatsApp-Image-2021-11-18-at-12.32.27-1-1024x1024.jpeg\" alt=\"\" class=\"wp-image-21521\" srcset=\"https:\/\/morenoprimero.com.ar\/archivo\/wp-content\/uploads\/2021\/11\/WhatsApp-Image-2021-11-18-at-12.32.27-1-1024x1024.jpeg 1024w, https:\/\/morenoprimero.com.ar\/archivo\/wp-content\/uploads\/2021\/11\/WhatsApp-Image-2021-11-18-at-12.32.27-1-300x300.jpeg 300w, https:\/\/morenoprimero.com.ar\/archivo\/wp-content\/uploads\/2021\/11\/WhatsApp-Image-2021-11-18-at-12.32.27-1-150x150.jpeg 150w, https:\/\/morenoprimero.com.ar\/archivo\/wp-content\/uploads\/2021\/11\/WhatsApp-Image-2021-11-18-at-12.32.27-1-768x767.jpeg 768w, https:\/\/morenoprimero.com.ar\/archivo\/wp-content\/uploads\/2021\/11\/WhatsApp-Image-2021-11-18-at-12.32.27-1.jpeg 1280w\" sizes=\"auto, (max-width: 1024px) 100vw, 1024px\" \/><\/a><\/figure>\n\n\n\n<p>Por otro lado, <strong>Estefan\u00eda de Dios<\/strong> explic\u00f3 que Moreno \u201c<strong>es la capital provincial del&nbsp;plant\u00edn&nbsp;floral porque es la que m\u00e1s produce m\u00e1s de 12 millones de flores al a\u00f1o en toda la provincia de Buenos Aires<\/strong>\u201d, que el distrito cuenta con m\u00e1s de 100 productores y productoras y agreg\u00f3 que, son \u201c<strong>m\u00e1s de 240&nbsp;hect\u00e1reas&nbsp;en el municipio que est\u00e1n&nbsp;vinculadas a esta producci\u00f3n<\/strong>\u201d.&nbsp;<\/p>\n\n\n\n<figure class=\"wp-block-image size-large\"><a href=\"https:\/\/morenoprimero.com.ar\/wp-content\/uploads\/2021\/11\/WhatsApp-Image-2021-11-18-at-12.32.28.jpeg\"><img loading=\"lazy\" decoding=\"async\" width=\"1024\" height=\"1024\" src=\"https:\/\/morenoprimero.com.ar\/wp-content\/uploads\/2021\/11\/WhatsApp-Image-2021-11-18-at-12.32.28-1024x1024.jpeg\" alt=\"\" class=\"wp-image-21522\" srcset=\"https:\/\/morenoprimero.com.ar\/archivo\/wp-content\/uploads\/2021\/11\/WhatsApp-Image-2021-11-18-at-12.32.28-1024x1024.jpeg 1024w, https:\/\/morenoprimero.com.ar\/archivo\/wp-content\/uploads\/2021\/11\/WhatsApp-Image-2021-11-18-at-12.32.28-300x300.jpeg 300w, https:\/\/morenoprimero.com.ar\/archivo\/wp-content\/uploads\/2021\/11\/WhatsApp-Image-2021-11-18-at-12.32.28-150x150.jpeg 150w, https:\/\/morenoprimero.com.ar\/archivo\/wp-content\/uploads\/2021\/11\/WhatsApp-Image-2021-11-18-at-12.32.28-768x768.jpeg 768w, https:\/\/morenoprimero.com.ar\/archivo\/wp-content\/uploads\/2021\/11\/WhatsApp-Image-2021-11-18-at-12.32.28.jpeg 1080w\" sizes=\"auto, (max-width: 1024px) 100vw, 1024px\" \/><\/a><\/figure>\n\n\n\n<p>La coordinadora sostuvo que es una decisi\u00f3n importante por parte de la intendenta, <strong>Mariel Fern\u00e1ndez,\u00a0<\/strong>de \u201c<strong>llevar una fiesta de estas caracter\u00edsticas al Parque Industrial de Cuartel V, el sector productivo de Moreno<\/strong>\u201d, y que se encuentran trabajando mucho y preparando el lugar. Adem\u00e1s, el evento contar\u00e1 con charlas que realizar\u00e1n integrantes del <strong>Instituto Nacional Tecnolog\u00eda Agropecuaria (INTA),<\/strong> el <strong>Instituto Nacional de Semillas (INASE<\/strong>), talleres participativos de huertas y flores ornamentales.\u00a0\u00a0<\/p>\n\n\n\n<figure class=\"wp-block-image size-large\"><a href=\"https:\/\/morenoprimero.com.ar\/wp-content\/uploads\/2021\/11\/WhatsApp-Image-2021-11-18-at-12.32.29.jpeg\"><img loading=\"lazy\" decoding=\"async\" width=\"1024\" height=\"1024\" src=\"https:\/\/morenoprimero.com.ar\/wp-content\/uploads\/2021\/11\/WhatsApp-Image-2021-11-18-at-12.32.29-1024x1024.jpeg\" alt=\"\" class=\"wp-image-21523\" srcset=\"https:\/\/morenoprimero.com.ar\/archivo\/wp-content\/uploads\/2021\/11\/WhatsApp-Image-2021-11-18-at-12.32.29-1024x1024.jpeg 1024w, https:\/\/morenoprimero.com.ar\/archivo\/wp-content\/uploads\/2021\/11\/WhatsApp-Image-2021-11-18-at-12.32.29-300x300.jpeg 300w, https:\/\/morenoprimero.com.ar\/archivo\/wp-content\/uploads\/2021\/11\/WhatsApp-Image-2021-11-18-at-12.32.29-150x150.jpeg 150w, https:\/\/morenoprimero.com.ar\/archivo\/wp-content\/uploads\/2021\/11\/WhatsApp-Image-2021-11-18-at-12.32.29-768x768.jpeg 768w, https:\/\/morenoprimero.com.ar\/archivo\/wp-content\/uploads\/2021\/11\/WhatsApp-Image-2021-11-18-at-12.32.29.jpeg 1080w\" sizes=\"auto, (max-width: 1024px) 100vw, 1024px\" \/><\/a><\/figure>\n\n\n\n<p>El evento est\u00e1 dirigido a vecinos y vecinas de todas las edades, ya que, habr\u00e1 kermes, patio gastron\u00f3mico, feria de artesanos y artesanas, y podr\u00e1n acercarse diferentes centros de jubilados e instituciones educativas. El acto oficial de inauguraci\u00f3n ser\u00e1 este viernes a las 16 horas con la presencia de la intendenta Mariel Fern\u00e1ndez, autoridades provinciales y nacionales.&nbsp;&nbsp;<\/p>\n","protected":false},"excerpt":{"rendered":"<p>Este 19, 20 y 21 de noviembre se realizar\u00e1 la Expo del Plant\u00edn Floral donde se brindar\u00e1n charlas sobre huerta, talleres de flores ornamentales, y habr\u00e1 shows en vivo de \u00abArbolito\u00bb, \u00abPeteco Carabajal\u00bb y \u00abLa Bersuit\u00bb. La coordinadora del Instituto &hellip; <a href=\"https:\/\/morenoprimero.com.ar\/archivo\/estefania-de-dios-moreno-es-la-capital-provincial-del-plantin-floral-240-hectareas-del-municipio-estan-vinculadas-a-la-produccion\/\">Sigue leyendo <span class=\"meta-nav\">&rarr;<\/span><\/a><\/p>\n","protected":false},"author":6,"featured_media":21565,"comment_status":"closed","ping_status":"closed","sticky":false,"template":"","format":"standard","meta":{"footnotes":""},"categories":[2458,2,21,2328],"tags":[3379,3155,3378,276,6,102],"class_list":["post-21518","post","type-post","status-publish","format-standard","has-post-thumbnail","hentry","category-cuartelv","category-destacadas","category-interes-general","category-local","tag-expo-del-plantin-floral","tag-floricultoras","tag-floricultores","tag-mariel-fernandez","tag-moreno","tag-municipio-de-moreno"],"_links":{"self":[{"href":"https:\/\/morenoprimero.com.ar\/archivo\/wp-json\/wp\/v2\/posts\/21518","targetHints":{"allow":["GET"]}}],"collection":[{"href":"https:\/\/morenoprimero.com.ar\/archivo\/wp-json\/wp\/v2\/posts"}],"about":[{"href":"https:\/\/morenoprimero.com.ar\/archivo\/wp-json\/wp\/v2\/types\/post"}],"author":[{"embeddable":true,"href":"https:\/\/morenoprimero.com.ar\/archivo\/wp-json\/wp\/v2\/users\/6"}],"replies":[{"embeddable":true,"href":"https:\/\/morenoprimero.com.ar\/archivo\/wp-json\/wp\/v2\/comments?post=21518"}],"version-history":[{"count":5,"href":"https:\/\/morenoprimero.com.ar\/archivo\/wp-json\/wp\/v2\/posts\/21518\/revisions"}],"predecessor-version":[{"id":21566,"href":"https:\/\/morenoprimero.com.ar\/archivo\/wp-json\/wp\/v2\/posts\/21518\/revisions\/21566"}],"wp:featuredmedia":[{"embeddable":true,"href":"https:\/\/morenoprimero.com.ar\/archivo\/wp-json\/wp\/v2\/media\/21565"}],"wp:attachment":[{"href":"https:\/\/morenoprimero.com.ar\/archivo\/wp-json\/wp\/v2\/media?parent=21518"}],"wp:term":[{"taxonomy":"category","embeddable":true,"href":"https:\/\/morenoprimero.com.ar\/archivo\/wp-json\/wp\/v2\/categories?post=21518"},{"taxonomy":"post_tag","embeddable":true,"href":"https:\/\/morenoprimero.com.ar\/archivo\/wp-json\/wp\/v2\/tags?post=21518"}],"curies":[{"name":"wp","href":"https:\/\/api.w.org\/{rel}","templated":true}]}}