{"id":2150,"date":"2020-09-04T14:03:05","date_gmt":"2020-09-04T14:03:05","guid":{"rendered":"https:\/\/morenoprimero.com.ar\/?p=2150"},"modified":"2020-09-04T14:03:06","modified_gmt":"2020-09-04T14:03:06","slug":"por-decreto-habra-cupo-laboral-trans-en-el-sector-publico","status":"publish","type":"post","link":"https:\/\/morenoprimero.com.ar\/archivo\/por-decreto-habra-cupo-laboral-trans-en-el-sector-publico\/","title":{"rendered":"POR DECRETO HABR\u00c1 CUPO LABORAL TRANS EN EL SECTOR P\u00daBLICO"},"content":{"rendered":"\n<h4 class=\"wp-block-heading\">El gobierno lo anunci\u00f3 a trav\u00e9s del bolet\u00edn oficial y estableci\u00f3 que el estado deber\u00e1 contar con el 1% de representaci\u00f3n travesti, trans y transg\u00e9nero.<\/h4>\n\n\n\n<figure class=\"wp-block-image size-large\"><img loading=\"lazy\" decoding=\"async\" width=\"780\" height=\"470\" src=\"https:\/\/morenoprimero.com.ar\/wp-content\/uploads\/2020\/09\/cupooooooooooo.jpg\" alt=\"\" class=\"wp-image-2151\" srcset=\"https:\/\/morenoprimero.com.ar\/archivo\/wp-content\/uploads\/2020\/09\/cupooooooooooo.jpg 780w, https:\/\/morenoprimero.com.ar\/archivo\/wp-content\/uploads\/2020\/09\/cupooooooooooo-300x181.jpg 300w, https:\/\/morenoprimero.com.ar\/archivo\/wp-content\/uploads\/2020\/09\/cupooooooooooo-768x463.jpg 768w\" sizes=\"auto, (max-width: 780px) 100vw, 780px\" \/><\/figure>\n\n\n\n<p>El gobierno public\u00f3 en el bolet\u00edn oficial el decreto por el cual permite a las personas travestis, trans y trang\u00e9neros ocupar el 1% del sector p\u00fablico hayan o no efectuado la rectificaci\u00f3n registral del sexo y el cambio de nombre de pila e imagen.&nbsp;<\/p>\n\n\n\n<p>El decreto 721\/2020 fue firmado por el presidente Alberto Fern\u00e1ndez, el jefe de gabinete Santiago Cafiero y la ministra de Mujeres, G\u00e9neros y Diversidad, Elizabeth Gomez Alcorta. Para que el cupo se pueda completar se crear\u00e1 un registro voluntario para que todas las personas travestis, trans y transg\u00e9nero se puedan anotar para trabajar en el sector p\u00fablico nacional. <\/p>\n\n\n\n<p>Adem\u00e1s, se destaca en el Decreto que \u00absi las personas aspirantes a los puestos de trabajo no completaron su educaci\u00f3n&nbsp;se permitir\u00e1 su ingreso con la condici\u00f3n de cursar el o los niveles educativos faltantes y finalizarlos\u00bb. <\/p>\n\n\n\n<p><\/p>\n","protected":false},"excerpt":{"rendered":"<p>El gobierno lo anunci\u00f3 a trav\u00e9s del bolet\u00edn oficial y estableci\u00f3 que el estado deber\u00e1 contar con el 1% de representaci\u00f3n travesti, trans y transg\u00e9nero. El gobierno public\u00f3 en el bolet\u00edn oficial el decreto por el cual permite a las &hellip; <a href=\"https:\/\/morenoprimero.com.ar\/archivo\/por-decreto-habra-cupo-laboral-trans-en-el-sector-publico\/\">Sigue leyendo <span class=\"meta-nav\">&rarr;<\/span><\/a><\/p>\n","protected":false},"author":6,"featured_media":2159,"comment_status":"open","ping_status":"open","sticky":false,"template":"","format":"standard","meta":{"footnotes":""},"categories":[27],"tags":[591,592,593,595],"class_list":["post-2150","post","type-post","status-publish","format-standard","has-post-thumbnail","hentry","category-politica","tag-comunidad-travesti-trans-y-transgenero","tag-cupo-laboral","tag-gobierno-de-la-republica-argentina","tag-ministerior-de-mujeres-generos-y-diversidad"],"_links":{"self":[{"href":"https:\/\/morenoprimero.com.ar\/archivo\/wp-json\/wp\/v2\/posts\/2150","targetHints":{"allow":["GET"]}}],"collection":[{"href":"https:\/\/morenoprimero.com.ar\/archivo\/wp-json\/wp\/v2\/posts"}],"about":[{"href":"https:\/\/morenoprimero.com.ar\/archivo\/wp-json\/wp\/v2\/types\/post"}],"author":[{"embeddable":true,"href":"https:\/\/morenoprimero.com.ar\/archivo\/wp-json\/wp\/v2\/users\/6"}],"replies":[{"embeddable":true,"href":"https:\/\/morenoprimero.com.ar\/archivo\/wp-json\/wp\/v2\/comments?post=2150"}],"version-history":[{"count":2,"href":"https:\/\/morenoprimero.com.ar\/archivo\/wp-json\/wp\/v2\/posts\/2150\/revisions"}],"predecessor-version":[{"id":2165,"href":"https:\/\/morenoprimero.com.ar\/archivo\/wp-json\/wp\/v2\/posts\/2150\/revisions\/2165"}],"wp:featuredmedia":[{"embeddable":true,"href":"https:\/\/morenoprimero.com.ar\/archivo\/wp-json\/wp\/v2\/media\/2159"}],"wp:attachment":[{"href":"https:\/\/morenoprimero.com.ar\/archivo\/wp-json\/wp\/v2\/media?parent=2150"}],"wp:term":[{"taxonomy":"category","embeddable":true,"href":"https:\/\/morenoprimero.com.ar\/archivo\/wp-json\/wp\/v2\/categories?post=2150"},{"taxonomy":"post_tag","embeddable":true,"href":"https:\/\/morenoprimero.com.ar\/archivo\/wp-json\/wp\/v2\/tags?post=2150"}],"curies":[{"name":"wp","href":"https:\/\/api.w.org\/{rel}","templated":true}]}}