{"id":21341,"date":"2021-11-15T19:49:29","date_gmt":"2021-11-15T22:49:29","guid":{"rendered":"https:\/\/morenoprimero.com.ar\/?p=21341"},"modified":"2021-11-15T19:49:29","modified_gmt":"2021-11-15T22:49:29","slug":"noemi-aguilera-moreno-es-un-pueblo-peronista-y-vamos-a-seguir-apostando-al-peronismo-que-es-amor","status":"publish","type":"post","link":"https:\/\/morenoprimero.com.ar\/archivo\/noemi-aguilera-moreno-es-un-pueblo-peronista-y-vamos-a-seguir-apostando-al-peronismo-que-es-amor\/","title":{"rendered":"Noem\u00ed Aguilera: \u201cMoreno es un pueblo peronista, y vamos a seguir apostando al peronismo, que es amor\u201d"},"content":{"rendered":"\n<h5 class=\"wp-block-heading\">Noem\u00ed Aguilera, actual coordinadora de las delegaciones de Moreno y concejala electa por el Frente de Todos, manifest\u00f3 su alegr\u00eda sobre las \u00faltimas elecciones y cont\u00f3 todo lo que se viene en Moreno.<\/h5>\n\n\n\n<p>Noem\u00ed Aguilera es militante del Movimiento Evita, la actual coordinadora de las delegaciones de Moreno y fue elegida como concejala por el Frente de Todos, se expres\u00f3 al respecto de las \u00faltimas elecciones y mostr\u00f3 su felicidad por ser electa por las y los vecinos de Moreno. Al respecto, expres\u00f3: <strong>\u201cYo vengo haciendo militancia desde muy chica y siempre fue igual, estar al lado del pueblo, organizarse con vecinos y vecinas, y as\u00ed va a seguir siendo. Como siempre decimos, hay que hacer part\u00edcipe al vecino de la gesti\u00f3n, porque el Estado somos todos\u201d.<\/strong><\/p>\n\n\n\n<p>Tambi\u00e9n, la concejala electa, manifest\u00f3: <strong>\u201cEstoy muy contenta, vali\u00f3 la pena el sacrificio, el compromiso, y la militancia que hicimos entre todos. Nuestra f\u00f3rmula fue ir a buscar los votos, a esos vecinos y vecinas que no fueron a votar, llegar ellos y ellas, y generar un di\u00e1logo donde podamos transmitir la importancia de ese voto\u201d.<\/strong> Y, agreg\u00f3: \u201cPero es eso, trabajar con la comunidad, y desde ese rol voy a seguir haciendo eso, trabajar para y por la comunidad, y no los voy a defraudar porque yo tambi\u00e9n soy parte de este pueblo, y quiero mejor para moreno, que ya se nota much\u00edsimo el cambio con todo lo que se hizo, en dos a\u00f1os de gesti\u00f3n y con una pandemia de por medio.\u00a0 El vecino lo nota, lo siente y lo ve\u201d.<\/p>\n\n\n\n<p>Sobre lo que representa Moreno y el peronismo para ella, dijo que \u201csiento una mezcla de sensaciones, pero sobre todo feliz. Moreno es un pueblo peronista, y vamos a seguir apostando al peronismo, que es amor. <strong>Porque eso es el verdadero peronismo, el amor al pueblo, y yo sent\u00ed que el peronismo volvi\u00f3 a creer en el amor. Y que se va construyendo desde el amor y la esperanza\u201d.<\/strong><\/p>\n\n\n\n<p>Una de las claves para obtener la victoria en el distrito de Moreno, adem\u00e1s de la gesti\u00f3n de la intendenta Mariel Fern\u00e1ndez, fue la gran militancia que se llev\u00f3 a cabo. Y, Noem\u00ed, cont\u00f3 al respecto: \u201cYo camino todos los d\u00edas, por todos los barrios, y lo que siento es eso, el amor de muchos vecinos y vecinas, y<strong> soy peronista por eso, porque creo en el amor, y si no es con amor no construimos nada\u201d.<\/strong><\/p>\n\n\n\n<figure class=\"wp-block-gallery columns-2 is-cropped wp-block-gallery-1 is-layout-flex wp-block-gallery-is-layout-flex\"><ul class=\"blocks-gallery-grid\"><li class=\"blocks-gallery-item\"><figure><a href=\"https:\/\/morenoprimero.com.ar\/wp-content\/uploads\/2021\/11\/256387296_4267916823317262_3329601741817539146_n.jpg\"><img loading=\"lazy\" decoding=\"async\" width=\"1024\" height=\"683\" src=\"https:\/\/morenoprimero.com.ar\/wp-content\/uploads\/2021\/11\/256387296_4267916823317262_3329601741817539146_n-1024x683.jpg\" alt=\"\" data-id=\"21350\" data-full-url=\"https:\/\/morenoprimero.com.ar\/wp-content\/uploads\/2021\/11\/256387296_4267916823317262_3329601741817539146_n.jpg\" data-link=\"https:\/\/morenoprimero.com.ar\/?attachment_id=21350\" class=\"wp-image-21350\" srcset=\"https:\/\/morenoprimero.com.ar\/archivo\/wp-content\/uploads\/2021\/11\/256387296_4267916823317262_3329601741817539146_n-1024x683.jpg 1024w, https:\/\/morenoprimero.com.ar\/archivo\/wp-content\/uploads\/2021\/11\/256387296_4267916823317262_3329601741817539146_n-300x200.jpg 300w, https:\/\/morenoprimero.com.ar\/archivo\/wp-content\/uploads\/2021\/11\/256387296_4267916823317262_3329601741817539146_n-768x512.jpg 768w, https:\/\/morenoprimero.com.ar\/archivo\/wp-content\/uploads\/2021\/11\/256387296_4267916823317262_3329601741817539146_n.jpg 1080w\" sizes=\"auto, (max-width: 1024px) 100vw, 1024px\" \/><\/a><\/figure><\/li><li class=\"blocks-gallery-item\"><figure><a href=\"https:\/\/morenoprimero.com.ar\/wp-content\/uploads\/2021\/11\/248440406_4267916829983928_6314236036513794038_n.jpg\"><img loading=\"lazy\" decoding=\"async\" width=\"1024\" height=\"683\" src=\"https:\/\/morenoprimero.com.ar\/wp-content\/uploads\/2021\/11\/248440406_4267916829983928_6314236036513794038_n-1024x683.jpg\" alt=\"\" data-id=\"21351\" data-full-url=\"https:\/\/morenoprimero.com.ar\/wp-content\/uploads\/2021\/11\/248440406_4267916829983928_6314236036513794038_n.jpg\" data-link=\"https:\/\/morenoprimero.com.ar\/?attachment_id=21351\" class=\"wp-image-21351\" srcset=\"https:\/\/morenoprimero.com.ar\/archivo\/wp-content\/uploads\/2021\/11\/248440406_4267916829983928_6314236036513794038_n-1024x683.jpg 1024w, https:\/\/morenoprimero.com.ar\/archivo\/wp-content\/uploads\/2021\/11\/248440406_4267916829983928_6314236036513794038_n-300x200.jpg 300w, https:\/\/morenoprimero.com.ar\/archivo\/wp-content\/uploads\/2021\/11\/248440406_4267916829983928_6314236036513794038_n-768x512.jpg 768w, https:\/\/morenoprimero.com.ar\/archivo\/wp-content\/uploads\/2021\/11\/248440406_4267916829983928_6314236036513794038_n.jpg 1080w\" sizes=\"auto, (max-width: 1024px) 100vw, 1024px\" \/><\/a><\/figure><\/li><\/ul><\/figure>\n\n\n\n<p>Y coment\u00f3 tambi\u00e9n el rol que tiene Mariel Fern\u00e1ndez en los j\u00f3venes militantes, diciendo que \u201cen este nuevo rol que voy a cumplir va a ser con esa l\u00f3gica, con mucho amor y acompa\u00f1ando <strong>al proyecto de nuestra compa\u00f1era Mariel que gracias a ella tambi\u00e9n hoy estoy en ese lugar, que confi\u00f3 en m\u00ed y me dio la confianza para estar hoy ac\u00e1, y por eso siento mucha emoci\u00f3n, porque es una compa\u00f1era de fierro que admiro un mont\u00f3n, la amo a mi compa\u00f1era y amiga porque me llena de orgullo tener una compa\u00f1era como la que tenemos, porque hay que estar en los zapatos de esa mujer, y siento orgullo de la construcci\u00f3n que est\u00e1 llevando a cabo ella, junto a muchos y muchas militantes, porque todo esto lo logramos entre todos y todas\u201d.<\/strong><\/p>\n\n\n\n<p>Con vistas al futuro del municipio, donde quedan al menos dos a\u00f1os m\u00e1s de la gesti\u00f3n actual, dijo: \u201cEn estos dos a\u00f1os que siguen, la tarea es seguir construyendo desde la comunidad y mejorar todo lo que podamos, junto con el apoyo del gobierno provincial y nacional. <strong>El a\u00f1o que viene va a haber grandes obras muy importantes en Cuartel V, en diferentes barrios que vienen de un profundo abandono de a\u00f1os, y as\u00ed en todas las localidades.<\/strong> Por tanto el trabajo es seguir construyendo con amor y compromiso hac\u00eda nuestro pueblo.\u00a0 Estoy manteniendo diferentes reuniones con vecinos y vecinas, junto al IDUAR para proyectar estas obras\u201d. Aguilera, agreg\u00f3 que \u201cEn cuartel V se hicieron muchas obras, la Ruta 24, el cuartel de Bomberos, el hospital, la recolecci\u00f3n de residuos son solo algunas de ellas, y con respecto a esta \u00faltima me he sentado con muchos carreros para seguir ordenando y continuar con la limpieza de Moreno\u201d.<\/p>\n\n\n\n<p>Otra de las claves del \u00e9xito que tiene la gesti\u00f3n en Moreno, es el rol de los j\u00f3venes en ir puerta por puerta y escuchar a todos y todas las vecinas del distrito. Y, Noem\u00ed, declar\u00f3 que \u201cmi rol va a ser defender el proyecto de Mariel y del pueblo y trabajar en eso, yo voy a seguir construyendo desde ah\u00ed. <strong>Yo no me voy a quedar en la oficina, yo voy a salir a hablar con los vecinos, a explicarle cuales son los proyectos, voy a seguir trabajando para, y con la comunidad, y armar los proyectos en conjunto con ellos\u201d<\/strong>.<\/p>\n\n\n\n<p>\u201cMientras del otro lado usan palabras y herramientas de mentiras para hacer campa\u00f1a, de este lado recibimos un gran apoyo de los vecinos y vecinas, y veo la construcci\u00f3n desde ah\u00ed, con trabajo, con compromiso y junto al pueblo\u201d, finaliz\u00f3 Noem\u00ed Aguilera.\u00a0<\/p>\n","protected":false},"excerpt":{"rendered":"<p>Noem\u00ed Aguilera, actual coordinadora de las delegaciones de Moreno y concejala electa por el Frente de Todos, manifest\u00f3 su alegr\u00eda sobre las \u00faltimas elecciones y cont\u00f3 todo lo que se viene en Moreno. Noem\u00ed Aguilera es militante del Movimiento Evita, &hellip; <a href=\"https:\/\/morenoprimero.com.ar\/archivo\/noemi-aguilera-moreno-es-un-pueblo-peronista-y-vamos-a-seguir-apostando-al-peronismo-que-es-amor\/\">Sigue leyendo <span class=\"meta-nav\">&rarr;<\/span><\/a><\/p>\n","protected":false},"author":6,"featured_media":21353,"comment_status":"closed","ping_status":"closed","sticky":false,"template":"","format":"standard","meta":{"footnotes":""},"categories":[2,2328],"tags":[276,6,2473],"class_list":["post-21341","post","type-post","status-publish","format-standard","has-post-thumbnail","hentry","category-destacadas","category-local","tag-mariel-fernandez","tag-moreno","tag-noemi-aguilera"],"_links":{"self":[{"href":"https:\/\/morenoprimero.com.ar\/archivo\/wp-json\/wp\/v2\/posts\/21341","targetHints":{"allow":["GET"]}}],"collection":[{"href":"https:\/\/morenoprimero.com.ar\/archivo\/wp-json\/wp\/v2\/posts"}],"about":[{"href":"https:\/\/morenoprimero.com.ar\/archivo\/wp-json\/wp\/v2\/types\/post"}],"author":[{"embeddable":true,"href":"https:\/\/morenoprimero.com.ar\/archivo\/wp-json\/wp\/v2\/users\/6"}],"replies":[{"embeddable":true,"href":"https:\/\/morenoprimero.com.ar\/archivo\/wp-json\/wp\/v2\/comments?post=21341"}],"version-history":[{"count":2,"href":"https:\/\/morenoprimero.com.ar\/archivo\/wp-json\/wp\/v2\/posts\/21341\/revisions"}],"predecessor-version":[{"id":21354,"href":"https:\/\/morenoprimero.com.ar\/archivo\/wp-json\/wp\/v2\/posts\/21341\/revisions\/21354"}],"wp:featuredmedia":[{"embeddable":true,"href":"https:\/\/morenoprimero.com.ar\/archivo\/wp-json\/wp\/v2\/media\/21353"}],"wp:attachment":[{"href":"https:\/\/morenoprimero.com.ar\/archivo\/wp-json\/wp\/v2\/media?parent=21341"}],"wp:term":[{"taxonomy":"category","embeddable":true,"href":"https:\/\/morenoprimero.com.ar\/archivo\/wp-json\/wp\/v2\/categories?post=21341"},{"taxonomy":"post_tag","embeddable":true,"href":"https:\/\/morenoprimero.com.ar\/archivo\/wp-json\/wp\/v2\/tags?post=21341"}],"curies":[{"name":"wp","href":"https:\/\/api.w.org\/{rel}","templated":true}]}}