{"id":21231,"date":"2021-11-12T12:36:12","date_gmt":"2021-11-12T15:36:12","guid":{"rendered":"https:\/\/morenoprimero.com.ar\/?p=21231"},"modified":"2021-11-13T12:58:25","modified_gmt":"2021-11-13T15:58:25","slug":"sabado-de-feria-y-paseo-en-la-rotonda-del-museo-amancio-alcorta","status":"publish","type":"post","link":"https:\/\/morenoprimero.com.ar\/archivo\/sabado-de-feria-y-paseo-en-la-rotonda-del-museo-amancio-alcorta\/","title":{"rendered":"S\u00e1bado de feria y paseo en la rotonda del museo Amancio Alcorta"},"content":{"rendered":"\n<h5 class=\"wp-block-heading\">A 62 a\u00f1os del fallecimiento del pintor y dibujante, Florencio Molina Campos, se dar\u00e1 inicio en Moreno a la semana en conmemoraci\u00f3n al artista, que contar\u00e1 con diversas propuestas abiertas al p\u00fablico. Es la tercera vez que se llevar\u00e1 a cabo esta feria<\/h5>\n\n\n\n<p>Haci\u00e9ndole honor al pintor,  Florencio Molina Campos, que en mayo de 1955 inaugur\u00f3 en el distrito morenense la escuela \u00abGaspar Campos\u00bb, ahora conocida como la Escuela N\u00b020 Florencio Molina Campos, para chicos y chicas de Cascallares, el municipio ofrece una amplitud de propuestas recreativas. Es la tercera vez que se llevar\u00e1 a cabo esta feria, siendo uno de los eventos sociales m\u00e1s importantes de la localidad.<\/p>\n\n\n\n<p>Este s\u00e1bado 13 de noviembre, a partir de las 11 hasta las 18 horas, en la rotonda del museo Amancio Alcorta, se desarrollar\u00e1 la feria de artesanos del museo que contar\u00e1 con la participaci\u00f3n de los feriantes del municipio que trabajan en articulaci\u00f3n con el Instituto Municipal de Desarrollo Econ\u00f3mico Local (IMDEL).<\/p>\n\n\n\n<figure class=\"wp-block-gallery columns-2 is-cropped wp-block-gallery-1 is-layout-flex wp-block-gallery-is-layout-flex\"><ul class=\"blocks-gallery-grid\"><li class=\"blocks-gallery-item\"><figure><a href=\"https:\/\/morenoprimero.com.ar\/wp-content\/uploads\/2021\/11\/FERIA-EN-EL-MUSEO-AMANCIO-ALCORTA-1.jpg\"><img loading=\"lazy\" decoding=\"async\" width=\"526\" height=\"526\" src=\"https:\/\/morenoprimero.com.ar\/wp-content\/uploads\/2021\/11\/FERIA-EN-EL-MUSEO-AMANCIO-ALCORTA-1.jpg\" alt=\"\" data-id=\"21236\" class=\"wp-image-21236\" srcset=\"https:\/\/morenoprimero.com.ar\/archivo\/wp-content\/uploads\/2021\/11\/FERIA-EN-EL-MUSEO-AMANCIO-ALCORTA-1.jpg 526w, https:\/\/morenoprimero.com.ar\/archivo\/wp-content\/uploads\/2021\/11\/FERIA-EN-EL-MUSEO-AMANCIO-ALCORTA-1-300x300.jpg 300w, https:\/\/morenoprimero.com.ar\/archivo\/wp-content\/uploads\/2021\/11\/FERIA-EN-EL-MUSEO-AMANCIO-ALCORTA-1-150x150.jpg 150w\" sizes=\"auto, (max-width: 526px) 100vw, 526px\" \/><\/a><\/figure><\/li><li class=\"blocks-gallery-item\"><figure><a href=\"https:\/\/morenoprimero.com.ar\/wp-content\/uploads\/2021\/11\/IMG-20211112-WA0016.jpg\"><img loading=\"lazy\" decoding=\"async\" width=\"900\" height=\"900\" src=\"https:\/\/morenoprimero.com.ar\/wp-content\/uploads\/2021\/11\/IMG-20211112-WA0016.jpg\" alt=\"\" data-id=\"21263\" data-full-url=\"https:\/\/morenoprimero.com.ar\/wp-content\/uploads\/2021\/11\/IMG-20211112-WA0016.jpg\" data-link=\"https:\/\/morenoprimero.com.ar\/?attachment_id=21263\" class=\"wp-image-21263\" srcset=\"https:\/\/morenoprimero.com.ar\/archivo\/wp-content\/uploads\/2021\/11\/IMG-20211112-WA0016.jpg 900w, https:\/\/morenoprimero.com.ar\/archivo\/wp-content\/uploads\/2021\/11\/IMG-20211112-WA0016-300x300.jpg 300w, https:\/\/morenoprimero.com.ar\/archivo\/wp-content\/uploads\/2021\/11\/IMG-20211112-WA0016-150x150.jpg 150w, https:\/\/morenoprimero.com.ar\/archivo\/wp-content\/uploads\/2021\/11\/IMG-20211112-WA0016-768x768.jpg 768w\" sizes=\"auto, (max-width: 900px) 100vw, 900px\" \/><\/a><\/figure><\/li><\/ul><\/figure>\n\n\n\n<p>En paralelo a la presencia de la feria, a partir de las 10.30 horas habr\u00e1 una clase abierta de yoga, a continuaci\u00f3n, actividades paras las y los m\u00e1s peque\u00f1os de la familia,<strong> \u00abJuguemos a a ser paleont\u00f3logos y arque\u00f3logos\u00bb<\/strong>. Y desde las 15 horas se estar\u00e1n presentando Lucas Baldi El Orejano, el recitador Carlos Chavanne y el payador \u00c1ngel Barrera.<\/p>\n\n\n\n<p>La jornada del s\u00e1bado, culminar\u00e1 con un cierre musical que invita a participar a la familia de un d\u00eda plagado de actividades para grandes y chicos, disfrutando de la recreaci\u00f3n, los shows musicales y las variedades de artesan\u00edas que presentan los feriantes del distrito.<\/p>\n","protected":false},"excerpt":{"rendered":"<p>A 62 a\u00f1os del fallecimiento del pintor y dibujante, Florencio Molina Campos, se dar\u00e1 inicio en Moreno a la semana en conmemoraci\u00f3n al artista, que contar\u00e1 con diversas propuestas abiertas al p\u00fablico. Es la tercera vez que se llevar\u00e1 a &hellip; <a href=\"https:\/\/morenoprimero.com.ar\/archivo\/sabado-de-feria-y-paseo-en-la-rotonda-del-museo-amancio-alcorta\/\">Sigue leyendo <span class=\"meta-nav\">&rarr;<\/span><\/a><\/p>\n","protected":false},"author":6,"featured_media":21232,"comment_status":"closed","ping_status":"closed","sticky":false,"template":"","format":"standard","meta":{"footnotes":""},"categories":[2328],"tags":[3362,6,102],"class_list":["post-21231","post","type-post","status-publish","format-standard","has-post-thumbnail","hentry","category-local","tag-feria-municipal","tag-moreno","tag-municipio-de-moreno"],"_links":{"self":[{"href":"https:\/\/morenoprimero.com.ar\/archivo\/wp-json\/wp\/v2\/posts\/21231","targetHints":{"allow":["GET"]}}],"collection":[{"href":"https:\/\/morenoprimero.com.ar\/archivo\/wp-json\/wp\/v2\/posts"}],"about":[{"href":"https:\/\/morenoprimero.com.ar\/archivo\/wp-json\/wp\/v2\/types\/post"}],"author":[{"embeddable":true,"href":"https:\/\/morenoprimero.com.ar\/archivo\/wp-json\/wp\/v2\/users\/6"}],"replies":[{"embeddable":true,"href":"https:\/\/morenoprimero.com.ar\/archivo\/wp-json\/wp\/v2\/comments?post=21231"}],"version-history":[{"count":4,"href":"https:\/\/morenoprimero.com.ar\/archivo\/wp-json\/wp\/v2\/posts\/21231\/revisions"}],"predecessor-version":[{"id":21264,"href":"https:\/\/morenoprimero.com.ar\/archivo\/wp-json\/wp\/v2\/posts\/21231\/revisions\/21264"}],"wp:featuredmedia":[{"embeddable":true,"href":"https:\/\/morenoprimero.com.ar\/archivo\/wp-json\/wp\/v2\/media\/21232"}],"wp:attachment":[{"href":"https:\/\/morenoprimero.com.ar\/archivo\/wp-json\/wp\/v2\/media?parent=21231"}],"wp:term":[{"taxonomy":"category","embeddable":true,"href":"https:\/\/morenoprimero.com.ar\/archivo\/wp-json\/wp\/v2\/categories?post=21231"},{"taxonomy":"post_tag","embeddable":true,"href":"https:\/\/morenoprimero.com.ar\/archivo\/wp-json\/wp\/v2\/tags?post=21231"}],"curies":[{"name":"wp","href":"https:\/\/api.w.org\/{rel}","templated":true}]}}