{"id":21117,"date":"2021-11-11T15:36:07","date_gmt":"2021-11-11T18:36:07","guid":{"rendered":"https:\/\/morenoprimero.com.ar\/?p=21117"},"modified":"2021-11-11T15:36:07","modified_gmt":"2021-11-11T18:36:07","slug":"noelia-saavedra-y-mariel-fernandez-expresaron-su-agradecimiento-al-pueblo-morenense-y-sus-expectativas-para-las-proximas-elecciones","status":"publish","type":"post","link":"https:\/\/morenoprimero.com.ar\/archivo\/noelia-saavedra-y-mariel-fernandez-expresaron-su-agradecimiento-al-pueblo-morenense-y-sus-expectativas-para-las-proximas-elecciones\/","title":{"rendered":"Noelia Saavedra y Mariel Fern\u00e1ndez expresaron su agradecimiento al pueblo morenense y sus expectativas para las pr\u00f3ximas elecciones"},"content":{"rendered":"\n<p>Con un acto masivo en el Club Los Indios, el Frente de Todos Moreno cerr\u00f3 su campa\u00f1a de cara a las pr\u00f3ximas elecciones.<\/p>\n\n\n\n<p>En el escenario se hicieron presentes la intendenta Mariel Fern\u00e1ndez, junto a las candidatas y candidatos de la lista local, mientras que militantes de distintas organizaciones pol\u00edticas, sociales y sindicales dieron su apoyo tanto dentro del club como en la calles linderas. La candidata a diputada nacional, Araceli Bellota y, el candidato a diputado nacional, Walter Correa tambi\u00e9n formaron parte de este gran cierre.<\/p>\n\n\n\n<p><strong>\u201cNada m\u00e1s es importante que devolverle la dignidad al pueblo argentino y que sigamos trabajando por los humildes de nuestra patria\u201d<\/strong>, exclam\u00f3 la jefa comunal, qui\u00e9n no deja de agradecer el enorme compromiso con el que lleva adelante la campa\u00f1a cada uno de los militantes, por todo el esfuerzo y el compromiso de trabajar en conjunto por un Moreno mejor.<\/p>\n\n\n\n<p>Teniendo en cuenta los resultados obtenidos en las PASO a nivel nacional, la intendenta de Moreno apel\u00f3 a la memoria de los votantes, a recordar a qui\u00e9nes estamos d\u00e1ndole el poder de elegir nuestro futuro, y dijo: <strong>\u201cNada es mas importante que devolverle la dignidad al pueblo argentino y que sigamos trabajando por los humildes de nuestra patria. Nosotros sabemos lo que sufrimos, lo que sufre nuestro pueblo y lo que sufri\u00f3 durante los cuatro a\u00f1os macristas. No podemos permitir de ninguna manera volver a las etapas m\u00e1s oscuras de nuestro pa\u00eds. Cuando no pod\u00edamos pensar en un pa\u00eds con trabajo porque ten\u00edamos que estar pensando todo el tiempo en que cada habitante de nuestro barrio pudiera comer.\u201d\u00a0<\/strong><\/p>\n\n\n\n<p>\u201cSabemos que seguimos viviendo momentos dif\u00edciles en la Argentina y que la pandemia ha golpeado fuerte a nuestra econom\u00eda. Estamos en un momento dif\u00edcil de la pol\u00edtica argentina pero <strong>a todas las compa\u00f1eras y compa\u00f1eros del Frente de Todos les pido que sigamos pensando en una patria libre justa y soberana, no importa nada m\u00e1s\u201d<\/strong>, asegur\u00f3 Mariel Fern\u00e1ndez, que con su gesti\u00f3n logr\u00f3 en dos a\u00f1os dar respuestas a problem\u00e1ticas hist\u00f3ricas que padec\u00eda el distrito, demostrando el efectivo trabajo de desarrollar pol\u00edticas en conjunto con las y los morenenses.<\/p>\n\n\n\n<figure class=\"wp-block-gallery columns-1 is-cropped wp-block-gallery-1 is-layout-flex wp-block-gallery-is-layout-flex\"><ul class=\"blocks-gallery-grid\"><li class=\"blocks-gallery-item\"><figure><a href=\"https:\/\/morenoprimero.com.ar\/wp-content\/uploads\/2021\/11\/Noelia-Saavedra-1024x682.jpeg\"><img loading=\"lazy\" decoding=\"async\" width=\"1024\" height=\"682\" src=\"https:\/\/morenoprimero.com.ar\/wp-content\/uploads\/2021\/11\/Noelia-Saavedra-1024x682.jpeg\" alt=\"\" data-id=\"21119\" class=\"wp-image-21119\" srcset=\"https:\/\/morenoprimero.com.ar\/archivo\/wp-content\/uploads\/2021\/11\/Noelia-Saavedra-1024x682.jpeg 1024w, https:\/\/morenoprimero.com.ar\/archivo\/wp-content\/uploads\/2021\/11\/Noelia-Saavedra-300x200.jpeg 300w, https:\/\/morenoprimero.com.ar\/archivo\/wp-content\/uploads\/2021\/11\/Noelia-Saavedra-768x512.jpeg 768w, https:\/\/morenoprimero.com.ar\/archivo\/wp-content\/uploads\/2021\/11\/Noelia-Saavedra.jpeg 1280w\" sizes=\"auto, (max-width: 1024px) 100vw, 1024px\" \/><\/a><\/figure><\/li><\/ul><\/figure>\n\n\n\n<p><strong>Noelia Saavedra<\/strong>, la candidata que encabeza la lista, y la intendenta fueron las \u00fanicas dos oradoras. Por su parte, la joven candidata traz\u00f3 un discurso en l\u00ednea al de Mariel Fern\u00e1ndez, principalmente agradeciendo la fuerza y convicci\u00f3n de la militancia peronista de Moreno, y reforzando la idea de continuar apostando a la transformaci\u00f3n del distrito a trav\u00e9s del voto.<strong>\u00a0\u00abEsta es una campa\u00f1a que capaz nos parece un poco larga, llegando un poco cansados, pero muy alegres porque sabemos que estamos defendiendo el amor que le tenemos a Moreno y el amor que tenemos por nuestra patria. Yo s\u00e9 que muchos estamos muy cansados pero tengamos la convicci\u00f3n de que lo dimos todo. Que los compa\u00f1eros y compa\u00f1eras fueron y charlaron con sus vecinos en cada barrio, casa por casa, hicimos y seguimos haciendo lo posible y lo imposible porque amamos Moreno, porque queremos trabajar m\u00e1s, queremos seguir transformando Moreno y porque luchamos todos en unidad por la felicidad de nuestro pueblo\u00bb<\/strong>, exclam\u00f3 Noelia Saavedra.<\/p>\n\n\n\n<p>Asegurando que la posibilidad de continuar apostando al crecimiento del distrito se encuentra en las manos de cada uno de los vecinos y vecinas morenenses, en cada voto que se presente este domingo, la candidata a concejal cerr\u00f3 diciendo, <strong>\u00abPorque sabemos que en cada casa hay un pedacito de esperanza, hay convicci\u00f3n de seguir transformando y construyendo nuestra historia. Gracias a cada militante, a cada compa\u00f1ero que el domingo va a llevar, va a defender y a llenar las urnas de amor y esperanza con sus votos para ampliar la mayor\u00eda en nuestro municipio\u00bb.<\/strong><\/p>\n","protected":false},"excerpt":{"rendered":"<p>Con un acto masivo en el Club Los Indios, el Frente de Todos Moreno cerr\u00f3 su campa\u00f1a de cara a las pr\u00f3ximas elecciones. En el escenario se hicieron presentes la intendenta Mariel Fern\u00e1ndez, junto a las candidatas y candidatos de &hellip; <a href=\"https:\/\/morenoprimero.com.ar\/archivo\/noelia-saavedra-y-mariel-fernandez-expresaron-su-agradecimiento-al-pueblo-morenense-y-sus-expectativas-para-las-proximas-elecciones\/\">Sigue leyendo <span class=\"meta-nav\">&rarr;<\/span><\/a><\/p>\n","protected":false},"author":6,"featured_media":21118,"comment_status":"closed","ping_status":"closed","sticky":false,"template":"","format":"standard","meta":{"footnotes":""},"categories":[2,2328],"tags":[276,6,903],"class_list":["post-21117","post","type-post","status-publish","format-standard","has-post-thumbnail","hentry","category-destacadas","category-local","tag-mariel-fernandez","tag-moreno","tag-noelia-saavedra"],"_links":{"self":[{"href":"https:\/\/morenoprimero.com.ar\/archivo\/wp-json\/wp\/v2\/posts\/21117","targetHints":{"allow":["GET"]}}],"collection":[{"href":"https:\/\/morenoprimero.com.ar\/archivo\/wp-json\/wp\/v2\/posts"}],"about":[{"href":"https:\/\/morenoprimero.com.ar\/archivo\/wp-json\/wp\/v2\/types\/post"}],"author":[{"embeddable":true,"href":"https:\/\/morenoprimero.com.ar\/archivo\/wp-json\/wp\/v2\/users\/6"}],"replies":[{"embeddable":true,"href":"https:\/\/morenoprimero.com.ar\/archivo\/wp-json\/wp\/v2\/comments?post=21117"}],"version-history":[{"count":3,"href":"https:\/\/morenoprimero.com.ar\/archivo\/wp-json\/wp\/v2\/posts\/21117\/revisions"}],"predecessor-version":[{"id":21164,"href":"https:\/\/morenoprimero.com.ar\/archivo\/wp-json\/wp\/v2\/posts\/21117\/revisions\/21164"}],"wp:featuredmedia":[{"embeddable":true,"href":"https:\/\/morenoprimero.com.ar\/archivo\/wp-json\/wp\/v2\/media\/21118"}],"wp:attachment":[{"href":"https:\/\/morenoprimero.com.ar\/archivo\/wp-json\/wp\/v2\/media?parent=21117"}],"wp:term":[{"taxonomy":"category","embeddable":true,"href":"https:\/\/morenoprimero.com.ar\/archivo\/wp-json\/wp\/v2\/categories?post=21117"},{"taxonomy":"post_tag","embeddable":true,"href":"https:\/\/morenoprimero.com.ar\/archivo\/wp-json\/wp\/v2\/tags?post=21117"}],"curies":[{"name":"wp","href":"https:\/\/api.w.org\/{rel}","templated":true}]}}