{"id":21004,"date":"2021-11-09T20:19:50","date_gmt":"2021-11-09T23:19:50","guid":{"rendered":"https:\/\/morenoprimero.com.ar\/?p=21004"},"modified":"2021-11-09T20:34:18","modified_gmt":"2021-11-09T23:34:18","slug":"alberto-fernandez-en-moreno-nosotros-queremos-que-todos-trabajen-pero-otros-quieren-que-los-empresarios-puedan-despedir","status":"publish","type":"post","link":"https:\/\/morenoprimero.com.ar\/archivo\/alberto-fernandez-en-moreno-nosotros-queremos-que-todos-trabajen-pero-otros-quieren-que-los-empresarios-puedan-despedir\/","title":{"rendered":"Alberto Fern\u00e1ndez en Moreno: \u201cNosotros queremos que todos trabajen, pero otros quieren que los empresarios puedan despedir\u201d"},"content":{"rendered":"\n<h5 class=\"wp-block-heading\">Este martes 9 de noviembre, la intendenta Mariel Fern\u00e1ndez y la<strong> <\/strong>primera candidata a concejala por el Frente de Todos en el partido de Moreno, Noelia Saavedra, recibieron al presidente de la Naci\u00f3n, Alberto Fern\u00e1ndez, que encabez\u00f3 un acto en el Teatro Roma junto al presidente de la C\u00e1mara de Diputados, Sergio Massa y al ministro de Desarrollo Social, Juan Zabaleta. En su visita, recorrieron el Parque Industrial Municipal 2 ubicado en la localidad de Cuartel V, tambi\u00e9n estuvieron en la planta asf\u00e1ltica municipal y por \u00faltimo visitaron el Centro Cultural La Chicharra.<\/h5>\n\n\n\n<p>El presidente de la naci\u00f3n Alberto Fern\u00e1ndez y Sergio Massa, presidente de la C\u00e1mara de Diputados, encabezaron un acto en el Teatro Roma y fueron recibidos por la intendenta Mariel Fern\u00e1ndez y por la  primera candidata a concejala por el Frente de Todos en el partido de Moreno, Noelia Saavedra. Todos, recorrieron diferentes puntos de la localidad para charlar con trabajadores y trabajadoras de distintos rubros. Estuvieron en  el Parque Industrial Municipal 2 ubicado en la localidad de Cuartel V donde se ensamblar\u00e1n colectivos y se generar\u00e1n 400 puestos de trabajo. Tambi\u00e9n recorrieron la planta asf\u00e1ltica municipal donde se produce el material para asfaltar las calles de toda la localidad y la cual se llev\u00f3 a cabo con fondos nacionales. Por \u00faltimo, se hicieron presentes en el Centro Cultural La Chicharra, donde se reunieron con beneficiarias del Programa Nacional Mi Pieza y con Promotoras de G\u00e9nero de Moreno.<\/p>\n\n\n\n<p>Sobre las pol\u00edticas adoptadas por el Gobierno, el presidente, asegur\u00f3 que:  <strong>\u201cNosotros estamos preocupados para que todos trabajen, pero otros est\u00e1n preocupados para que los empresarios puedan despedirlos sin pagar indemnizaci\u00f3n, no es todo lo mismo\u201d<\/strong>. Adem\u00e1s, agreg\u00f3 que \u201cYo estoy preocupado para ver c\u00f3mo peleo con los acreedores para pagarles lo menos posible y el que tom\u00f3 la deuda tom\u00f3 m\u00e1s deuda para pagarle a esos acreedores en perjuicio de todos nosotros, no es todo lo mismo, y eso hay que explicarlo, porque lo que est\u00e1 en juego es c\u00f3mo queremos que sea la Argentina\u201d.<\/p>\n\n\n\n<p>Por su parte, la intendenta Mariel Fern\u00e1ndez, dijo que: <strong>\u00abNosotros sentimos una enorme responsabilidad en la Provincia de Buenos Aires, porque queremos que este 14 de noviembre podamos dar vuelta esta elecci\u00f3n y estuvimos trabajando a conciencia para que eso suceda\u00bb<\/strong>. Y, agreg\u00f3 <strong>\u00abentregamos diarios, fuimos casa por casa, hablamos en la Estaci\u00f3n de Moreno, en Moreno Centro, en cada uno de los 300 barrios que tiene Moreno\u00bb.<\/strong><\/p>\n\n\n\n<figure class=\"wp-block-gallery columns-3 is-cropped wp-block-gallery-1 is-layout-flex wp-block-gallery-is-layout-flex\"><ul class=\"blocks-gallery-grid\"><li class=\"blocks-gallery-item\"><figure><a href=\"https:\/\/morenoprimero.com.ar\/wp-content\/uploads\/2021\/11\/20211109_185046.jpg\"><img loading=\"lazy\" decoding=\"async\" width=\"1024\" height=\"682\" src=\"https:\/\/morenoprimero.com.ar\/wp-content\/uploads\/2021\/11\/20211109_185046.jpg\" alt=\"\" data-id=\"21014\" data-full-url=\"https:\/\/morenoprimero.com.ar\/wp-content\/uploads\/2021\/11\/20211109_185046.jpg\" data-link=\"https:\/\/morenoprimero.com.ar\/?attachment_id=21014\" class=\"wp-image-21014\" srcset=\"https:\/\/morenoprimero.com.ar\/archivo\/wp-content\/uploads\/2021\/11\/20211109_185046.jpg 1024w, https:\/\/morenoprimero.com.ar\/archivo\/wp-content\/uploads\/2021\/11\/20211109_185046-300x200.jpg 300w, https:\/\/morenoprimero.com.ar\/archivo\/wp-content\/uploads\/2021\/11\/20211109_185046-768x512.jpg 768w\" sizes=\"auto, (max-width: 1024px) 100vw, 1024px\" \/><\/a><\/figure><\/li><li class=\"blocks-gallery-item\"><figure><a href=\"https:\/\/morenoprimero.com.ar\/wp-content\/uploads\/2021\/11\/20211109_185041.jpg\"><img loading=\"lazy\" decoding=\"async\" width=\"1024\" height=\"682\" src=\"https:\/\/morenoprimero.com.ar\/wp-content\/uploads\/2021\/11\/20211109_185041.jpg\" alt=\"\" data-id=\"21013\" data-full-url=\"https:\/\/morenoprimero.com.ar\/wp-content\/uploads\/2021\/11\/20211109_185041.jpg\" data-link=\"https:\/\/morenoprimero.com.ar\/?attachment_id=21013\" class=\"wp-image-21013\" srcset=\"https:\/\/morenoprimero.com.ar\/archivo\/wp-content\/uploads\/2021\/11\/20211109_185041.jpg 1024w, https:\/\/morenoprimero.com.ar\/archivo\/wp-content\/uploads\/2021\/11\/20211109_185041-300x200.jpg 300w, https:\/\/morenoprimero.com.ar\/archivo\/wp-content\/uploads\/2021\/11\/20211109_185041-768x512.jpg 768w\" sizes=\"auto, (max-width: 1024px) 100vw, 1024px\" \/><\/a><\/figure><\/li><li class=\"blocks-gallery-item\"><figure><a href=\"https:\/\/morenoprimero.com.ar\/wp-content\/uploads\/2021\/11\/20211109_185050.jpg\"><img loading=\"lazy\" decoding=\"async\" width=\"1024\" height=\"683\" src=\"https:\/\/morenoprimero.com.ar\/wp-content\/uploads\/2021\/11\/20211109_185050.jpg\" alt=\"\" data-id=\"21010\" data-full-url=\"https:\/\/morenoprimero.com.ar\/wp-content\/uploads\/2021\/11\/20211109_185050.jpg\" data-link=\"https:\/\/morenoprimero.com.ar\/?attachment_id=21010\" class=\"wp-image-21010\" srcset=\"https:\/\/morenoprimero.com.ar\/archivo\/wp-content\/uploads\/2021\/11\/20211109_185050.jpg 1024w, https:\/\/morenoprimero.com.ar\/archivo\/wp-content\/uploads\/2021\/11\/20211109_185050-300x200.jpg 300w, https:\/\/morenoprimero.com.ar\/archivo\/wp-content\/uploads\/2021\/11\/20211109_185050-768x512.jpg 768w\" sizes=\"auto, (max-width: 1024px) 100vw, 1024px\" \/><\/a><\/figure><\/li><\/ul><\/figure>\n\n\n\n<p> Junto al ministro de Desarrollo Social, Juan Zabaleta; el titular de la C\u00e1mara de Diputados, Sergio Massa, y la intendenta local, Mariel Fern\u00e1ndez, el Presidente destac\u00f3:<strong> \u201cLo que m\u00e1s claro tenemos es a qui\u00e9nes defendemos, nosotros estamos aqu\u00ed para defender a los que menos tienen, para proteger a los que han quedado al margen, para tenderle una mano a los que cayeron en el pozo de la pobreza y volverlos a subir al escenario social\u201d.&nbsp; <\/strong><\/p>\n\n\n\n<p>El Presidente habl\u00f3 sobre a quien defienden las pol\u00edticas del Frente de Todos, y destac\u00f3: <strong>\u201cNosotros no representamos a los que especulan, representamos a los empresarios que invierten y dan trabajo, producen y exportan y pagan sus impuestos. A esos empresarios les decimos que s\u00ed, y a los especuladores les decimos basta\u201d, <\/strong>subray\u00f3 Fern\u00e1ndez en un acto con militantes. Tambi\u00e9n, agreg\u00f3 que \u201cTenemos que tener <strong>la convicci\u00f3n de que estamos gobernando para que el trabajo vuelva y sea bien remunerado<\/strong>, para que todos tengan su casa, para que vivir dignamente no sea un privilegio, sino que sea un derecho, para que las mujeres tengan los mismos derechos que los hombres, para eso trabajamos d\u00eda a d\u00eda\u201d.<\/p>\n\n\n\n<p><strong>En su visita al municipio<\/strong>, el presidente recorri\u00f3 empresas conducidas por mujeres en el <strong>Parque Industrial Moreno 2<\/strong>, que es el segundo predio fabril promovido desde la Municipalidad. All\u00ed, en el \u00faltimo a\u00f1o y medio, <strong>se incorporaron 50 firmas<\/strong>, la mayor\u00eda de las cuales tienen al frente a mujeres y est\u00e1n en este momento construyendo sus nuevas instalaciones.&nbsp;Tambi\u00e9n dialog\u00f3 con trabajadores y trabajadoras de diferentes compa\u00f1\u00edas y convers\u00f3 sobre el crecimiento del predio con las autoridades del fideicomiso del Parque Industrial, Federico Fongi, Vanesa Villar y Laura Campos, y con la administradora del Instituto Municipal de Desarrollo Econ\u00f3mico local, Estefan\u00eda de Dios.<\/p>\n\n\n\n<figure class=\"wp-block-gallery columns-3 is-cropped wp-block-gallery-2 is-layout-flex wp-block-gallery-is-layout-flex\"><ul class=\"blocks-gallery-grid\"><li class=\"blocks-gallery-item\"><figure><a href=\"https:\/\/morenoprimero.com.ar\/wp-content\/uploads\/2021\/11\/IMG-20211109-WA0044.jpg\"><img loading=\"lazy\" decoding=\"async\" width=\"1024\" height=\"683\" src=\"https:\/\/morenoprimero.com.ar\/wp-content\/uploads\/2021\/11\/IMG-20211109-WA0044.jpg\" alt=\"\" data-id=\"21006\" data-link=\"https:\/\/morenoprimero.com.ar\/?attachment_id=21006\" class=\"wp-image-21006\" srcset=\"https:\/\/morenoprimero.com.ar\/archivo\/wp-content\/uploads\/2021\/11\/IMG-20211109-WA0044.jpg 1024w, https:\/\/morenoprimero.com.ar\/archivo\/wp-content\/uploads\/2021\/11\/IMG-20211109-WA0044-300x200.jpg 300w, https:\/\/morenoprimero.com.ar\/archivo\/wp-content\/uploads\/2021\/11\/IMG-20211109-WA0044-768x512.jpg 768w\" sizes=\"auto, (max-width: 1024px) 100vw, 1024px\" \/><\/a><\/figure><\/li><li class=\"blocks-gallery-item\"><figure><a href=\"https:\/\/morenoprimero.com.ar\/wp-content\/uploads\/2021\/11\/IMG-20211109-WA0047.jpg\"><img loading=\"lazy\" decoding=\"async\" width=\"1024\" height=\"682\" src=\"https:\/\/morenoprimero.com.ar\/wp-content\/uploads\/2021\/11\/IMG-20211109-WA0047.jpg\" alt=\"\" data-id=\"21011\" data-link=\"https:\/\/morenoprimero.com.ar\/?attachment_id=21011\" class=\"wp-image-21011\" srcset=\"https:\/\/morenoprimero.com.ar\/archivo\/wp-content\/uploads\/2021\/11\/IMG-20211109-WA0047.jpg 1024w, https:\/\/morenoprimero.com.ar\/archivo\/wp-content\/uploads\/2021\/11\/IMG-20211109-WA0047-300x200.jpg 300w, https:\/\/morenoprimero.com.ar\/archivo\/wp-content\/uploads\/2021\/11\/IMG-20211109-WA0047-768x512.jpg 768w\" sizes=\"auto, (max-width: 1024px) 100vw, 1024px\" \/><\/a><\/figure><\/li><li class=\"blocks-gallery-item\"><figure><a href=\"https:\/\/morenoprimero.com.ar\/wp-content\/uploads\/2021\/11\/IMG-20211109-WA0046-1.jpg\"><img loading=\"lazy\" decoding=\"async\" width=\"1024\" height=\"682\" src=\"https:\/\/morenoprimero.com.ar\/wp-content\/uploads\/2021\/11\/IMG-20211109-WA0046-1-1024x682.jpg\" alt=\"\" data-id=\"21024\" data-full-url=\"https:\/\/morenoprimero.com.ar\/wp-content\/uploads\/2021\/11\/IMG-20211109-WA0046-1.jpg\" data-link=\"https:\/\/morenoprimero.com.ar\/?attachment_id=21024\" class=\"wp-image-21024\" srcset=\"https:\/\/morenoprimero.com.ar\/archivo\/wp-content\/uploads\/2021\/11\/IMG-20211109-WA0046-1-1024x682.jpg 1024w, https:\/\/morenoprimero.com.ar\/archivo\/wp-content\/uploads\/2021\/11\/IMG-20211109-WA0046-1-300x200.jpg 300w, https:\/\/morenoprimero.com.ar\/archivo\/wp-content\/uploads\/2021\/11\/IMG-20211109-WA0046-1-768x512.jpg 768w, https:\/\/morenoprimero.com.ar\/archivo\/wp-content\/uploads\/2021\/11\/IMG-20211109-WA0046-1.jpg 1280w\" sizes=\"auto, (max-width: 1024px) 100vw, 1024px\" \/><\/a><\/figure><\/li><\/ul><\/figure>\n\n\n\n<p>Por \u00faltimo, visit\u00f3 en el Parque Industrial la planta asf\u00e1ltica que desarroll\u00f3 el Municipio para resolver la demanda hist\u00f3rica que tiene el distrito en relaci\u00f3n a la cantidad de calles que necesitan reparaci\u00f3n y pavimentaci\u00f3n, y que cont\u00f3 con un financiamiento de 68 millones de pesos como parte del programa \u201cMunicipios de pie\u201d del Ministerio de Interior. Y dialog\u00f3 con mujeres beneficiarias del Programa \u00abMi Pieza\u00bb, quienes le hicieron saber las problem\u00e1ticas que enfrentan. Implementado por el Ministerio de Desarrollo Social, es un plan de asistencia econ\u00f3mica para mujeres de barrios populares que entrega entre 100 mil y 240 mil pesos para refacciones, mejoras o ampliaciones de viviendas.<\/p>\n\n\n\n<p><\/p>\n","protected":false},"excerpt":{"rendered":"<p>Este martes 9 de noviembre, la intendenta Mariel Fern\u00e1ndez y la primera candidata a concejala por el Frente de Todos en el partido de Moreno, Noelia Saavedra, recibieron al presidente de la Naci\u00f3n, Alberto Fern\u00e1ndez, que encabez\u00f3 un acto en &hellip; <a href=\"https:\/\/morenoprimero.com.ar\/archivo\/alberto-fernandez-en-moreno-nosotros-queremos-que-todos-trabajen-pero-otros-quieren-que-los-empresarios-puedan-despedir\/\">Sigue leyendo <span class=\"meta-nav\">&rarr;<\/span><\/a><\/p>\n","protected":false},"author":6,"featured_media":21009,"comment_status":"open","ping_status":"open","sticky":false,"template":"","format":"standard","meta":{"footnotes":""},"categories":[2,2328],"tags":[],"class_list":["post-21004","post","type-post","status-publish","format-standard","has-post-thumbnail","hentry","category-destacadas","category-local"],"_links":{"self":[{"href":"https:\/\/morenoprimero.com.ar\/archivo\/wp-json\/wp\/v2\/posts\/21004","targetHints":{"allow":["GET"]}}],"collection":[{"href":"https:\/\/morenoprimero.com.ar\/archivo\/wp-json\/wp\/v2\/posts"}],"about":[{"href":"https:\/\/morenoprimero.com.ar\/archivo\/wp-json\/wp\/v2\/types\/post"}],"author":[{"embeddable":true,"href":"https:\/\/morenoprimero.com.ar\/archivo\/wp-json\/wp\/v2\/users\/6"}],"replies":[{"embeddable":true,"href":"https:\/\/morenoprimero.com.ar\/archivo\/wp-json\/wp\/v2\/comments?post=21004"}],"version-history":[{"count":8,"href":"https:\/\/morenoprimero.com.ar\/archivo\/wp-json\/wp\/v2\/posts\/21004\/revisions"}],"predecessor-version":[{"id":21026,"href":"https:\/\/morenoprimero.com.ar\/archivo\/wp-json\/wp\/v2\/posts\/21004\/revisions\/21026"}],"wp:featuredmedia":[{"embeddable":true,"href":"https:\/\/morenoprimero.com.ar\/archivo\/wp-json\/wp\/v2\/media\/21009"}],"wp:attachment":[{"href":"https:\/\/morenoprimero.com.ar\/archivo\/wp-json\/wp\/v2\/media?parent=21004"}],"wp:term":[{"taxonomy":"category","embeddable":true,"href":"https:\/\/morenoprimero.com.ar\/archivo\/wp-json\/wp\/v2\/categories?post=21004"},{"taxonomy":"post_tag","embeddable":true,"href":"https:\/\/morenoprimero.com.ar\/archivo\/wp-json\/wp\/v2\/tags?post=21004"}],"curies":[{"name":"wp","href":"https:\/\/api.w.org\/{rel}","templated":true}]}}