{"id":2087,"date":"2020-09-03T13:06:36","date_gmt":"2020-09-03T13:06:36","guid":{"rendered":"https:\/\/morenoprimero.com.ar\/?p=2087"},"modified":"2020-09-03T13:06:37","modified_gmt":"2020-09-03T13:06:37","slug":"asesoramiento-virtual-sobre-escrituracion-familiar","status":"publish","type":"post","link":"https:\/\/morenoprimero.com.ar\/archivo\/asesoramiento-virtual-sobre-escrituracion-familiar\/","title":{"rendered":"ASESORAMIENTO VIRTUAL SOBRE ESCRITURACI\u00d3N FAMILIAR"},"content":{"rendered":"\n<p><strong>El IDUAR (Instituto de Desarrollo Urbano, Ambiental y Regional) brindar\u00e1, hoy a las 11 horas, una nueva charla sobre c\u00f3mo escriturar la vivienda \u00fanica, familiar y de ocupaci\u00f3n.<\/strong><\/p>\n\n\n\n<figure class=\"wp-block-image size-large\"><img loading=\"lazy\" decoding=\"async\" width=\"960\" height=\"960\" src=\"https:\/\/morenoprimero.com.ar\/wp-content\/uploads\/2020\/09\/IDUAR.jpg\" alt=\"\" class=\"wp-image-2089\" srcset=\"https:\/\/morenoprimero.com.ar\/archivo\/wp-content\/uploads\/2020\/09\/IDUAR.jpg 960w, https:\/\/morenoprimero.com.ar\/archivo\/wp-content\/uploads\/2020\/09\/IDUAR-300x300.jpg 300w, https:\/\/morenoprimero.com.ar\/archivo\/wp-content\/uploads\/2020\/09\/IDUAR-150x150.jpg 150w, https:\/\/morenoprimero.com.ar\/archivo\/wp-content\/uploads\/2020\/09\/IDUAR-768x768.jpg 768w\" sizes=\"auto, (max-width: 960px) 100vw, 960px\" \/><\/figure>\n\n\n\n<p>El Instituto de Desarrollo Urbano, Ambiental y Regional brindar\u00e1 nuevamente atenci\u00f3n virtual e interactiva para despejar todas las dudas sobre escrituraci\u00f3n familiar. <\/p>\n\n\n\n<p>El encuentro ser\u00e1 este jueves 03 de septiembre a las 11 horas, en vivo, mediante el facebook del IDUAR Moreno. A trav\u00e9s del IDUAR, tambi\u00e9n pod\u00e9s acceder a cr\u00e9ditos bancarios como el ProCreAr, para realizar la compra de materiales, refacciones, mejoras y ampliaciones en la vivienda.<\/p>\n\n\n\n<p>Podes comunicarte con IDUAR y asesorarte por WhatsApp: https:\/\/wa.me\/5491128895773<\/p>\n\n\n\n<p><\/p>\n","protected":false},"excerpt":{"rendered":"<p>El IDUAR (Instituto de Desarrollo Urbano, Ambiental y Regional) brindar\u00e1, hoy a las 11 horas, una nueva charla sobre c\u00f3mo escriturar la vivienda \u00fanica, familiar y de ocupaci\u00f3n. El Instituto de Desarrollo Urbano, Ambiental y Regional brindar\u00e1 nuevamente atenci\u00f3n virtual &hellip; <a href=\"https:\/\/morenoprimero.com.ar\/archivo\/asesoramiento-virtual-sobre-escrituracion-familiar\/\">Sigue leyendo <span class=\"meta-nav\">&rarr;<\/span><\/a><\/p>\n","protected":false},"author":6,"featured_media":2097,"comment_status":"open","ping_status":"open","sticky":false,"template":"","format":"standard","meta":{"footnotes":""},"categories":[21,20],"tags":[577,576,6],"class_list":["post-2087","post","type-post","status-publish","format-standard","has-post-thumbnail","hentry","category-interes-general","category-sociedad","tag-escrituracion-familiar","tag-iduar","tag-moreno"],"_links":{"self":[{"href":"https:\/\/morenoprimero.com.ar\/archivo\/wp-json\/wp\/v2\/posts\/2087","targetHints":{"allow":["GET"]}}],"collection":[{"href":"https:\/\/morenoprimero.com.ar\/archivo\/wp-json\/wp\/v2\/posts"}],"about":[{"href":"https:\/\/morenoprimero.com.ar\/archivo\/wp-json\/wp\/v2\/types\/post"}],"author":[{"embeddable":true,"href":"https:\/\/morenoprimero.com.ar\/archivo\/wp-json\/wp\/v2\/users\/6"}],"replies":[{"embeddable":true,"href":"https:\/\/morenoprimero.com.ar\/archivo\/wp-json\/wp\/v2\/comments?post=2087"}],"version-history":[{"count":1,"href":"https:\/\/morenoprimero.com.ar\/archivo\/wp-json\/wp\/v2\/posts\/2087\/revisions"}],"predecessor-version":[{"id":2092,"href":"https:\/\/morenoprimero.com.ar\/archivo\/wp-json\/wp\/v2\/posts\/2087\/revisions\/2092"}],"wp:featuredmedia":[{"embeddable":true,"href":"https:\/\/morenoprimero.com.ar\/archivo\/wp-json\/wp\/v2\/media\/2097"}],"wp:attachment":[{"href":"https:\/\/morenoprimero.com.ar\/archivo\/wp-json\/wp\/v2\/media?parent=2087"}],"wp:term":[{"taxonomy":"category","embeddable":true,"href":"https:\/\/morenoprimero.com.ar\/archivo\/wp-json\/wp\/v2\/categories?post=2087"},{"taxonomy":"post_tag","embeddable":true,"href":"https:\/\/morenoprimero.com.ar\/archivo\/wp-json\/wp\/v2\/tags?post=2087"}],"curies":[{"name":"wp","href":"https:\/\/api.w.org\/{rel}","templated":true}]}}