{"id":2078,"date":"2020-09-03T12:56:36","date_gmt":"2020-09-03T12:56:36","guid":{"rendered":"https:\/\/morenoprimero.com.ar\/?p=2078"},"modified":"2020-11-04T18:27:14","modified_gmt":"2020-11-04T18:27:14","slug":"alberto-fernandez-se-reunio-con-la-intendenta-de-moreno","status":"publish","type":"post","link":"https:\/\/morenoprimero.com.ar\/archivo\/alberto-fernandez-se-reunio-con-la-intendenta-de-moreno\/","title":{"rendered":"ALBERTO FERN\u00c1NDEZ SE REUNI\u00d3 CON LA INTENDENTA DE MORENO"},"content":{"rendered":"\n<h4 class=\"wp-block-heading\">  Sucedi\u00f3 el mi\u00e9rcoles 2 de septiembre por la tarde. Dialogaron sobre problem\u00e1ticas del Municipio y dos grandes proyectos locales sobre turismo y un Aeropuerto Internacional de Cargas.<\/h4>\n\n\n\n<p>   El mi\u00e9rcoles 2 de septiembre por la tarde,<strong> la jefa comunal del distrito de moreno se traslad\u00f3 a la quinta de Olivos para mantener una conversaci\u00f3n con el Presidente Alberto Fern\u00e1ndez.<\/strong><\/p>\n\n\n\n<p>   Seg\u00fan el comunicado oficial tocaron varios puntos. <strong>En primer lugar, hablaron de la situaci\u00f3n social y econ\u00f3mica del distrito<\/strong> y sobre las importantes decisiones a lo largo de estos nueve meses de gesti\u00f3n.<\/p>\n\n\n\n<p>  Adem\u00e1s, la intendenta le present\u00f3 al Presidente dos proyectos. <strong>\u00abPara los nuevos desaf\u00edos debemos contar con su apoyo.\u00bb<\/strong> se\u00f1al\u00f3, previo a la presentaci\u00f3n de estos.  <\/p>\n\n\n\n<p>  <strong>El primero est\u00e1 vinculado al desarrollo del turismo en la regi\u00f3n, el segundo, es la creaci\u00f3n de un Aeropuerto de Cargas.<\/strong> <strong>Seg\u00fan la jefa comunal<\/strong>, \u00ab<strong>no s\u00f3lo favorecen a nuestro Municipio sino tambi\u00e9n al Desarrollo de las econom\u00edas Regionales\u00bb.<\/strong><\/p>\n\n\n\n<figure class=\"wp-block-embed-twitter wp-block-embed is-type-rich is-provider-twitter\"><div class=\"wp-block-embed__wrapper\">\n<blockquote class=\"twitter-tweet\" data-width=\"550\" data-dnt=\"true\"><p lang=\"es\" dir=\"ltr\">Me reun\u00ed con nuestro compa\u00f1ero Presidente, <a href=\"https:\/\/twitter.com\/alferdez?ref_src=twsrc%5Etfw\">@alferdez<\/a>. Charlamos sobre los diferentes problemas de nuestro Municipio y las decisiones importantes que hemos tomado en estos 9 meses de gesti\u00f3n. <a href=\"https:\/\/t.co\/S28GYp2TCJ\">pic.twitter.com\/S28GYp2TCJ<\/a><\/p>&mdash; Mariel Fern\u00e1ndez (@marielfmoreno1) <a href=\"https:\/\/twitter.com\/marielfmoreno1\/status\/1301313398307794944?ref_src=twsrc%5Etfw\">September 3, 2020<\/a><\/blockquote><script async src=\"https:\/\/platform.twitter.com\/widgets.js\" charset=\"utf-8\"><\/script>\n<\/div><\/figure>\n\n\n\n<p>   <\/p>\n\n\n\n<p>   <\/p>\n","protected":false},"excerpt":{"rendered":"<p>Sucedi\u00f3 el mi\u00e9rcoles 2 de septiembre por la tarde. Dialogaron sobre problem\u00e1ticas del Municipio y dos grandes proyectos locales sobre turismo y un Aeropuerto Internacional de Cargas. El mi\u00e9rcoles 2 de septiembre por la tarde, la jefa comunal del distrito &hellip; <a href=\"https:\/\/morenoprimero.com.ar\/archivo\/alberto-fernandez-se-reunio-con-la-intendenta-de-moreno\/\">Sigue leyendo <span class=\"meta-nav\">&rarr;<\/span><\/a><\/p>\n","protected":false},"author":6,"featured_media":2080,"comment_status":"open","ping_status":"open","sticky":false,"template":"","format":"standard","meta":{"footnotes":""},"categories":[27,20],"tags":[149,276,575],"class_list":["post-2078","post","type-post","status-publish","format-standard","has-post-thumbnail","hentry","category-politica","category-sociedad","tag-alberto-fernandez","tag-mariel-fernandez","tag-quinta-de-olivos"],"_links":{"self":[{"href":"https:\/\/morenoprimero.com.ar\/archivo\/wp-json\/wp\/v2\/posts\/2078","targetHints":{"allow":["GET"]}}],"collection":[{"href":"https:\/\/morenoprimero.com.ar\/archivo\/wp-json\/wp\/v2\/posts"}],"about":[{"href":"https:\/\/morenoprimero.com.ar\/archivo\/wp-json\/wp\/v2\/types\/post"}],"author":[{"embeddable":true,"href":"https:\/\/morenoprimero.com.ar\/archivo\/wp-json\/wp\/v2\/users\/6"}],"replies":[{"embeddable":true,"href":"https:\/\/morenoprimero.com.ar\/archivo\/wp-json\/wp\/v2\/comments?post=2078"}],"version-history":[{"count":3,"href":"https:\/\/morenoprimero.com.ar\/archivo\/wp-json\/wp\/v2\/posts\/2078\/revisions"}],"predecessor-version":[{"id":2094,"href":"https:\/\/morenoprimero.com.ar\/archivo\/wp-json\/wp\/v2\/posts\/2078\/revisions\/2094"}],"wp:featuredmedia":[{"embeddable":true,"href":"https:\/\/morenoprimero.com.ar\/archivo\/wp-json\/wp\/v2\/media\/2080"}],"wp:attachment":[{"href":"https:\/\/morenoprimero.com.ar\/archivo\/wp-json\/wp\/v2\/media?parent=2078"}],"wp:term":[{"taxonomy":"category","embeddable":true,"href":"https:\/\/morenoprimero.com.ar\/archivo\/wp-json\/wp\/v2\/categories?post=2078"},{"taxonomy":"post_tag","embeddable":true,"href":"https:\/\/morenoprimero.com.ar\/archivo\/wp-json\/wp\/v2\/tags?post=2078"}],"curies":[{"name":"wp","href":"https:\/\/api.w.org\/{rel}","templated":true}]}}