{"id":20697,"date":"2021-11-05T20:31:14","date_gmt":"2021-11-05T23:31:14","guid":{"rendered":"https:\/\/morenoprimero.com.ar\/?p=20697"},"modified":"2021-11-05T20:31:15","modified_gmt":"2021-11-05T23:31:15","slug":"continua-la-pavimentacion-en-moreno-gracias-a-la-planta-asfaltica-que-consiguio-el-municipio","status":"publish","type":"post","link":"https:\/\/morenoprimero.com.ar\/archivo\/continua-la-pavimentacion-en-moreno-gracias-a-la-planta-asfaltica-que-consiguio-el-municipio\/","title":{"rendered":"Contin\u00faa la pavimentaci\u00f3n en Moreno gracias a la planta asf\u00e1ltica que consigui\u00f3 el municipio"},"content":{"rendered":"\n<h5 class=\"wp-block-heading\">Desde el mes de julio, se pavimentan entre dos y tres cuadras a lo largo de todos los barrios\u00a0morenenses. En esta nota, te contamos c\u00f3mo fue adquirida la planta, d\u00f3nde est\u00e1 ubicada y qu\u00e9 barrios se est\u00e1n pavimentando.\u00a0<\/h5>\n\n\n\n<p>En junio de este a\u00f1o, comenz\u00f3 la instalaci\u00f3n de la planta asf\u00e1ltica en el <strong>Parque Industrial II<\/strong> de <strong>Cuartel V<\/strong>, se trata de\u00a0una soluci\u00f3n que propuso la jefa comunal, <strong>Mariel Fern\u00e1ndez<\/strong>, para resolver la demanda hist\u00f3rica que tiene el distrito en relaci\u00f3n a la cantidad de calles que necesitan reparaci\u00f3n y pavimentaci\u00f3n.\u00a0\u00a0<\/p>\n\n\n\n<p>Vecinos y vecinas de Moreno agradecen la llegada de la pavimentaci\u00f3n a sus barrios, donde antes se dificultaba el tr\u00e1nsito de los colectivos, autos y motos, hoy hay luminarias, asfaltos y una comunidad a gusto con la gesti\u00f3n. \u201c<strong>Hace m\u00e1s de 20 a\u00f1os que no veo trabajar tanto al municipio en los barrios<\/strong>\u201d mencion\u00f3 <strong>Mat\u00edas<\/strong>, vecino de Moreno y <strong>Susana<\/strong>, del barrio La Esperanza celebr\u00f3: \u00ab<strong>\u00a1Est\u00e1n trabajando en el barrio La esperanza, es hermoso, muchas gracias!\u00bb.<\/strong><\/p>\n\n\n\n<div class=\"wp-block-image\"><figure class=\"aligncenter size-full\"><a href=\"https:\/\/morenoprimero.com.ar\/wp-content\/uploads\/2021\/11\/PlantaAsfaltica2-800x445-1-2.jpeg\"><img loading=\"lazy\" decoding=\"async\" width=\"800\" height=\"445\" src=\"https:\/\/morenoprimero.com.ar\/wp-content\/uploads\/2021\/11\/PlantaAsfaltica2-800x445-1-2.jpeg\" alt=\"\" class=\"wp-image-20702\" srcset=\"https:\/\/morenoprimero.com.ar\/archivo\/wp-content\/uploads\/2021\/11\/PlantaAsfaltica2-800x445-1-2.jpeg 800w, https:\/\/morenoprimero.com.ar\/archivo\/wp-content\/uploads\/2021\/11\/PlantaAsfaltica2-800x445-1-2-300x167.jpeg 300w, https:\/\/morenoprimero.com.ar\/archivo\/wp-content\/uploads\/2021\/11\/PlantaAsfaltica2-800x445-1-2-768x427.jpeg 768w\" sizes=\"auto, (max-width: 800px) 100vw, 800px\" \/><\/a><\/figure><\/div>\n\n\n\n<p>Las primeras cuadras asfaltadas comenzaron en las calles&nbsp;<strong>Lisandro de la Torre y Storni<\/strong> en <strong>Moreno Norte<\/strong>, luego comenz\u00f3 la pavimentaci\u00f3n en&nbsp;la avenida <strong>Storni<\/strong>&nbsp;en la localidad de<strong> La Reja<\/strong>, desde la <strong>ruta 7 hasta la calle Larralde<\/strong> y se espera pavimentar alrededor de 20 cuadras. Adem\u00e1s, desde el municipio comenzaron una gran obra en la avenida <strong>Mitre<\/strong> que tiene casi <strong>100 a\u00f1os<\/strong>, siendo una de las calles hist\u00f3ricas de Moreno, y que finalmente se remodelar\u00e1.&nbsp;<\/p>\n\n\n\n<p>La adquisici\u00f3n de la planta asf\u00e1ltica que beneficia a miles de&nbsp;morenenses, se logr\u00f3 gracias al financiamiento de 68 millones de pesos que otorg\u00f3 el Ministerio del interior mediante el programa \u201c<strong>Municipios de Pie<\/strong>\u201d, destinado a potenciar gobiernos locales y a fortalecer as\u00ed la gesti\u00f3n municipal. La planta municipal est\u00e1 ubicada en el Parque Industrial II.&nbsp;<\/p>\n\n\n\n<p>Adem\u00e1s, contin\u00faan las obras de pavimentaci\u00f3n en <strong>Paso <\/strong>del Rey, en la calle<strong>&nbsp;Bongovanni&nbsp;entre Dr. <\/strong>Gines de la Quintana y Rosario y las obras de infraestructura vial, la <strong>ampliaci\u00f3n de&nbsp;la&nbsp;Ruta Provincial&nbsp;N\u00b0&nbsp;24<\/strong>&nbsp;que permitir\u00e1 completar la duplicaci\u00f3n de calzada entre la<strong> Autopista Acceso Oeste (Ruta N\u00b07) y la Avenida Derqui.&nbsp;&nbsp;<\/strong><\/p>\n\n\n\n<div class=\"wp-block-image\"><figure class=\"aligncenter size-full\"><a href=\"https:\/\/morenoprimero.com.ar\/wp-content\/uploads\/2021\/11\/FC4hdCnXsAcjFbO.jpg\"><img loading=\"lazy\" decoding=\"async\" width=\"1024\" height=\"682\" src=\"https:\/\/morenoprimero.com.ar\/wp-content\/uploads\/2021\/11\/FC4hdCnXsAcjFbO.jpg\" alt=\"\" class=\"wp-image-20703\" srcset=\"https:\/\/morenoprimero.com.ar\/archivo\/wp-content\/uploads\/2021\/11\/FC4hdCnXsAcjFbO.jpg 1024w, https:\/\/morenoprimero.com.ar\/archivo\/wp-content\/uploads\/2021\/11\/FC4hdCnXsAcjFbO-300x200.jpg 300w, https:\/\/morenoprimero.com.ar\/archivo\/wp-content\/uploads\/2021\/11\/FC4hdCnXsAcjFbO-768x512.jpg 768w\" sizes=\"auto, (max-width: 1024px) 100vw, 1024px\" \/><\/a><figcaption>Ampliaci\u00f3n de la ruta provincial N\u00b024<\/figcaption><\/figure><\/div>\n\n\n\n<p>Gracias a la planta asf\u00e1ltica municipal, a la secretaria de obras y servicios p\u00fablicos, comenz\u00f3 a saldarse la deuda de m\u00e1s de 20 a\u00f1os con las y los vecinos del Municipio que permite pavimentar calles todos los d\u00edas y, de esta forma, dar respuesta a los hist\u00f3ricos reclamos de la comunidad.&nbsp;&nbsp;&nbsp;&nbsp;<\/p>\n\n\n\n<p>Mariel Fern\u00e1ndez, expres\u00f3 sobre la adquisici\u00f3n de la planta asf\u00e1ltica que: <strong>\u201cEs una alegr\u00eda enorme y muy importante porque con esta planta hacemos rendir un 40% m\u00e1s el presupuesto que recibimos para reparar calles y podemos destinarlo a m\u00e1s asfaltos. Estamos muy agradecidos con nuestro&nbsp;presidente&nbsp;Alberto Fern\u00e1ndez, con el ministro&nbsp;Wado&nbsp;de Pedro, con el&nbsp;secretario nacional&nbsp;de Municipios Avelino Zurro y con el diputado M\u00e1ximo Kirchner que lo hicieron posible\u201d<\/strong>, destac\u00f3 la Intendenta.&nbsp;<\/p>\n\n\n\n<p><\/p>\n\n\n\n<div class=\"wp-block-image\"><figure class=\"aligncenter size-full\"><a href=\"https:\/\/morenoprimero.com.ar\/wp-content\/uploads\/2021\/11\/249048081_4403734429724657_7865890610849460083_n.jpg\"><img loading=\"lazy\" decoding=\"async\" width=\"853\" height=\"568\" src=\"https:\/\/morenoprimero.com.ar\/wp-content\/uploads\/2021\/11\/249048081_4403734429724657_7865890610849460083_n.jpg\" alt=\"\" class=\"wp-image-20704\" srcset=\"https:\/\/morenoprimero.com.ar\/archivo\/wp-content\/uploads\/2021\/11\/249048081_4403734429724657_7865890610849460083_n.jpg 853w, https:\/\/morenoprimero.com.ar\/archivo\/wp-content\/uploads\/2021\/11\/249048081_4403734429724657_7865890610849460083_n-300x200.jpg 300w, https:\/\/morenoprimero.com.ar\/archivo\/wp-content\/uploads\/2021\/11\/249048081_4403734429724657_7865890610849460083_n-768x511.jpg 768w\" sizes=\"auto, (max-width: 853px) 100vw, 853px\" \/><\/a><figcaption>Pavimentaci\u00f3n de la calle Bongovanni entre Dr. Gines de la Quintana y Rosario en Paso del Rey.<\/figcaption><\/figure><\/div>\n","protected":false},"excerpt":{"rendered":"<p>Desde el mes de julio, se pavimentan entre dos y tres cuadras a lo largo de todos los barrios\u00a0morenenses. En esta nota, te contamos c\u00f3mo fue adquirida la planta, d\u00f3nde est\u00e1 ubicada y qu\u00e9 barrios se est\u00e1n pavimentando.\u00a0 En junio &hellip; <a href=\"https:\/\/morenoprimero.com.ar\/archivo\/continua-la-pavimentacion-en-moreno-gracias-a-la-planta-asfaltica-que-consiguio-el-municipio\/\">Sigue leyendo <span class=\"meta-nav\">&rarr;<\/span><\/a><\/p>\n","protected":false},"author":6,"featured_media":20699,"comment_status":"closed","ping_status":"closed","sticky":false,"template":"","format":"standard","meta":{"footnotes":""},"categories":[3,2328],"tags":[645,132,276,6,102,60,3334],"class_list":["post-20697","post","type-post","status-publish","format-standard","has-post-thumbnail","hentry","category-importantes","category-local","tag-alberto-fernandez-2","tag-axel-kicillof","tag-mariel-fernandez","tag-moreno","tag-municipio-de-moreno","tag-provincia-de-buenos-aires","tag-secretaria-de-obras-y-servicios-publicos-3"],"_links":{"self":[{"href":"https:\/\/morenoprimero.com.ar\/archivo\/wp-json\/wp\/v2\/posts\/20697","targetHints":{"allow":["GET"]}}],"collection":[{"href":"https:\/\/morenoprimero.com.ar\/archivo\/wp-json\/wp\/v2\/posts"}],"about":[{"href":"https:\/\/morenoprimero.com.ar\/archivo\/wp-json\/wp\/v2\/types\/post"}],"author":[{"embeddable":true,"href":"https:\/\/morenoprimero.com.ar\/archivo\/wp-json\/wp\/v2\/users\/6"}],"replies":[{"embeddable":true,"href":"https:\/\/morenoprimero.com.ar\/archivo\/wp-json\/wp\/v2\/comments?post=20697"}],"version-history":[{"count":2,"href":"https:\/\/morenoprimero.com.ar\/archivo\/wp-json\/wp\/v2\/posts\/20697\/revisions"}],"predecessor-version":[{"id":20838,"href":"https:\/\/morenoprimero.com.ar\/archivo\/wp-json\/wp\/v2\/posts\/20697\/revisions\/20838"}],"wp:featuredmedia":[{"embeddable":true,"href":"https:\/\/morenoprimero.com.ar\/archivo\/wp-json\/wp\/v2\/media\/20699"}],"wp:attachment":[{"href":"https:\/\/morenoprimero.com.ar\/archivo\/wp-json\/wp\/v2\/media?parent=20697"}],"wp:term":[{"taxonomy":"category","embeddable":true,"href":"https:\/\/morenoprimero.com.ar\/archivo\/wp-json\/wp\/v2\/categories?post=20697"},{"taxonomy":"post_tag","embeddable":true,"href":"https:\/\/morenoprimero.com.ar\/archivo\/wp-json\/wp\/v2\/tags?post=20697"}],"curies":[{"name":"wp","href":"https:\/\/api.w.org\/{rel}","templated":true}]}}