{"id":20576,"date":"2021-11-03T12:57:54","date_gmt":"2021-11-03T15:57:54","guid":{"rendered":"https:\/\/morenoprimero.com.ar\/?p=20576"},"modified":"2021-11-03T12:59:18","modified_gmt":"2021-11-03T15:59:18","slug":"el-deporte-no-tiene-genero-se-realizo-el-1-encuentro-infantil-mixto-en-moreno","status":"publish","type":"post","link":"https:\/\/morenoprimero.com.ar\/archivo\/el-deporte-no-tiene-genero-se-realizo-el-1-encuentro-infantil-mixto-en-moreno\/","title":{"rendered":"El deporte no tiene g\u00e9nero: se realiz\u00f3 el 1\u00b0 encuentro infantil mixto en Moreno"},"content":{"rendered":"\n<h5 class=\"wp-block-heading\">El encuentro se organiz\u00f3 en el polideportivo San Carlos, donde participaron m\u00e1s de 180 jugadores y jugadoras que disfrutaron del f\u00fatbol y mostraron, una vez m\u00e1s, que el deporte no tiene g\u00e9nero. Juan Rivas, responsable de la Liga de Escuelas de F\u00fatbol Mixto, expres\u00f3 c\u00f3mo se vivi\u00f3 el primer encuentro y cu\u00e1ndo ser\u00e1 la pr\u00f3xima jornada de f\u00fatbol mixto.&nbsp;<\/h5>\n\n\n\n<p>El s\u00e1bado 30 de octubre, se realiz\u00f3 el primer encuentro infantil de f\u00fatbol mixto en el <strong>polideportivo San Carlos<\/strong>, convocado por la Subsecretaria de Deportes a cargo de <strong>Camilo&nbsp;Gim\u00e9nez<\/strong>,  y con la presencia y colaboraci\u00f3n del<strong>&nbsp;Club La Rivera, El Abuelo, Los Pucara, las escuelas de f\u00fatbol de los polideportivos&nbsp;Catonas, Paso del Rey y San Carlos<\/strong>, con el objetivo de que los m\u00e1s chicos pudieran disfrutar de una jornada de f\u00fatbol junto a amigos y familia.&nbsp;<\/p>\n\n\n\n<p>Juan Rivas, responsable de la Liga de Escuelas de F\u00fatbol Mixto, expres\u00f3 : <strong>\u201cParticiparon 188 infancias de entre 6 y 14 a\u00f1os<\/strong>\u201d, y agreg\u00f3 que este tipo de encuentros sirven para \u201c<strong>generar convivencia entre las infancias, entendiendo que el deporte no tiene&nbsp;g\u00e9nero y que, particularmente, el f\u00fatbol no es exclusivo del var\u00f3n, sino todo lo contrario<\/strong>\u201d.&nbsp;<\/p>\n\n\n\n<p>El responsable de la<strong> Liga de Escuelas de F\u00fatbol Mixto<\/strong> adelant\u00f3 que el pr\u00f3ximo encuentro se realizar\u00e1 el 20 de noviembre en el polideportivo de Paso del Rey y sostuvo que, \u201c<strong>si todo contin\u00faa marchando bien, el objetivo ser\u00eda armar un torneo en este contexto de encuentros de f\u00fatbol mixto y tambi\u00e9n organizar actividades de verano para las y los m\u00e1s chicos<\/strong>\u201d.&nbsp;<\/p>\n\n\n\n<p>Por \u00faltimo, <strong>Juan Rivas<\/strong> resalt\u00f3 que los encuentros sirven tambi\u00e9n para \u201c<strong>generar un espacio de conocimiento de la comunidad y de los polideportivos municipales que son gratuitos y abiertos a todo el p\u00fablico, ofreciendo as\u00ed la oportunidad de que sean reconocidos<\/strong>\u201d.&nbsp;&nbsp;<\/p>\n\n\n\n<p><\/p>\n\n\n\n<figure class=\"wp-block-gallery columns-2 is-cropped wp-block-gallery-1 is-layout-flex wp-block-gallery-is-layout-flex\"><ul class=\"blocks-gallery-grid\"><li class=\"blocks-gallery-item\"><figure><a href=\"https:\/\/morenoprimero.com.ar\/wp-content\/uploads\/2021\/11\/inscripcion-576x1024.jpg\"><img loading=\"lazy\" decoding=\"async\" width=\"576\" height=\"1024\" src=\"https:\/\/morenoprimero.com.ar\/wp-content\/uploads\/2021\/11\/inscripcion-576x1024.jpg\" alt=\"\" data-id=\"20580\" class=\"wp-image-20580\" srcset=\"https:\/\/morenoprimero.com.ar\/archivo\/wp-content\/uploads\/2021\/11\/inscripcion-576x1024.jpg 576w, https:\/\/morenoprimero.com.ar\/archivo\/wp-content\/uploads\/2021\/11\/inscripcion-169x300.jpg 169w, https:\/\/morenoprimero.com.ar\/archivo\/wp-content\/uploads\/2021\/11\/inscripcion.jpg 581w\" sizes=\"auto, (max-width: 576px) 100vw, 576px\" \/><\/a><\/figure><\/li><li class=\"blocks-gallery-item\"><figure><a href=\"https:\/\/morenoprimero.com.ar\/wp-content\/uploads\/2021\/11\/247248862_1495491167494353_185022514294563733_n-1024x768.jpg\"><img loading=\"lazy\" decoding=\"async\" width=\"1024\" height=\"768\" src=\"https:\/\/morenoprimero.com.ar\/wp-content\/uploads\/2021\/11\/247248862_1495491167494353_185022514294563733_n-1024x768.jpg\" alt=\"\" data-id=\"20581\" data-link=\"https:\/\/morenoprimero.com.ar\/?attachment_id=20581\" class=\"wp-image-20581\" srcset=\"https:\/\/morenoprimero.com.ar\/archivo\/wp-content\/uploads\/2021\/11\/247248862_1495491167494353_185022514294563733_n-1024x768.jpg 1024w, https:\/\/morenoprimero.com.ar\/archivo\/wp-content\/uploads\/2021\/11\/247248862_1495491167494353_185022514294563733_n-300x225.jpg 300w, https:\/\/morenoprimero.com.ar\/archivo\/wp-content\/uploads\/2021\/11\/247248862_1495491167494353_185022514294563733_n-768x576.jpg 768w, https:\/\/morenoprimero.com.ar\/archivo\/wp-content\/uploads\/2021\/11\/247248862_1495491167494353_185022514294563733_n.jpg 1280w\" sizes=\"auto, (max-width: 1024px) 100vw, 1024px\" \/><\/a><\/figure><\/li><\/ul><\/figure>\n","protected":false},"excerpt":{"rendered":"<p>El encuentro se organiz\u00f3 en el polideportivo San Carlos, donde participaron m\u00e1s de 180 jugadores y jugadoras que disfrutaron del f\u00fatbol y mostraron, una vez m\u00e1s, que el deporte no tiene g\u00e9nero. Juan Rivas, responsable de la Liga de Escuelas &hellip; <a href=\"https:\/\/morenoprimero.com.ar\/archivo\/el-deporte-no-tiene-genero-se-realizo-el-1-encuentro-infantil-mixto-en-moreno\/\">Sigue leyendo <span class=\"meta-nav\">&rarr;<\/span><\/a><\/p>\n","protected":false},"author":6,"featured_media":20579,"comment_status":"closed","ping_status":"closed","sticky":false,"template":"","format":"standard","meta":{"footnotes":""},"categories":[673,2328],"tags":[158,1049,276,6,102],"class_list":["post-20576","post","type-post","status-publish","format-standard","has-post-thumbnail","hentry","category-deporte","category-local","tag-deporte","tag-genero-3","tag-mariel-fernandez","tag-moreno","tag-municipio-de-moreno"],"_links":{"self":[{"href":"https:\/\/morenoprimero.com.ar\/archivo\/wp-json\/wp\/v2\/posts\/20576","targetHints":{"allow":["GET"]}}],"collection":[{"href":"https:\/\/morenoprimero.com.ar\/archivo\/wp-json\/wp\/v2\/posts"}],"about":[{"href":"https:\/\/morenoprimero.com.ar\/archivo\/wp-json\/wp\/v2\/types\/post"}],"author":[{"embeddable":true,"href":"https:\/\/morenoprimero.com.ar\/archivo\/wp-json\/wp\/v2\/users\/6"}],"replies":[{"embeddable":true,"href":"https:\/\/morenoprimero.com.ar\/archivo\/wp-json\/wp\/v2\/comments?post=20576"}],"version-history":[{"count":5,"href":"https:\/\/morenoprimero.com.ar\/archivo\/wp-json\/wp\/v2\/posts\/20576\/revisions"}],"predecessor-version":[{"id":20590,"href":"https:\/\/morenoprimero.com.ar\/archivo\/wp-json\/wp\/v2\/posts\/20576\/revisions\/20590"}],"wp:featuredmedia":[{"embeddable":true,"href":"https:\/\/morenoprimero.com.ar\/archivo\/wp-json\/wp\/v2\/media\/20579"}],"wp:attachment":[{"href":"https:\/\/morenoprimero.com.ar\/archivo\/wp-json\/wp\/v2\/media?parent=20576"}],"wp:term":[{"taxonomy":"category","embeddable":true,"href":"https:\/\/morenoprimero.com.ar\/archivo\/wp-json\/wp\/v2\/categories?post=20576"},{"taxonomy":"post_tag","embeddable":true,"href":"https:\/\/morenoprimero.com.ar\/archivo\/wp-json\/wp\/v2\/tags?post=20576"}],"curies":[{"name":"wp","href":"https:\/\/api.w.org\/{rel}","templated":true}]}}