{"id":20556,"date":"2021-11-03T10:29:37","date_gmt":"2021-11-03T13:29:37","guid":{"rendered":"https:\/\/morenoprimero.com.ar\/?p=20556"},"modified":"2021-11-03T11:37:20","modified_gmt":"2021-11-03T14:37:20","slug":"comenzo-la-construccion-del-espacio-recreativo-y-deportivo-en-francisco-alvarez","status":"publish","type":"post","link":"https:\/\/morenoprimero.com.ar\/archivo\/comenzo-la-construccion-del-espacio-recreativo-y-deportivo-en-francisco-alvarez\/","title":{"rendered":"Comenz\u00f3 la construcci\u00f3n del espacio recreativo y deportivo en Francisco \u00c1lvarez"},"content":{"rendered":"\n<h5 class=\"wp-block-heading\">Se trata de un gran play\u00f3n con juegos infantiles, juegos saludables y contar\u00e1 con m\u00e1s de 200 \u00e1rboles y 700 arbustos.<\/h5>\n\n\n\n<p>Comenz\u00f3 la construcci\u00f3n de un espacio recreativo y deportivo en <strong>Francisco \u00c1lvarez<\/strong> que contar\u00e1 con juegos infantiles, luminarias, juegos saludables en donde se plantar\u00e1n <strong>200 \u00e1rboles y 700 arbustos<\/strong>. La construcci\u00f3n de la misma est\u00e1 a cargo de<strong> la Secretaria de Obras y Servicios P\u00fablicos<\/strong> junto a la <strong>Delegaci\u00f3n de Francisco \u00c1lvarez<\/strong> y el <strong>IMDEL<\/strong>, a trav\u00e9s del Programa Potenciar Trabajo.<\/p>\n\n\n\n<p>Los trabajos comenzaron con las veredas perimetrales y, a trav\u00e9s del programa de <strong>Arbolado P\u00fablico<\/strong>, se embelleci\u00f3 y forest\u00f3 la plaza con plantas nativas. Asimismo, la delegada de <strong>Francisco \u00c1lvarez<\/strong>, <strong>Antonella Moyano<\/strong>, explic\u00f3 que, adem\u00e1s de la obra del nuevo espacio recreativo, \u00ab<strong>se est\u00e1 llevando a cabo un proyecto de veredas en el Barrio G\u00fcemes<\/strong>\u201d, como as\u00ed tambi\u00e9n <strong>\u201cestamos realizando el proyecto de asfalto que son 600 metros en el Barrio La Providencia, que ya llevamos dos calles asfaltadas\u201d.<\/strong><\/p>\n\n\n\n<p>Adem\u00e1s, la joven delegada resalt\u00f3 que el crecimiento que atraviesa el pueblo de <strong>Francisco \u00c1lvarez <\/strong>en todos los barrios \u201c<strong>se realiza junto a las organizaciones, a las instituciones que nos acompa\u00f1an y, sobre todo, a la comunidad, porque todos los d\u00edas trabajamos junto a ella<\/strong>\u201d.<\/p>\n\n\n\n<p>De esta manera, la gesti\u00f3n de <strong>Mariel Fern\u00e1ndez <\/strong>rehabilita un espacio p\u00fablico con el objetivo de brindar un lugar de esparcimiento y mejorar el bienestar de la comunidad de Moreno.<\/p>\n\n\n\n<figure class=\"wp-block-gallery columns-3 is-cropped wp-block-gallery-1 is-layout-flex wp-block-gallery-is-layout-flex\"><ul class=\"blocks-gallery-grid\"><li class=\"blocks-gallery-item\"><figure><a href=\"https:\/\/morenoprimero.com.ar\/wp-content\/uploads\/2021\/11\/Espacio-recreativo-Alvarez-1024x682.jpg\"><img loading=\"lazy\" decoding=\"async\" width=\"1024\" height=\"682\" src=\"https:\/\/morenoprimero.com.ar\/wp-content\/uploads\/2021\/11\/Espacio-recreativo-Alvarez-1024x682.jpg\" alt=\"\" data-id=\"20566\" class=\"wp-image-20566\" srcset=\"https:\/\/morenoprimero.com.ar\/archivo\/wp-content\/uploads\/2021\/11\/Espacio-recreativo-Alvarez-1024x682.jpg 1024w, https:\/\/morenoprimero.com.ar\/archivo\/wp-content\/uploads\/2021\/11\/Espacio-recreativo-Alvarez-300x200.jpg 300w, https:\/\/morenoprimero.com.ar\/archivo\/wp-content\/uploads\/2021\/11\/Espacio-recreativo-Alvarez-768x512.jpg 768w, https:\/\/morenoprimero.com.ar\/archivo\/wp-content\/uploads\/2021\/11\/Espacio-recreativo-Alvarez.jpg 1280w\" sizes=\"auto, (max-width: 1024px) 100vw, 1024px\" \/><\/a><\/figure><\/li><li class=\"blocks-gallery-item\"><figure><a href=\"https:\/\/morenoprimero.com.ar\/wp-content\/uploads\/2021\/11\/Espacio-recreativo-Francisco-Alvarez.jpg\"><img loading=\"lazy\" decoding=\"async\" width=\"1024\" height=\"682\" src=\"https:\/\/morenoprimero.com.ar\/wp-content\/uploads\/2021\/11\/Espacio-recreativo-Francisco-Alvarez.jpg\" alt=\"\" data-id=\"20567\" data-link=\"https:\/\/morenoprimero.com.ar\/?attachment_id=20567\" class=\"wp-image-20567\" srcset=\"https:\/\/morenoprimero.com.ar\/archivo\/wp-content\/uploads\/2021\/11\/Espacio-recreativo-Francisco-Alvarez.jpg 1024w, https:\/\/morenoprimero.com.ar\/archivo\/wp-content\/uploads\/2021\/11\/Espacio-recreativo-Francisco-Alvarez-300x200.jpg 300w, https:\/\/morenoprimero.com.ar\/archivo\/wp-content\/uploads\/2021\/11\/Espacio-recreativo-Francisco-Alvarez-768x512.jpg 768w\" sizes=\"auto, (max-width: 1024px) 100vw, 1024px\" \/><\/a><\/figure><\/li><li class=\"blocks-gallery-item\"><figure><a href=\"https:\/\/morenoprimero.com.ar\/wp-content\/uploads\/2021\/11\/Espacio-recreativo-Alvarez-1.jpg\"><img loading=\"lazy\" decoding=\"async\" width=\"1024\" height=\"682\" src=\"https:\/\/morenoprimero.com.ar\/wp-content\/uploads\/2021\/11\/Espacio-recreativo-Alvarez-1-1024x682.jpg\" alt=\"\" data-id=\"20568\" data-full-url=\"https:\/\/morenoprimero.com.ar\/wp-content\/uploads\/2021\/11\/Espacio-recreativo-Alvarez-1.jpg\" data-link=\"https:\/\/morenoprimero.com.ar\/?attachment_id=20568\" class=\"wp-image-20568\" srcset=\"https:\/\/morenoprimero.com.ar\/archivo\/wp-content\/uploads\/2021\/11\/Espacio-recreativo-Alvarez-1-1024x682.jpg 1024w, https:\/\/morenoprimero.com.ar\/archivo\/wp-content\/uploads\/2021\/11\/Espacio-recreativo-Alvarez-1-300x200.jpg 300w, https:\/\/morenoprimero.com.ar\/archivo\/wp-content\/uploads\/2021\/11\/Espacio-recreativo-Alvarez-1-768x512.jpg 768w, https:\/\/morenoprimero.com.ar\/archivo\/wp-content\/uploads\/2021\/11\/Espacio-recreativo-Alvarez-1.jpg 1280w\" sizes=\"auto, (max-width: 1024px) 100vw, 1024px\" \/><\/a><\/figure><\/li><\/ul><\/figure>\n\n\n\n<p><\/p>\n\n\n\n<p><\/p>\n\n\n\n<p><\/p>\n","protected":false},"excerpt":{"rendered":"<p>Se trata de un gran play\u00f3n con juegos infantiles, juegos saludables y contar\u00e1 con m\u00e1s de 200 \u00e1rboles y 700 arbustos. Comenz\u00f3 la construcci\u00f3n de un espacio recreativo y deportivo en Francisco \u00c1lvarez que contar\u00e1 con juegos infantiles, luminarias, juegos &hellip; <a href=\"https:\/\/morenoprimero.com.ar\/archivo\/comenzo-la-construccion-del-espacio-recreativo-y-deportivo-en-francisco-alvarez\/\">Sigue leyendo <span class=\"meta-nav\">&rarr;<\/span><\/a><\/p>\n","protected":false},"author":6,"featured_media":20571,"comment_status":"closed","ping_status":"closed","sticky":false,"template":"","format":"standard","meta":{"footnotes":""},"categories":[2457,2328],"tags":[3328,242,276,6,102,3326,389],"class_list":["post-20556","post","type-post","status-publish","format-standard","has-post-thumbnail","hentry","category-franciscoalvarez","category-local","tag-delegacion-de-francisco-alvarez-2","tag-imdel","tag-mariel-fernandez","tag-moreno","tag-municipio-de-moreno","tag-nuevo-espacio-recreativo","tag-secretaria-de-obras-y-servicios-publicos"],"_links":{"self":[{"href":"https:\/\/morenoprimero.com.ar\/archivo\/wp-json\/wp\/v2\/posts\/20556","targetHints":{"allow":["GET"]}}],"collection":[{"href":"https:\/\/morenoprimero.com.ar\/archivo\/wp-json\/wp\/v2\/posts"}],"about":[{"href":"https:\/\/morenoprimero.com.ar\/archivo\/wp-json\/wp\/v2\/types\/post"}],"author":[{"embeddable":true,"href":"https:\/\/morenoprimero.com.ar\/archivo\/wp-json\/wp\/v2\/users\/6"}],"replies":[{"embeddable":true,"href":"https:\/\/morenoprimero.com.ar\/archivo\/wp-json\/wp\/v2\/comments?post=20556"}],"version-history":[{"count":2,"href":"https:\/\/morenoprimero.com.ar\/archivo\/wp-json\/wp\/v2\/posts\/20556\/revisions"}],"predecessor-version":[{"id":20575,"href":"https:\/\/morenoprimero.com.ar\/archivo\/wp-json\/wp\/v2\/posts\/20556\/revisions\/20575"}],"wp:featuredmedia":[{"embeddable":true,"href":"https:\/\/morenoprimero.com.ar\/archivo\/wp-json\/wp\/v2\/media\/20571"}],"wp:attachment":[{"href":"https:\/\/morenoprimero.com.ar\/archivo\/wp-json\/wp\/v2\/media?parent=20556"}],"wp:term":[{"taxonomy":"category","embeddable":true,"href":"https:\/\/morenoprimero.com.ar\/archivo\/wp-json\/wp\/v2\/categories?post=20556"},{"taxonomy":"post_tag","embeddable":true,"href":"https:\/\/morenoprimero.com.ar\/archivo\/wp-json\/wp\/v2\/tags?post=20556"}],"curies":[{"name":"wp","href":"https:\/\/api.w.org\/{rel}","templated":true}]}}