{"id":20550,"date":"2021-11-03T10:18:57","date_gmt":"2021-11-03T13:18:57","guid":{"rendered":"https:\/\/morenoprimero.com.ar\/?p=20550"},"modified":"2021-11-03T10:18:59","modified_gmt":"2021-11-03T13:18:59","slug":"macri-se-presenta-nuevamente-a-declarar-tras-recibir-fuego-amigo","status":"publish","type":"post","link":"https:\/\/morenoprimero.com.ar\/archivo\/macri-se-presenta-nuevamente-a-declarar-tras-recibir-fuego-amigo\/","title":{"rendered":"Macri se presenta nuevamente a declarar tras recibir \u201cfuego amigo\u201d"},"content":{"rendered":"\n<p>En la causa por presunto espionaje ilegal a familiares de los 44 fallecidos del submarino Ara San Juan, Macri expres\u00f3 que se presentar\u00e1 a declarar las veces que sea necesario, pero ya son cuatro las veces que se excus\u00f3. Mientras tanto, el PRO intent\u00f3 defenderlo y cometi\u00f3 un fallido al decir que el ex presidente \u201chubiera incurrido en un nuevo delito\u201d. Valeria Carreras y Luis Tagliapietra, abogados en la causa, expresaron su preocupaci\u00f3n por las intenciones de Macri de salir del pa\u00eds. <\/p>\n\n\n\n<p>El expresidente <strong>Mauricio Macri <\/strong>deber\u00e1 presentarse este mi\u00e9rcoles a las 12 del mediod\u00eda en el Juzgado Federal de Dolores a <strong>prestar declaraci\u00f3n indagatoria en la causa por presunto espionaje ilegal a familiares de tripulantes del submarino ARA San Juan, ya relevado de la obligaci\u00f3n de guardar secreto.<\/strong><\/p>\n\n\n\n<p><\/p>\n\n\n\n<p><strong>Cuatro excusas<\/strong><\/p>\n\n\n\n<p>A pesar de haber dicho que se presentar\u00e1 a declarar las veces que sea necesario, <strong>ya son cuatro las veces que se excus\u00f3<\/strong>:<\/p>\n\n\n\n<p>1)Macri fue citado por primera vez para el 7 de octubre, pero no se present\u00f3 porque estaba fuera del pa\u00eds<\/p>\n\n\n\n<p>2)Luego falt\u00f3 a la segunda convocatoria, fijada para el 20 de octubre, oportunidad en la que su abogado present\u00f3 por v\u00eda remota la primera recusaci\u00f3n contra el juez.<\/p>\n\n\n\n<p>3) La tercera convocatoria fue la del jueves pasado que se suspendi\u00f3 por el pedido de la defensa de Macri, acompa\u00f1ado por el fiscal Juan Pablo Curi. En esa audiencia del jueves pasado el expresidente lleg\u00f3 a escuchar la lectura de los cargos en su contra, antes de que su defensa pidiera la suspensi\u00f3n por no haberse hecho el pedido de relevarlo del deber de confidencialidad en base a la ley de Inteligencia 25520.<\/p>\n\n\n\n<p>4) Este hecho deriv\u00f3 en una segunda recusaci\u00f3n presentada por el abogado del exmandatario, Pablo Lanusse, que el propio magistrado rechaz\u00f3&nbsp; \u00abin limine\u00bb tras se\u00f1alar que no hab\u00eda ning\u00fan motivo para que prosperara su apartamiento del expediente.<\/p>\n\n\n\n<p>El incidente de recusaci\u00f3n ya se encuentra en manos de la C\u00e1mara Federal de Mar del Plata que, a diferencia de lo que hizo en el primer intento de la defensa de Macri,<strong>&nbsp;este martes convoc\u00f3 a una audiencia para el 12 de noviembre y reci\u00e9n despu\u00e9s decidir\u00e1 si confirma o aparta al magistrado<\/strong>, aunque no suspende la indagatoria prevista para este mi\u00e9rcoles.<\/p>\n\n\n\n<p><br><br><strong>Preocupaci\u00f3n por posible salida de Macri del pa\u00eds y p\u00e9rdida de credibilidad de la Justicia<\/strong><\/p>\n\n\n\n<p>La abogada<strong> Valeria Carreras<\/strong>, represe<strong>ntante legal de una de las querellas, consider\u00f3 que la decisi\u00f3n adoptada por \u201cla C\u00e1mara en esta oportunidad es una clara se\u00f1al contra el juez Bava<\/strong>\u201d y lament\u00f3 que implicara una \u201c<strong>nueva p\u00e9rdida de credibilidad de la Justicia<\/strong>\u201d.&nbsp; Adem\u00e1s, en di\u00e1logo con T\u00e9lam, la abogada sostuvo que \u201c<strong>al hacer lugar al pedido de prueba del imputado Macri<\/strong>, la cual incluye sea remitido el video de la audiencia de indagatoria del d\u00eda 28\/10\/21, <strong>est\u00e1 poniendo en duda los dichos del juez volcados en el acta de indagatoria de ese d\u00eda<\/strong> que fuera firmada tanto por Macri como por su defensor particular Lanusse. La misma querella hab\u00eda denunciado el lunes que el expresidente est\u00e1 actuando en el expediente con \u201cmala fe\u201d procesal al se\u00f1alar que desde que fue llamado a indagatoria el 1 de octubre pasado recurri\u00f3 a distintas \u201cchicanas\u201d para evitar tener que rendir cuentas ante la Justicia, y tienen que ver con la misma preocupaci\u00f3n que Luis Tagliapetra, padre de uno de los tripulantes del Ara San Juan.<\/p>\n\n\n\n<p><strong>Mauricio Macri tiene restringida la salida del pa\u00eds y en dos ocasiones expres\u00f3 su intenci\u00f3n de irse de Argentina, una alusi\u00f3n y otra concreta.<\/strong> Es por eso que el abogado <strong>Luis Tagliapietra<\/strong>, manifest\u00f3 su oposici\u00f3n al pedido de autorizaci\u00f3n formulado por la defensa de Macri para que lo autorice a salir del pa\u00eds y <strong>reiter\u00f3 el pedido de que se le dicte prisi\u00f3n preventiva porque considera que su actitud representa un riesgo para el expediente<\/strong>.&nbsp;<br><br>Tagliapietra enumer\u00f3 que Macri busc\u00f3 de distintas formas eludir su indagatoria, que <strong>quiere irse a Arabia Saudita \u2013\u201cpa\u00eds con el que no hay acuerdo de extradici\u00f3n\u201d- e hizo p\u00fablica su intenci\u00f3n de irse a dar clases a una universidad de los Estados Unidos<\/strong>.<\/p>\n\n\n\n<figure class=\"wp-block-gallery columns-2 is-cropped wp-block-gallery-1 is-layout-flex wp-block-gallery-is-layout-flex\"><ul class=\"blocks-gallery-grid\"><li class=\"blocks-gallery-item\"><figure><a href=\"https:\/\/morenoprimero.com.ar\/wp-content\/uploads\/2021\/11\/Luis-Tagliapietra.jpg\"><img loading=\"lazy\" decoding=\"async\" width=\"287\" height=\"176\" src=\"https:\/\/morenoprimero.com.ar\/wp-content\/uploads\/2021\/11\/Luis-Tagliapietra.jpg\" alt=\"\" data-id=\"20553\" data-full-url=\"https:\/\/morenoprimero.com.ar\/wp-content\/uploads\/2021\/11\/Luis-Tagliapietra.jpg\" data-link=\"https:\/\/morenoprimero.com.ar\/?attachment_id=20553\" class=\"wp-image-20553\"\/><\/a><\/figure><\/li><li class=\"blocks-gallery-item\"><figure><a href=\"https:\/\/morenoprimero.com.ar\/wp-content\/uploads\/2021\/11\/Valeria-Carreras.jpg\"><img loading=\"lazy\" decoding=\"async\" width=\"300\" height=\"168\" src=\"https:\/\/morenoprimero.com.ar\/wp-content\/uploads\/2021\/11\/Valeria-Carreras.jpg\" alt=\"\" data-id=\"20554\" data-full-url=\"https:\/\/morenoprimero.com.ar\/wp-content\/uploads\/2021\/11\/Valeria-Carreras.jpg\" data-link=\"https:\/\/morenoprimero.com.ar\/?attachment_id=20554\" class=\"wp-image-20554\"\/><\/a><\/figure><\/li><\/ul><figcaption class=\"blocks-gallery-caption\">A la izquierda, Luis Tagliaprietra. A la derecha, Valeria Carreras.<\/figcaption><\/figure>\n\n\n\n<p><\/p>\n\n\n\n<p><strong>Fuego Amigo<\/strong><\/p>\n\n\n\n<p>La cuenta oficial del&nbsp;PRO public\u00f3 en Twitter&nbsp;un video titulado&nbsp;<strong>\u00ab\u00bfPor qu\u00e9 citan a declarar a Mauricio Macri?\u00bb<\/strong>, explicando la posici\u00f3n del ex mandatario sobre su&nbsp;citaci\u00f3n a declaraci\u00f3n indagatoria, pero el presentador cometi\u00f3 un fallido que no pas\u00f3 desapercibido en las red social del&nbsp;del pajarito.<\/p>\n\n\n\n<p>En el video, el presentador explica que Macri fue citado a indagatoria la semana pasada \u201cpero el juez Bava, aparentemente, se olvid\u00f3 de pedir el relevo del secreto por haber sido ex presidente\u201d. Sin embargo, a continuaci\u00f3n, el presentador cometi\u00f3 un fallido: &nbsp;\u201c<strong><em>Porque cuando uno maneja secretos de estado y tiene inteligencia bajo su control tiene que pedir que lo releven para poder contarla, sino hubiera incurrido en un nuevo delito\u00bb.<\/em><\/strong><\/p>\n\n\n\n<p>La publicaci\u00f3n fue borrada minutos m\u00e1s tarde.<\/p>\n\n\n\n<figure class=\"wp-block-gallery columns-2 is-cropped wp-block-gallery-2 is-layout-flex wp-block-gallery-is-layout-flex\"><ul class=\"blocks-gallery-grid\"><li class=\"blocks-gallery-item\"><figure><a href=\"https:\/\/morenoprimero.com.ar\/wp-content\/uploads\/2021\/11\/Fallido2.jpeg\"><img loading=\"lazy\" decoding=\"async\" width=\"834\" height=\"1024\" src=\"https:\/\/morenoprimero.com.ar\/wp-content\/uploads\/2021\/11\/Fallido2-834x1024.jpeg\" alt=\"\" data-id=\"20557\" data-full-url=\"https:\/\/morenoprimero.com.ar\/wp-content\/uploads\/2021\/11\/Fallido2.jpeg\" data-link=\"https:\/\/morenoprimero.com.ar\/?attachment_id=20557\" class=\"wp-image-20557\" srcset=\"https:\/\/morenoprimero.com.ar\/archivo\/wp-content\/uploads\/2021\/11\/Fallido2-834x1024.jpeg 834w, https:\/\/morenoprimero.com.ar\/archivo\/wp-content\/uploads\/2021\/11\/Fallido2-244x300.jpeg 244w, https:\/\/morenoprimero.com.ar\/archivo\/wp-content\/uploads\/2021\/11\/Fallido2-768x943.jpeg 768w, https:\/\/morenoprimero.com.ar\/archivo\/wp-content\/uploads\/2021\/11\/Fallido2.jpeg 1080w\" sizes=\"auto, (max-width: 834px) 100vw, 834px\" \/><\/a><\/figure><\/li><li class=\"blocks-gallery-item\"><figure><a href=\"https:\/\/morenoprimero.com.ar\/wp-content\/uploads\/2021\/11\/Fallido1.jpeg\"><img loading=\"lazy\" decoding=\"async\" width=\"842\" height=\"1024\" src=\"https:\/\/morenoprimero.com.ar\/wp-content\/uploads\/2021\/11\/Fallido1-842x1024.jpeg\" alt=\"\" data-id=\"20558\" data-full-url=\"https:\/\/morenoprimero.com.ar\/wp-content\/uploads\/2021\/11\/Fallido1.jpeg\" data-link=\"https:\/\/morenoprimero.com.ar\/?attachment_id=20558\" class=\"wp-image-20558\" srcset=\"https:\/\/morenoprimero.com.ar\/archivo\/wp-content\/uploads\/2021\/11\/Fallido1-842x1024.jpeg 842w, https:\/\/morenoprimero.com.ar\/archivo\/wp-content\/uploads\/2021\/11\/Fallido1-247x300.jpeg 247w, https:\/\/morenoprimero.com.ar\/archivo\/wp-content\/uploads\/2021\/11\/Fallido1-768x934.jpeg 768w, https:\/\/morenoprimero.com.ar\/archivo\/wp-content\/uploads\/2021\/11\/Fallido1.jpeg 1080w\" sizes=\"auto, (max-width: 842px) 100vw, 842px\" \/><\/a><\/figure><\/li><\/ul><\/figure>\n\n\n\n<p><\/p>\n\n\n\n<p><strong>Seis acusaciones concretas<\/strong><\/p>\n\n\n\n<p>El exmandatario ejercer\u00e1 su derecho a defensa en torno <strong>a seis acusaciones concretas de hechos de espionaje ilegal a familiares de los 44 fallecidos en el hundimiento del submarino en 2017, al estar imputado por maniobras de espionaje. <\/strong>Como presidente era el responsable de fijar los lineamientos estrat\u00e9gicos y objetivos generales de la pol\u00edtica de Inteligencia Nacional, seg\u00fan la ley de inteligencia, se sostuvo al convocarlo a indagatoria, en una resoluci\u00f3n que firm\u00f3 Bava el 1 de octubre pasado.<br><br><strong>Adem\u00e1s, la Justicia sospecha que el exmandatario se nutri\u00f3 de informes elaborados por la AFI para poder conocer de antemano los reclamos que le har\u00edan los familiares de las v\u00edctimas y que alg\u00fan organismo del Estado pudo haber utilizado la informaci\u00f3n para saber con quienes se vinculaban.<\/strong><\/p>\n\n\n\n<p>En la causa abierta a ra\u00edz de una denuncia de la interventora de la Agencia Federal de Inteligencia Cristina Caama\u00f1o est\u00e1n acusados adem\u00e1s los exresponsables de la AFI en el macrismo Gustavo Arribas y Silvia Majdalani.<\/p>\n\n\n\n<figure class=\"wp-block-gallery columns-2 is-cropped wp-block-gallery-3 is-layout-flex wp-block-gallery-is-layout-flex\"><ul class=\"blocks-gallery-grid\"><li class=\"blocks-gallery-item\"><figure><a href=\"https:\/\/morenoprimero.com.ar\/wp-content\/uploads\/2021\/11\/Gustavo-Arribas.jpg\"><img loading=\"lazy\" decoding=\"async\" width=\"1024\" height=\"896\" src=\"https:\/\/morenoprimero.com.ar\/wp-content\/uploads\/2021\/11\/Gustavo-Arribas-1024x896.jpg\" alt=\"\" data-id=\"20559\" data-full-url=\"https:\/\/morenoprimero.com.ar\/wp-content\/uploads\/2021\/11\/Gustavo-Arribas.jpg\" data-link=\"https:\/\/morenoprimero.com.ar\/?attachment_id=20559\" class=\"wp-image-20559\" srcset=\"https:\/\/morenoprimero.com.ar\/archivo\/wp-content\/uploads\/2021\/11\/Gustavo-Arribas-1024x896.jpg 1024w, https:\/\/morenoprimero.com.ar\/archivo\/wp-content\/uploads\/2021\/11\/Gustavo-Arribas-300x263.jpg 300w, https:\/\/morenoprimero.com.ar\/archivo\/wp-content\/uploads\/2021\/11\/Gustavo-Arribas-768x672.jpg 768w, https:\/\/morenoprimero.com.ar\/archivo\/wp-content\/uploads\/2021\/11\/Gustavo-Arribas.jpg 1200w\" sizes=\"auto, (max-width: 1024px) 100vw, 1024px\" \/><\/a><\/figure><\/li><li class=\"blocks-gallery-item\"><figure><a href=\"https:\/\/morenoprimero.com.ar\/wp-content\/uploads\/2021\/11\/Majdalani.jpg\"><img loading=\"lazy\" decoding=\"async\" width=\"767\" height=\"430\" src=\"https:\/\/morenoprimero.com.ar\/wp-content\/uploads\/2021\/11\/Majdalani.jpg\" alt=\"\" data-id=\"20560\" data-full-url=\"https:\/\/morenoprimero.com.ar\/wp-content\/uploads\/2021\/11\/Majdalani.jpg\" data-link=\"https:\/\/morenoprimero.com.ar\/?attachment_id=20560\" class=\"wp-image-20560\" srcset=\"https:\/\/morenoprimero.com.ar\/archivo\/wp-content\/uploads\/2021\/11\/Majdalani.jpg 767w, https:\/\/morenoprimero.com.ar\/archivo\/wp-content\/uploads\/2021\/11\/Majdalani-300x168.jpg 300w\" sizes=\"auto, (max-width: 767px) 100vw, 767px\" \/><\/a><\/figure><\/li><\/ul><figcaption class=\"blocks-gallery-caption\">A la derecha, Gustavo Arribas. A la izquierda, Silvia Majdalani<\/figcaption><\/figure>\n","protected":false},"excerpt":{"rendered":"<p>En la causa por presunto espionaje ilegal a familiares de los 44 fallecidos del submarino Ara San Juan, Macri expres\u00f3 que se presentar\u00e1 a declarar las veces que sea necesario, pero ya son cuatro las veces que se excus\u00f3. Mientras &hellip; <a href=\"https:\/\/morenoprimero.com.ar\/archivo\/macri-se-presenta-nuevamente-a-declarar-tras-recibir-fuego-amigo\/\">Sigue leyendo <span class=\"meta-nav\">&rarr;<\/span><\/a><\/p>\n","protected":false},"author":6,"featured_media":20551,"comment_status":"closed","ping_status":"closed","sticky":false,"template":"","format":"standard","meta":{"footnotes":""},"categories":[2],"tags":[3325,1966,905,1579],"class_list":["post-20550","post","type-post","status-publish","format-standard","has-post-thumbnail","hentry","category-destacadas","tag-ara-san-juan","tag-dolores","tag-justicia","tag-mauricio-macri"],"_links":{"self":[{"href":"https:\/\/morenoprimero.com.ar\/archivo\/wp-json\/wp\/v2\/posts\/20550","targetHints":{"allow":["GET"]}}],"collection":[{"href":"https:\/\/morenoprimero.com.ar\/archivo\/wp-json\/wp\/v2\/posts"}],"about":[{"href":"https:\/\/morenoprimero.com.ar\/archivo\/wp-json\/wp\/v2\/types\/post"}],"author":[{"embeddable":true,"href":"https:\/\/morenoprimero.com.ar\/archivo\/wp-json\/wp\/v2\/users\/6"}],"replies":[{"embeddable":true,"href":"https:\/\/morenoprimero.com.ar\/archivo\/wp-json\/wp\/v2\/comments?post=20550"}],"version-history":[{"count":4,"href":"https:\/\/morenoprimero.com.ar\/archivo\/wp-json\/wp\/v2\/posts\/20550\/revisions"}],"predecessor-version":[{"id":20565,"href":"https:\/\/morenoprimero.com.ar\/archivo\/wp-json\/wp\/v2\/posts\/20550\/revisions\/20565"}],"wp:featuredmedia":[{"embeddable":true,"href":"https:\/\/morenoprimero.com.ar\/archivo\/wp-json\/wp\/v2\/media\/20551"}],"wp:attachment":[{"href":"https:\/\/morenoprimero.com.ar\/archivo\/wp-json\/wp\/v2\/media?parent=20550"}],"wp:term":[{"taxonomy":"category","embeddable":true,"href":"https:\/\/morenoprimero.com.ar\/archivo\/wp-json\/wp\/v2\/categories?post=20550"},{"taxonomy":"post_tag","embeddable":true,"href":"https:\/\/morenoprimero.com.ar\/archivo\/wp-json\/wp\/v2\/tags?post=20550"}],"curies":[{"name":"wp","href":"https:\/\/api.w.org\/{rel}","templated":true}]}}